{"id":1168,"date":"2016-05-12T15:05:50","date_gmt":"2016-05-12T14:05:50","guid":{"rendered":"http:\/\/unionpourlavienne.fr\/Union_Vienne_2016\/wordpress\/?p=1168"},"modified":"2017-04-07T15:02:28","modified_gmt":"2017-04-07T14:02:28","slug":"les-subventions-pour-le-canton-de-chauvigny-7","status":"publish","type":"post","link":"https:\/\/unionpourlavienne.fr\/Union_Vienne_2016\/wordpress\/les-subventions-pour-le-canton-de-chauvigny-7\/","title":{"rendered":"Les subventions pour le canton de Chauvigny"},"content":{"rendered":"<p><strong>LES SUBVENTIONS POUR LE CANTON DE CHAUVIGNY<\/strong><\/p>\n<p>Alain FOUCH\u00c9 et Isabelle BARREAU, Conseillers D\u00e9partementaux du Canton de Chauvigny, informent les habitants que les cr\u00e9dits et subventions accord\u00e9s par le Conseil D\u00e9partemental au b\u00e9n\u00e9fice des Communes, des associations et des particuliers du canton de Chauvigny lors de la session de mai 2016 se d\u00e9composent de la mani\u00e8re suivante :<\/p>\n<ul>\n<li><strong>160 \u20ac <\/strong>\u00e0 une famille au titre de l\u2019aide \u00e0 la scolarit\u00e9 \u2013 transport scolaire<\/li>\n<li>Au Centre Intercommunal d\u2019action sociale du Pays Chauvinois, <strong>2 500 \u20ac <\/strong>pour une aide \u00e0 la mobilit\u00e9 au titre de l\u2019insertion professionnelle et <strong>2 000 \u20ac <\/strong>pour l\u2019atelier cyclo pour l\u2019aide aux d\u00e9placements des jeunes en recherche d\u2019emploi<\/li>\n<li><strong>1 950 \u20ac <\/strong>\u00e0 la Communaut\u00e9 de Communes du Pays Chauvinois pour l\u2019\u00e9picerie sociale \u00ab Coup de pouce \u00bb<\/li>\n<li><strong>800 \u20ac <\/strong>\u00e0 l\u2019Association La Guilde d\u2019Harcourt pour l\u2019organisation de la 11<sup>\u00e8me<\/sup> \u00e9dition de la f\u00eate m\u00e9di\u00e9vale \u00e0 Chauvigny<\/li>\n<li><strong>350 \u20ac <\/strong>\u00e0 l\u2019Association des parents d\u2019\u00e9l\u00e8ves de Fleix, Lauthiers, Paizay Le Sec et Sainte Radegonde pour la diffusion culturelle du spectacle de magie<\/li>\n<li><strong>200 \u20ac <\/strong>\u00e0 l\u2019Association Chauvigny prend des couleurs pour l\u2019organisation de la 8\u00e8me \u00e9dition les peintres des rues<\/li>\n<li><strong>15 000 \u20ac <\/strong>\u00e0 l\u2019Association intercommunal de d\u00e9veloppement du Pays Chauvinois pour soutenir les actions de la Maison des Services Publics<\/li>\n<li><strong>60 000 \u20ac <\/strong>\u00e0 La Chapelle Viviers pour des travaux routiers de reprofilage aux enrob\u00e9s sur la d\u00e9partementale 116a<\/li>\n<li><strong>2 400 \u20ac <\/strong>\u00e0 Chauvigny pour travaux courants de r\u00e9paration sur le Mur de la Cit\u00e9 Renard (RD 951 A)<\/li>\n<li><strong>300 \u20ac <\/strong>\u00e0 l\u2019Association Les Harchers d\u2019Harcourt pour son fonctionnement<\/li>\n<li><strong>7 398 \u20ac <\/strong>pour des travaux d\u2019am\u00e9lioration du Centre d\u2019exploitation de la Direction des Routes de Chauvigny<\/li>\n<li>Dans le cadre de l\u2019accompagnement des communes et des territoires pour l\u2019investissement,<\/li>\n<li><strong>16 500 \u20ac <\/strong>\u00e0 La Chapelle Viviers pour des travaux de desserte des r\u00e9seaux<\/li>\n<li><strong>10 989 \u20ac <\/strong>\u00e0 Leignes sur Fontaine pour la r\u00e9fection des toitures de l\u2019\u00e9cole et de la cantine<\/li>\n<li><strong>13 000 \u20ac \u00e0 <\/strong>Paizay le Sec pour la mise en s\u00e9curit\u00e9 du carrefour route de Nalliers, <strong>5 278 \u20ac <\/strong>pour l\u2019enfouissement du r\u00e9seau d\u2019\u00e9clairage public, et<strong> 2 222 \u20ac <\/strong>pour la mise en conformit\u00e9 des \u00e9tablissements recevant du public.<\/li>\n<li><strong>15 153 \u20ac <\/strong>\u00e0 Valdivienne pour des travaux de r\u00e9novation des murs et portails du cimeti\u00e8re de Morthemer, <strong>6 000 \u20ac <\/strong>pour la r\u00e9fection de 2 courts de tennis et <strong>8 647 \u20ac <\/strong>pour des travaux de couverture sur un b\u00e2timent communal sur la place de Saint Martin la Rivi\u00e8re.<\/li>\n<\/ul>\n<p>&nbsp;<\/p>\n","protected":false},"excerpt":{"rendered":"<p>LES SUBVENTIONS POUR LE CANTON DE CHAUVIGNY Alain FOUCH\u00c9 et Isabelle BARREAU, Conseillers D\u00e9partementaux du Canton de Chauvigny, informent les<\/p>\n","protected":false},"author":1,"featured_media":1105,"comment_status":"closed","ping_status":"open","sticky":false,"template":"","format":"standard","meta":[],"categories":[72,92],"tags":[13,27],"_links":{"self":[{"href":"https:\/\/unionpourlavienne.fr\/Union_Vienne_2016\/wordpress\/wp-json\/wp\/v2\/posts\/1168"}],"collection":[{"href":"https:\/\/unionpourlavienne.fr\/Union_Vienne_2016\/wordpress\/wp-json\/wp\/v2\/posts"}],"about":[{"href":"https:\/\/unionpourlavienne.fr\/Union_Vienne_2016\/wordpress\/wp-json\/wp\/v2\/types\/post"}],"author":[{"embeddable":true,"href":"https:\/\/unionpourlavienne.fr\/Union_Vienne_2016\/wordpress\/wp-json\/wp\/v2\/users\/1"}],"replies":[{"embeddable":true,"href":"https:\/\/unionpourlavienne.fr\/Union_Vienne_2016\/wordpress\/wp-json\/wp\/v2\/comments?post=1168"}],"version-history":[{"count":1,"href":"https:\/\/unionpourlavienne.fr\/Union_Vienne_2016\/wordpress\/wp-json\/wp\/v2\/posts\/1168\/revisions"}],"predecessor-version":[{"id":1169,"href":"https:\/\/unionpourlavienne.fr\/Union_Vienne_2016\/wordpress\/wp-json\/wp\/v2\/posts\/1168\/revisions\/1169"}],"wp:featuredmedia":[{"embeddable":true,"href":"https:\/\/unionpourlavienne.fr\/Union_Vienne_2016\/wordpress\/wp-json\/wp\/v2\/media\/1105"}],"wp:attachment":[{"href":"https:\/\/unionpourlavienne.fr\/Union_Vienne_2016\/wordpress\/wp-json\/wp\/v2\/media?parent=1168"}],"wp:term":[{"taxonomy":"category","embeddable":true,"href":"https:\/\/unionpourlavienne.fr\/Union_Vienne_2016\/wordpress\/wp-json\/wp\/v2\/categories?post=1168"},{"taxonomy":"post_tag","embeddable":true,"href":"https:\/\/unionpourlavienne.fr\/Union_Vienne_2016\/wordpress\/wp-json\/wp\/v2\/tags?post=1168"}],"curies":[{"name":"wp","href":"https:\/\/api.w.org\/{rel}","templated":true}]}}