{"id":1204,"date":"2016-06-08T17:41:11","date_gmt":"2016-06-08T16:41:11","guid":{"rendered":"http:\/\/unionpourlavienne.fr\/Union_Vienne_2016\/wordpress\/?p=1204"},"modified":"2016-06-12T17:43:19","modified_gmt":"2016-06-12T16:43:19","slug":"presentation-des-travaux-de-refection-de-chaussee-sur-la-rd-749","status":"publish","type":"post","link":"https:\/\/unionpourlavienne.fr\/Union_Vienne_2016\/wordpress\/presentation-des-travaux-de-refection-de-chaussee-sur-la-rd-749\/","title":{"rendered":"Pr\u00e9sentation des travaux de r\u00e9fection de chauss\u00e9e sur la RD 749"},"content":{"rendered":"<p><em>Val\u00e9rie DAUGE, Premi\u00e8re Vice-pr\u00e9sidente et Alain PICHON, Vice-pr\u00e9sident, bin\u00f4me de Conseillers d\u00e9partementaux du canton de Ch\u00e2tellerault 2, ont pr\u00e9sent\u00e9 les travaux de r\u00e9fection de chauss\u00e9e r\u00e9alis\u00e9s au Nord du D\u00e9partement \u00e0 l&rsquo;entr\u00e9e de Ch\u00e2tellerault, hors agglom\u00e9ration. Ces r\u00e9fections font suite aux travaux de construction de la LGV SEA par COSEA.<\/em><\/p>\n<p><iframe src=\"http:\/\/unionpourlavienne.fr\/2016-06-08\/index.html\" style=\"width:700px;height:470px;max-width:100%;overflow:hidden;border:none;padding:0;margin:0 auto;display:block;\" marginheight=\"0\" marginwidth=\"0\"><\/iframe><\/p>\n<p>Le Conseil D\u00e9partemental a sign\u00e9 une convention avec le constructeur de la Ligne \u00e0 Grande Vitesse Sud Europe Atlantique (LGV SEA), pr\u00e9cisant que les travaux de r\u00e9paration sont pris en charge par COSEA sur la RD 749 au niveau des chauss\u00e9es endommag\u00e9es \u00e0 proximit\u00e9 du trac\u00e9 de la LGV, et que ceux pr\u00e9vus en marge de la RD 749 sont financ\u00e9s par le d\u00e9partement de la Vienne.<\/p>\n<p>Les r\u00e9parations prises en charge par COSEA sont d&rsquo;ores et d\u00e9j\u00e0 r\u00e9alis\u00e9es et le Conseil D\u00e9partemental proc\u00e8de actuellement aux travaux de r\u00e9fection de chauss\u00e9e sur 13 km au niveau des communes de Saint-Gervais-les-Trois-Clochers, Antran, Thur\u00e9, Usseau et Ch\u00e2tellerault.<\/p>\n<p>Val\u00e9rie DAUGE a pr\u00e9cis\u00e9 que \u00ab\u00a0<em>les travaux sont confi\u00e9s \u00e0 l&rsquo;entreprise COLAS Centre Ouest et concernent l&rsquo;application de 9 700 tonnes d&rsquo;enrob\u00e9s ti\u00e8de sous forme d&rsquo;une couche de roulement neuve<\/em>\u00ab\u00a0.<\/p>\n<p>Cette op\u00e9ration permet ainsi d&rsquo;assurer la p\u00e9rennit\u00e9 de la chauss\u00e9e et apporte davantage de confort aux usagers circulant en grand nombre sur l&rsquo;axe Ch\u00e2tellerault-Richelieu, d&rsquo;autant plus que ces prestations sont mises en place sous forme d&rsquo;alternat de chantier afin de minimiser la g\u00eane.<\/p>\n<p>\u00ab\u00a0<em>Les travaux, qui s&rsquo;\u00e9l\u00e8vent \u00e0 650 000 \u20ac enti\u00e8rement financ\u00e9s par le D\u00e9partement, devraient s&rsquo;achever le 17 juin prochain <\/em>\u00a0\u00bb a conclu Alain PICHON.<\/p>\n<p>&nbsp;<\/p>\n<p>&nbsp;<\/p>\n","protected":false},"excerpt":{"rendered":"<p>Val\u00e9rie DAUGE et Alain PICHON ont pr\u00e9sent\u00e9 les travaux de r\u00e9fection de chauss\u00e9e r\u00e9alis\u00e9s au Nord du D\u00e9partement \u00e0 l&rsquo;entr\u00e9e de Ch\u00e2tellerault&#8230;<\/p>\n","protected":false},"author":1,"featured_media":1205,"comment_status":"closed","ping_status":"open","sticky":false,"template":"","format":"standard","meta":[],"categories":[86,63],"tags":[14,40],"_links":{"self":[{"href":"https:\/\/unionpourlavienne.fr\/Union_Vienne_2016\/wordpress\/wp-json\/wp\/v2\/posts\/1204"}],"collection":[{"href":"https:\/\/unionpourlavienne.fr\/Union_Vienne_2016\/wordpress\/wp-json\/wp\/v2\/posts"}],"about":[{"href":"https:\/\/unionpourlavienne.fr\/Union_Vienne_2016\/wordpress\/wp-json\/wp\/v2\/types\/post"}],"author":[{"embeddable":true,"href":"https:\/\/unionpourlavienne.fr\/Union_Vienne_2016\/wordpress\/wp-json\/wp\/v2\/users\/1"}],"replies":[{"embeddable":true,"href":"https:\/\/unionpourlavienne.fr\/Union_Vienne_2016\/wordpress\/wp-json\/wp\/v2\/comments?post=1204"}],"version-history":[{"count":1,"href":"https:\/\/unionpourlavienne.fr\/Union_Vienne_2016\/wordpress\/wp-json\/wp\/v2\/posts\/1204\/revisions"}],"predecessor-version":[{"id":1206,"href":"https:\/\/unionpourlavienne.fr\/Union_Vienne_2016\/wordpress\/wp-json\/wp\/v2\/posts\/1204\/revisions\/1206"}],"wp:featuredmedia":[{"embeddable":true,"href":"https:\/\/unionpourlavienne.fr\/Union_Vienne_2016\/wordpress\/wp-json\/wp\/v2\/media\/1205"}],"wp:attachment":[{"href":"https:\/\/unionpourlavienne.fr\/Union_Vienne_2016\/wordpress\/wp-json\/wp\/v2\/media?parent=1204"}],"wp:term":[{"taxonomy":"category","embeddable":true,"href":"https:\/\/unionpourlavienne.fr\/Union_Vienne_2016\/wordpress\/wp-json\/wp\/v2\/categories?post=1204"},{"taxonomy":"post_tag","embeddable":true,"href":"https:\/\/unionpourlavienne.fr\/Union_Vienne_2016\/wordpress\/wp-json\/wp\/v2\/tags?post=1204"}],"curies":[{"name":"wp","href":"https:\/\/api.w.org\/{rel}","templated":true}]}}