{"id":1237,"date":"2016-06-09T10:57:22","date_gmt":"2016-06-09T09:57:22","guid":{"rendered":"http:\/\/unionpourlavienne.fr\/Union_Vienne_2016\/wordpress\/?p=1237"},"modified":"2016-06-28T11:16:23","modified_gmt":"2016-06-28T10:16:23","slug":"signature-convention-de-partenariat-entre-linstitut-international-joel-robuchon-et-lecole-hoteliere-de-lausanne","status":"publish","type":"post","link":"https:\/\/unionpourlavienne.fr\/Union_Vienne_2016\/wordpress\/signature-convention-de-partenariat-entre-linstitut-international-joel-robuchon-et-lecole-hoteliere-de-lausanne\/","title":{"rendered":"Signature convention de partenariat entre l\u2019Institut International Jo\u00ebl Robuchon et l\u2019Ecole H\u00f4teli\u00e8re de Lausanne"},"content":{"rendered":"<p><em>C\u2019est sous le patronage de <strong>Jean-Pierre RAFFARIN<\/strong>, ancien Premier Ministre et S\u00e9nateur de la Vienne, et en pr\u00e9sence d\u2019<strong>Yves BOULOUX<\/strong>, Maire de Montmorillon, de <strong>Bruno<\/strong> <strong>belin,<\/strong> Pr\u00e9sident du Conseil d\u00e9partemental de la Vienne, de <strong>Guillaume de RUSS\u00c9<\/strong>, Conseiller d\u00e9partemental du canton de Montmorillon, de nombreux \u00e9lus locaux, et des investisseurs chinois <strong>Ping Li<\/strong> et <strong>Zhong Wu,<\/strong> que <strong>Jo\u00ebl Robuchon<\/strong> et <strong>Michel ROCHAT, <\/strong>Directeur de l\u2019Ecole H\u00f4teli\u00e8re de Lausanne, ont sign\u00e9, ce jeudi 9 juin dernier dans la chapelle Saint-Laurent de la Maison-Dieu de Montmorillon, une convention de partenariat liant le futur Institut International Jo\u00ebl Robuchon et l\u2019\u00e9tablissement suisse.<\/em><\/p>\n<p><iframe loading=\"lazy\" style=\"width: 700px; height: 470px; max-width: 100%; overflow: hidden; border: none; padding: 0; margin: 0 auto; display: block;\" src=\"http:\/\/unionpourlavienne.fr\/2016-06-09\/index.html\" width=\"300\" height=\"150\" marginwidth=\"0\" marginheight=\"0\"><\/iframe><\/p>\n<p>Ce partenariat renforce le projet ambitieux de l\u2019IIJR et fait na\u00eetre, selon <strong>Michel ROCHAT<\/strong> \u00ab\u00a0<em>une association de comp\u00e9tences exceptionnelles unique au monde\u00a0<\/em>\u00bb qui permettra d\u2019offrir un enseignement pratique et acad\u00e9mique sans pr\u00e9c\u00e9dent.<\/p>\n<p>Le ton est donc donn\u00e9\u00a0: l\u2019excellence, l\u2019ouverture sur le monde, la transmission de savoir-faire sont donc les objectifs affich\u00e9s du projet p\u00e9dagogique de l\u2019IIJR pour r\u00e9pondre aux exigences et \u00e0 la qualit\u00e9 des grandes tables de demain.<\/p>\n<p>Cet accord donne un signal tr\u00e8s fort des ambitions que se fixent l\u2019IIJR et s\u2019appuie non seulement sur l\u2019exp\u00e9rience, le savoir-faire et le talent d\u2019un Jo\u00ebl Robuchon connu et reconnu, mais aussi sur l\u2019excellente r\u00e9putation internationale de l\u2019\u00c9cole H\u00f4teli\u00e8re de Lausanne, fleuron des \u00e9coles de management de l\u2019accueil, dont les m\u00e9thodes d\u2019enseignement acad\u00e9mique et le mod\u00e8le p\u00e9dagogique ont \u00e9t\u00e9 \u00e9prouv\u00e9s par une exp\u00e9rience longue de 120 ans.<\/p>\n<p><strong>Jo\u00ebl ROBUCHON<\/strong> a \u00e9galement rappel\u00e9 son attachement au territoire de la Vienne en disant combien il est important pour lui de \u00ab\u00a0<em>b\u00e2tir une grande \u00e9cole de gastronomie et d\u2019h\u00f4tellerie ancr\u00e9e dans un terroir, celui de <\/em>[son]<em> pays, Montmorillon, et combien transmettre <\/em>[son]<em> savoir-faire dans un tel \u00e9crin, ce lieu de r\u00eave, comme un ma\u00eetre \u00e0 son disciple, est un accomplissement aussi bien en tant que chef qu\u2019en tant qu\u2019homme\u00a0<\/em>\u00bb.<\/p>\n<p><strong>Bruno BELIN<\/strong> a, quant \u00e0 lui, d\u00e9clar\u00e9 que le D\u00e9partement de la Vienne est heureux et fier de participer \u00e0 cette tr\u00e8s belle aventure et a assur\u00e9 que les jeunes de la Vienne, qui, il l\u2019esp\u00e8re, se pr\u00e9senteront nombreux, pourront \u00e9videmment b\u00e9n\u00e9ficier de ce projet.<\/p>\n<p>&nbsp;<\/p>\n","protected":false},"excerpt":{"rendered":"<p>C\u2019est sous le patronage de Jean-Pierre RAFFARIN et en pr\u00e9sence d\u2019Yves BOULOUX, de Bruno BELIN, de Guillaume de RUSS\u00c9 que Jo\u00ebl ROBUCHON et Michel ROCHAT, Directeur de l\u2019Ecole H\u00f4teli\u00e8re de Lausanne, ont sign\u00e9, ce jeudi 9 juin dernier dans la chapelle Saint-Laurent de la Maison-Dieu de Montmorillon, une convention de partenariat liant le futur Institut International Jo\u00ebl Robuchon et l\u2019\u00e9tablissement suisse&#8230;<\/p>\n","protected":false},"author":1,"featured_media":1238,"comment_status":"closed","ping_status":"open","sticky":false,"template":"","format":"standard","meta":[],"categories":[1,68,79],"tags":[19,25],"_links":{"self":[{"href":"https:\/\/unionpourlavienne.fr\/Union_Vienne_2016\/wordpress\/wp-json\/wp\/v2\/posts\/1237"}],"collection":[{"href":"https:\/\/unionpourlavienne.fr\/Union_Vienne_2016\/wordpress\/wp-json\/wp\/v2\/posts"}],"about":[{"href":"https:\/\/unionpourlavienne.fr\/Union_Vienne_2016\/wordpress\/wp-json\/wp\/v2\/types\/post"}],"author":[{"embeddable":true,"href":"https:\/\/unionpourlavienne.fr\/Union_Vienne_2016\/wordpress\/wp-json\/wp\/v2\/users\/1"}],"replies":[{"embeddable":true,"href":"https:\/\/unionpourlavienne.fr\/Union_Vienne_2016\/wordpress\/wp-json\/wp\/v2\/comments?post=1237"}],"version-history":[{"count":1,"href":"https:\/\/unionpourlavienne.fr\/Union_Vienne_2016\/wordpress\/wp-json\/wp\/v2\/posts\/1237\/revisions"}],"predecessor-version":[{"id":1239,"href":"https:\/\/unionpourlavienne.fr\/Union_Vienne_2016\/wordpress\/wp-json\/wp\/v2\/posts\/1237\/revisions\/1239"}],"wp:featuredmedia":[{"embeddable":true,"href":"https:\/\/unionpourlavienne.fr\/Union_Vienne_2016\/wordpress\/wp-json\/wp\/v2\/media\/1238"}],"wp:attachment":[{"href":"https:\/\/unionpourlavienne.fr\/Union_Vienne_2016\/wordpress\/wp-json\/wp\/v2\/media?parent=1237"}],"wp:term":[{"taxonomy":"category","embeddable":true,"href":"https:\/\/unionpourlavienne.fr\/Union_Vienne_2016\/wordpress\/wp-json\/wp\/v2\/categories?post=1237"},{"taxonomy":"post_tag","embeddable":true,"href":"https:\/\/unionpourlavienne.fr\/Union_Vienne_2016\/wordpress\/wp-json\/wp\/v2\/tags?post=1237"}],"curies":[{"name":"wp","href":"https:\/\/api.w.org\/{rel}","templated":true}]}}