{"id":1333,"date":"2016-07-07T07:46:25","date_gmt":"2016-07-07T06:46:25","guid":{"rendered":"http:\/\/unionpourlavienne.fr\/Union_Vienne_2016\/wordpress\/?p=1333"},"modified":"2017-04-07T15:02:09","modified_gmt":"2017-04-07T14:02:09","slug":"les-subventions-pour-le-canton-de-chauvigny-8","status":"publish","type":"post","link":"https:\/\/unionpourlavienne.fr\/Union_Vienne_2016\/wordpress\/les-subventions-pour-le-canton-de-chauvigny-8\/","title":{"rendered":"Les subventions pour le canton de Chauvigny"},"content":{"rendered":"<p><strong>\u00a0\u00a0\u00a0\u00a0\u00a0\u00a0\u00a0\u00a0\u00a0\u00a0\u00a0 <\/strong>Alain FOUCH\u00c9 et Isabelle BARREAU, Conseillers D\u00e9partementaux du Canton de Chauvigny, informent les habitants que les cr\u00e9dits et subventions accord\u00e9s par le Conseil D\u00e9partemental au b\u00e9n\u00e9fice des Communes, des associations et des particuliers du canton de Chauvigny lors de la session de Juillet 2016 se d\u00e9composent de la mani\u00e8re suivante\u00a0:<\/p>\n<h3>Secteur de Chauvigny<\/h3>\n<ul>\n<li><strong>2\u00a0300 \u20ac <\/strong>au Coll\u00e8ge G\u00e9rard Philipe pour le remplacement du portail de l\u2019acc\u00e8s de livraison<\/li>\n<li><strong>350\u00a0000 \u20ac<\/strong> pour l\u2019acquisition par le D\u00e9partement de l\u2019immeuble b\u00e2ti au t\u00e9l\u00e9port 7 \u00e0 Chauvigny pour le transfert de la Maison D\u00e9partementale des Solidarit\u00e9s. La MDS, implant\u00e9e Rue Faideau conservera un local avec une permanence assur\u00e9e. Les nouveaux locaux accueilleront aussi le service de la Petite Enfance de Poitiers, avec une quarantaine de personnels.<\/li>\n<li><strong>10\u00a0000 \u20ac <\/strong>\u00e0 l\u2019Association Intercommunale du Pays Chauvinois pour le financement d\u2019un poste d\u2019animateur \u00e9conomique<\/li>\n<li><strong>46\u00a0800 \u20ac <\/strong>\u00e0 Valdivienne pour la r\u00e9alisation de rev\u00eatements de chauss\u00e9es sur la route de Lussac<\/li>\n<li><strong>1\u00a0000 \u20ac <\/strong>\u00e0 la Soci\u00e9t\u00e9 de recherches arch\u00e9ologiques du pays chauvinois pour l\u2019organisation du Dimanche du patrimoine<\/li>\n<li><strong>3\u00a0500 \u20ac<\/strong> \u00e0 La Compagnie Alice de Lux pour un soutien aux actions de m\u00e9diation en Vienne<\/li>\n<li><strong>100 \u20ac<\/strong> \u00e0 l\u2019Association Bourse aux V\u00eatements chauvinoise pour son fonctionnement<\/li>\n<li><strong>300 \u20ac<\/strong> pour le Comit\u00e9 des F\u00eates de Leignes sur Fontaine pour l\u2019organisation de la F\u00eate de la musique<\/li>\n<li><strong>400 \u20ac<\/strong> pour la Maison des Jeunes et de la Culture de Chauvigny pour l\u2019organisation du 1<sup>er<\/sup> Printemps des po\u00e8tes de Chauvigny<\/li>\n<li><strong>1\u00a0982,03 \u20ac<\/strong> \u00e0 l\u2019Harmonie Musicale de Chauvigny pour l\u2019achat d\u2019instruments<\/li>\n<li><strong>800 \u20ac <\/strong>\u00e0 Valentin GIRAUD, sportif de haut niveau, inscrit au Moto Club Chauvinois pour sa participation \u00e0 des comp\u00e9titions<\/li>\n<li><strong>800 \u20ac <\/strong>d\u2019aides \u00e0 des particuliers pour l\u2019am\u00e9lioration de l\u2019habitat, dans le cadre du programme \u00ab\u00a0Habiter Mieux\u00a0\u00bb<\/li>\n<li><strong>650 \u20ac <\/strong>\u00e0 un propri\u00e9taire occupant retrait\u00e9 pour la r\u00e9novation de l\u2019habitat<\/li>\n<li><strong>6\u00a0230 \u20ac <\/strong>\u00e0 la Radio Echo des Choucas au titre d\u2019une action de partenariat<\/li>\n<\/ul>\n<ul>\n<li>Dans le cadre de la r\u00e9partition du Fonds D\u00e9partemental de P\u00e9r\u00e9quation de la Taxe Professionnelle (FDPTP) pour \u00ab\u00a0les collectivit\u00e9s d\u00e9favoris\u00e9es\u00a0\u00bb, elle comprend notamment la taxe de la centrale nucl\u00e9aire, r\u00e9partie par le Conseil D\u00e9partemental\u00a0:\n<ul>\n<li>FLEIX\u00a0: <strong>25\u00a0500,91 \u20ac<\/strong><\/li>\n<li>LAUTHIERS\u00a0: <strong>24\u00a0284,31 \u20ac<\/strong><\/li>\n<li>LEIGNES SUR FONTAINE\u00a0: <strong>29\u00a0098,23 \u20ac<\/strong><\/li>\n<li>PAIZAY LE SEC\u00a0: <strong>28 980,45 \u20ac<\/strong><\/li>\n<li>SAINTE RADEGONDE\u00a0: <strong>21\u00a0693,78 \u20ac<\/strong><\/li>\n<li>Communaut\u00e9 de Communes du Pays Chauvinois\u00a0: <strong>182\u00a0679,50 \u20ac.<\/strong><\/li>\n<\/ul>\n<\/li>\n<\/ul>\n<p>&nbsp;<\/p>\n<h3><strong>Secteur de Bonneuil-Matours\u00a0<\/strong><\/h3>\n<ul>\n<li><strong>18 000 \u20ac <\/strong>au Coll\u00e8ge Camille Gu\u00e9rin pour l\u2019installation d\u2019un tron\u00e7on de cl\u00f4ture occultante en limite de propri\u00e9t\u00e9<\/li>\n<li><strong>1\u00a0500 \u20ac <\/strong>aux Cousins Acadiens du Poitou pour la c\u00e9l\u00e9bration de la f\u00eate nationale des acadiens, le 15 ao\u00fbt \u00e0 la ferme d\u2019Archigny<\/li>\n<li><strong>630 \u20ac<\/strong> au CCAS de Monthoiron pour la diffusion culturelle du spectacle \u00ab\u00a0Le Roi nu ou la farce de l\u2019enfant roi\u00a0\u00bb pr\u00e9sent\u00e9 par \u2018Sauve qui peut\u2019<\/li>\n<li><strong>400 \u20ac<\/strong> \u00e0 l\u2019Association Fran\u00e7ois Henri Clicquot de Vouneuil Sur Vienne pour la mise en place de la programmation musicale 2016<\/li>\n<li><strong>1\u00a0500 \u20ac <\/strong>au foyer d\u2019\u00e9ducation et de loisirs de Vouneuil sur Vienne pour son fonctionnement<\/li>\n<li><strong>1 500 \u20ac <\/strong>d\u2019aides \u00e0 des particuliers pour l\u2019am\u00e9lioration de l\u2019habitat, dans le cadre du programme \u00ab\u00a0Habiter Mieux\u00a0\u00bb<\/li>\n<li><strong>650 \u20ac <\/strong>\u00e0 un propri\u00e9taire occupant retrait\u00e9 pour la r\u00e9novation de l\u2019habitat<\/li>\n<li><strong>449 \u20ac<\/strong> \u00e0 des habitants, pour une aide \u00e0 l\u2019installation d\u2019un kit d\u2019acc\u00e8s \u00e0 Internet haut d\u00e9bit par le satellite<\/li>\n<li><strong>5\u00a0304 \u20ac<\/strong> \u00e0 des habitants, dans le cadre de travaux de lutte contre la pr\u00e9carit\u00e9 \u00e9nerg\u00e9tique<\/li>\n<li>Dans le cadre de la r\u00e9partition du Fonds D\u00e9partemental de P\u00e9r\u00e9quation de la Taxe Professionnelle (FDPTP) pour \u00ab\u00a0les collectivit\u00e9s d\u00e9favoris\u00e9es\u00a0\u00bb\u00a0:\n<ul>\n<li>ARCHIGNY\u00a0: 11\u00a0110 \u20ac<\/li>\n<li>BELLEFONDS\u00a0: 22\u00a0802,69<strong> \u20ac<\/strong><\/li>\n<li>MONTHOIRON\u00a0: 26\u00a0288.33<strong> \u20ac<\/strong><\/li>\n<li>VOUNEUIL SUR VIENNE\u00a0: 8\u00a0477\u20ac<\/li>\n<\/ul>\n<\/li>\n<\/ul>\n<p>&nbsp;<\/p>\n<p>&nbsp;<\/p>\n","protected":false},"excerpt":{"rendered":"<p>\u00a0\u00a0\u00a0\u00a0\u00a0\u00a0\u00a0\u00a0\u00a0\u00a0\u00a0 Alain FOUCH\u00c9 et Isabelle BARREAU, Conseillers D\u00e9partementaux du Canton de Chauvigny, informent les habitants que les cr\u00e9dits et subventions<\/p>\n","protected":false},"author":1,"featured_media":1282,"comment_status":"closed","ping_status":"open","sticky":false,"template":"","format":"standard","meta":[],"categories":[1,72,92],"tags":[13,27],"_links":{"self":[{"href":"https:\/\/unionpourlavienne.fr\/Union_Vienne_2016\/wordpress\/wp-json\/wp\/v2\/posts\/1333"}],"collection":[{"href":"https:\/\/unionpourlavienne.fr\/Union_Vienne_2016\/wordpress\/wp-json\/wp\/v2\/posts"}],"about":[{"href":"https:\/\/unionpourlavienne.fr\/Union_Vienne_2016\/wordpress\/wp-json\/wp\/v2\/types\/post"}],"author":[{"embeddable":true,"href":"https:\/\/unionpourlavienne.fr\/Union_Vienne_2016\/wordpress\/wp-json\/wp\/v2\/users\/1"}],"replies":[{"embeddable":true,"href":"https:\/\/unionpourlavienne.fr\/Union_Vienne_2016\/wordpress\/wp-json\/wp\/v2\/comments?post=1333"}],"version-history":[{"count":1,"href":"https:\/\/unionpourlavienne.fr\/Union_Vienne_2016\/wordpress\/wp-json\/wp\/v2\/posts\/1333\/revisions"}],"predecessor-version":[{"id":1334,"href":"https:\/\/unionpourlavienne.fr\/Union_Vienne_2016\/wordpress\/wp-json\/wp\/v2\/posts\/1333\/revisions\/1334"}],"wp:featuredmedia":[{"embeddable":true,"href":"https:\/\/unionpourlavienne.fr\/Union_Vienne_2016\/wordpress\/wp-json\/wp\/v2\/media\/1282"}],"wp:attachment":[{"href":"https:\/\/unionpourlavienne.fr\/Union_Vienne_2016\/wordpress\/wp-json\/wp\/v2\/media?parent=1333"}],"wp:term":[{"taxonomy":"category","embeddable":true,"href":"https:\/\/unionpourlavienne.fr\/Union_Vienne_2016\/wordpress\/wp-json\/wp\/v2\/categories?post=1333"},{"taxonomy":"post_tag","embeddable":true,"href":"https:\/\/unionpourlavienne.fr\/Union_Vienne_2016\/wordpress\/wp-json\/wp\/v2\/tags?post=1333"}],"curies":[{"name":"wp","href":"https:\/\/api.w.org\/{rel}","templated":true}]}}