{"id":1382,"date":"2016-09-07T12:53:15","date_gmt":"2016-09-07T11:53:15","guid":{"rendered":"http:\/\/unionpourlavienne.fr\/Union_Vienne_2016\/wordpress\/?p=1382"},"modified":"2016-09-08T13:10:25","modified_gmt":"2016-09-08T12:10:25","slug":"presentation-de-la-12e-edition-du-festival-les-vacances-de-monsieur-haydn","status":"publish","type":"post","link":"https:\/\/unionpourlavienne.fr\/Union_Vienne_2016\/wordpress\/presentation-de-la-12e-edition-du-festival-les-vacances-de-monsieur-haydn\/","title":{"rendered":"Pr\u00e9sentation de la 12<sup>e<\/sup> \u00e9dition du festival \u00ab\u00a0Les vacances de Monsieur Haydn\u00a0\u00bb"},"content":{"rendered":"<p><em>Rose-Marie BERTAUD, Vice-pr\u00e9sidente du Conseil d\u00e9partemental, Rapporteur de la commission de la Culture et de l&rsquo;Ev\u00e9nementiel, et Pascale MOREAU, Maire de la Roche-Posay, ont pr\u00e9sent\u00e9 la douzi\u00e8me \u00e9dition du festival \u00ab\u00a0Les vacances de Monsieur Haydn\u00a0\u00bb en pr\u00e9sence de J\u00e9r\u00f4me PERNOO, Directeur Artistique, et Enora CONAN, Directrice Ex\u00e9cutive de l&rsquo;association. Ce festival international de musique de chambre se d\u00e9roulera du 16 au 18 septembre 2016 \u00e0 La Roche-Posay.<\/em><\/p>\n<p><img loading=\"lazy\" class=\"aligncenter wp-image-1383\" src=\"https:\/\/unionpourlavienne.fr\/Union_Vienne_2016\/wordpress\/wp-content\/uploads\/2016\/09\/img145.jpg\" alt=\"img145\" width=\"500\" height=\"720\" srcset=\"https:\/\/unionpourlavienne.fr\/Union_Vienne_2016\/wordpress\/wp-content\/uploads\/2016\/09\/img145.jpg 1175w, https:\/\/unionpourlavienne.fr\/Union_Vienne_2016\/wordpress\/wp-content\/uploads\/2016\/09\/img145-208x300.jpg 208w, https:\/\/unionpourlavienne.fr\/Union_Vienne_2016\/wordpress\/wp-content\/uploads\/2016\/09\/img145-768x1105.jpg 768w, https:\/\/unionpourlavienne.fr\/Union_Vienne_2016\/wordpress\/wp-content\/uploads\/2016\/09\/img145-712x1024.jpg 712w\" sizes=\"(max-width: 500px) 100vw, 500px\" \/><\/p>\n<p>\u00ab\u00a0<em>Monsieur Haydn nous invite cette ann\u00e9e \u00e0 contempler la vo\u00fbte c\u00e9leste. Il nous prom\u00e8ne de \u00ab\u00a0La Sonate au Clair de Lune\u00a0\u00bb de Beethoven, \u00e0 \u00ab\u00a0La Nuit d&rsquo;Etoiles\u00a0\u00bb de Debussy, en passant par ses Quatuors du soleil et \u00ab\u00a0Mein sch\u00f6ner Stern\u00a0\u00bb de Schumann<\/em>\u00a0\u00bb a introduit Rose-Marie BERTAUD en pr\u00e9cisant que ce festival permet \u00e0 tous les publics d&rsquo;acc\u00e9der \u00e0 la musique classique.<\/p>\n<p>Pascale MOREAU est pour sa part doublement heureuse en qualit\u00e9 de Vice-pr\u00e9sidente du Conseil d\u00e9partemental qui soutient crescendo cette manifestation repr\u00e9sentant un \u00e9v\u00e9nement fort de notre territoire. \u00ab\u00a0<em>Il participe activement \u00e0 la promotion de notre D\u00e9partement car il est relay\u00e9 par France-Musique et France Inter. C&rsquo;est l&rsquo;excellence dans la simplicit\u00e9 de par l&rsquo;accessibilit\u00e9 des artistes et \u00e0 tous les m\u00e9lomanes ! Monsieur Haydn se met \u00e0 l&rsquo;heure des coll\u00e9giens, des cr\u00e8ches et des commer\u00e7ants. Il y a une ambiance particuli\u00e8re dont nous sommes tr\u00e8s fiers et une appropriation du festival par la population locale<\/em>.\u00a0\u00bb<\/p>\n<p><iframe loading=\"lazy\" style=\"width: 700px; height: 470px; max-width: 100%; overflow: hidden; border: none; padding: 0; margin: 0 auto; display: block;\" src=\"http:\/\/unionpourlavienne.fr\/2016-09-07\/index.html\" width=\"300\" height=\"150\" marginwidth=\"0\" marginheight=\"0\"><\/iframe><\/p>\n<p>J\u00e9r\u00f4me PERNOO a \u00e9t\u00e9 touch\u00e9 par l&rsquo;ancrage du festival dans le territoire<em> : \u00ab\u00a0On fait des choses s\u00e9rieusement sans se prendre au s\u00e9rieux ! Cette ambiance suscite des vocations de m\u00e9lomanes. Nous avons la chance de pouvoir jouer des \u0153uvres d&rsquo;art qui traversent le temps et nous construisent. Le r\u00f4le du festival est de simplifier l&rsquo;acc\u00e8s \u00e0 cette r\u00e9sonance artistique et de favoriser l&rsquo;ascension musicale\u00a0\u00bb. <\/em>Le festival a en effet permis l&rsquo;\u00e9mergence de jeunes artistes. \u00ab\u00a0<em>On vit un tournant esth\u00e9tique dans l&rsquo;histoire de l&rsquo;art et on peut \u00e9couter de jeunes compositeurs autour de chefs-d&rsquo;\u0153uvre d&rsquo;aujourd&rsquo;hui<\/em>\u00a0\u00bb a-t-il confirm\u00e9.<\/p>\n<p>Les concerts sont organis\u00e9s dans des lieux de prestige comme le Casino ou de receuil comme l&rsquo;Eglise et m\u00eame dans le Gymnase qui b\u00e9n\u00e9ficie d&rsquo;une merveilleuse logistique permettant de cr\u00e9er un lieu magique.<\/p>\n<p>Les <strong><a href=\"https:\/\/unionpourlavienne.fr\/Union_Vienne_2016\/wordpress\/wp-content\/uploads\/2016\/09\/Programme.png\" target=\"_blank\">68 concerts<\/a><\/strong>, dont 8 en festival IN et 60 gratuits de 20 minutes en festival OFF, et les 62 musiciens pr\u00e9sents dont 12 parmi les plus grands noms de la musique de chambre, sont un v\u00e9ritable moteur de l&rsquo;attractivit\u00e9 du territoire pendant ce week-end par ailleurs jumel\u00e9 avec les journ\u00e9es aux europ\u00e9ennes du patrimoine et les 30ans du Golf de ville thermale. \u00ab\u00a0<em>60\u00a0000 \u20ac de chiffre d&rsquo;affaires sont inject\u00e9s dans la vie locale par l&rsquo;activit\u00e9 du festival<\/em>\u00a0\u00bb a pr\u00e9cis\u00e9 Enora CONAN.\u00a0\u00bb <em>Nous accueillerons en effet 5 000 spectateurs sur trois jours<\/em>\u00ab\u00a0.<\/p>\n<p><iframe loading=\"lazy\" frameborder=\"0\" width=\"800\" height=\"448\" src=\"https:\/\/www.dailymotion.com\/embed\/video\/x4shd3n\" allowfullscreen><\/iframe><\/p>\n<p>\u00ab\u00a0<em>Le d\u00e9partement soutient ce festival avec un bel exemple de culture en milieu rural accessible \u00e0 tous publics. On cr\u00e9e du lien social aupr\u00e8s des familles et des jeunes, et on d\u00e9veloppe l&rsquo;\u00e9conomie rurale<\/em>\u00a0\u00bb a conclu Rose-Marie BERTAUD.<\/p>\n<p>&nbsp;<\/p>\n<p>&nbsp;<\/p>\n","protected":false},"excerpt":{"rendered":"<p>Rose-Marie BERTAUD et Pascale MOREAU ont pr\u00e9sent\u00e9 la douzi\u00e8me \u00e9dition du festival \u00ab\u00a0Les vacances de Monsieur Haydn\u00a0\u00bb&#8230;<\/p>\n","protected":false},"author":1,"featured_media":1385,"comment_status":"closed","ping_status":"open","sticky":false,"template":"","format":"standard","meta":[],"categories":[71,66],"tags":[36,37],"_links":{"self":[{"href":"https:\/\/unionpourlavienne.fr\/Union_Vienne_2016\/wordpress\/wp-json\/wp\/v2\/posts\/1382"}],"collection":[{"href":"https:\/\/unionpourlavienne.fr\/Union_Vienne_2016\/wordpress\/wp-json\/wp\/v2\/posts"}],"about":[{"href":"https:\/\/unionpourlavienne.fr\/Union_Vienne_2016\/wordpress\/wp-json\/wp\/v2\/types\/post"}],"author":[{"embeddable":true,"href":"https:\/\/unionpourlavienne.fr\/Union_Vienne_2016\/wordpress\/wp-json\/wp\/v2\/users\/1"}],"replies":[{"embeddable":true,"href":"https:\/\/unionpourlavienne.fr\/Union_Vienne_2016\/wordpress\/wp-json\/wp\/v2\/comments?post=1382"}],"version-history":[{"count":1,"href":"https:\/\/unionpourlavienne.fr\/Union_Vienne_2016\/wordpress\/wp-json\/wp\/v2\/posts\/1382\/revisions"}],"predecessor-version":[{"id":1386,"href":"https:\/\/unionpourlavienne.fr\/Union_Vienne_2016\/wordpress\/wp-json\/wp\/v2\/posts\/1382\/revisions\/1386"}],"wp:featuredmedia":[{"embeddable":true,"href":"https:\/\/unionpourlavienne.fr\/Union_Vienne_2016\/wordpress\/wp-json\/wp\/v2\/media\/1385"}],"wp:attachment":[{"href":"https:\/\/unionpourlavienne.fr\/Union_Vienne_2016\/wordpress\/wp-json\/wp\/v2\/media?parent=1382"}],"wp:term":[{"taxonomy":"category","embeddable":true,"href":"https:\/\/unionpourlavienne.fr\/Union_Vienne_2016\/wordpress\/wp-json\/wp\/v2\/categories?post=1382"},{"taxonomy":"post_tag","embeddable":true,"href":"https:\/\/unionpourlavienne.fr\/Union_Vienne_2016\/wordpress\/wp-json\/wp\/v2\/tags?post=1382"}],"curies":[{"name":"wp","href":"https:\/\/api.w.org\/{rel}","templated":true}]}}