{"id":1450,"date":"2016-09-08T11:06:40","date_gmt":"2016-09-08T10:06:40","guid":{"rendered":"http:\/\/unionpourlavienne.fr\/Union_Vienne_2016\/wordpress\/?p=1450"},"modified":"2017-04-07T15:02:09","modified_gmt":"2017-04-07T14:02:09","slug":"les-subventions-pour-le-canton-de-chatellerault-1-3","status":"publish","type":"post","link":"https:\/\/unionpourlavienne.fr\/Union_Vienne_2016\/wordpress\/les-subventions-pour-le-canton-de-chatellerault-1-3\/","title":{"rendered":"Les subventions pour le canton de ch\u00e2tellerault-1"},"content":{"rendered":"<p>Anne-Florence BOURAT, Conseill\u00e8re D\u00e9partementale d\u00e9l\u00e9gu\u00e9e aupr\u00e8s du Pr\u00e9sident charg\u00e9e des Politiques de Sant\u00e9 et Henri COLIN, 2<sup>e<\/sup> Vice-Pr\u00e9sident du Conseil D\u00e9partemental charg\u00e9 de l\u2019Education, des Coll\u00e8ges, des B\u00e2timents, des Transports et des Relations avec l\u2019Universit\u00e9, informent les habitants que les subventions accord\u00e9es par le Conseil D\u00e9partemental, au b\u00e9n\u00e9fice des communes, des associations et des particuliers du canton de Ch\u00e2tellerault-1 lors de la Commission Permanente, se d\u00e9composent de la mani\u00e8re suivante\u00a0:<\/p>\n<ul>\n<li><strong>1 646 \u20ac<\/strong> dans le cadre du Programme \u00ab\u00a0Habiter Mieux\u00a0\u00bb, r\u00e9partis entre 4 familles du canton,<\/li>\n<li><strong>300 \u20ac<\/strong> dans le cadre du Fonds Cantonal d\u2019Animation Locale, pour l\u2019Association Ch\u00e2tellerault Rugby Athl\u00e9tique Club,<\/li>\n<li><strong>300 \u20ac<\/strong> dans le cadre du Fonds Cantonal d\u2019Animation Locale, pour l\u2019Association Ch\u00e2tellerault Objectif Photo.<\/li>\n<\/ul>\n<p>&nbsp;<\/p>\n<p>Dans le cadre du Volet 3 du dispositif d\u2019Accompagnement des Communes et des Territoires pour l\u2019Investissement dans la Vienne (ACTIV)\u00a0:<\/p>\n<ul>\n<li><strong>22 400 \u20ac<\/strong> \u00e0 la commune de Saint Genest d\u2019Ambi\u00e8re pour l\u2019am\u00e9nagement d\u2019une nouvelle classe,<\/li>\n<li><strong>23\u00a0000 \u20ac <\/strong>la commune d\u2019Ouzilly, pour la cr\u00e9ation d\u2019un chemin pi\u00e9tonnier, route de Marigny.<\/li>\n<\/ul>\n<p>&nbsp;<\/p>\n","protected":false},"excerpt":{"rendered":"<p>Anne-Florence BOURAT, Conseill\u00e8re D\u00e9partementale d\u00e9l\u00e9gu\u00e9e aupr\u00e8s du Pr\u00e9sident charg\u00e9e des Politiques de Sant\u00e9 et Henri COLIN, 2e Vice-Pr\u00e9sident du Conseil<\/p>\n","protected":false},"author":1,"featured_media":1388,"comment_status":"closed","ping_status":"open","sticky":false,"template":"","format":"standard","meta":[],"categories":[87,92],"tags":[15,26],"_links":{"self":[{"href":"https:\/\/unionpourlavienne.fr\/Union_Vienne_2016\/wordpress\/wp-json\/wp\/v2\/posts\/1450"}],"collection":[{"href":"https:\/\/unionpourlavienne.fr\/Union_Vienne_2016\/wordpress\/wp-json\/wp\/v2\/posts"}],"about":[{"href":"https:\/\/unionpourlavienne.fr\/Union_Vienne_2016\/wordpress\/wp-json\/wp\/v2\/types\/post"}],"author":[{"embeddable":true,"href":"https:\/\/unionpourlavienne.fr\/Union_Vienne_2016\/wordpress\/wp-json\/wp\/v2\/users\/1"}],"replies":[{"embeddable":true,"href":"https:\/\/unionpourlavienne.fr\/Union_Vienne_2016\/wordpress\/wp-json\/wp\/v2\/comments?post=1450"}],"version-history":[{"count":1,"href":"https:\/\/unionpourlavienne.fr\/Union_Vienne_2016\/wordpress\/wp-json\/wp\/v2\/posts\/1450\/revisions"}],"predecessor-version":[{"id":1451,"href":"https:\/\/unionpourlavienne.fr\/Union_Vienne_2016\/wordpress\/wp-json\/wp\/v2\/posts\/1450\/revisions\/1451"}],"wp:featuredmedia":[{"embeddable":true,"href":"https:\/\/unionpourlavienne.fr\/Union_Vienne_2016\/wordpress\/wp-json\/wp\/v2\/media\/1388"}],"wp:attachment":[{"href":"https:\/\/unionpourlavienne.fr\/Union_Vienne_2016\/wordpress\/wp-json\/wp\/v2\/media?parent=1450"}],"wp:term":[{"taxonomy":"category","embeddable":true,"href":"https:\/\/unionpourlavienne.fr\/Union_Vienne_2016\/wordpress\/wp-json\/wp\/v2\/categories?post=1450"},{"taxonomy":"post_tag","embeddable":true,"href":"https:\/\/unionpourlavienne.fr\/Union_Vienne_2016\/wordpress\/wp-json\/wp\/v2\/tags?post=1450"}],"curies":[{"name":"wp","href":"https:\/\/api.w.org\/{rel}","templated":true}]}}