{"id":1696,"date":"2016-10-13T10:10:22","date_gmt":"2016-10-13T09:10:22","guid":{"rendered":"http:\/\/unionpourlavienne.fr\/Union_Vienne_2016\/wordpress\/?p=1696"},"modified":"2017-04-07T15:01:20","modified_gmt":"2017-04-07T14:01:20","slug":"les-subventions-pour-le-canton-de-chauvigny-11","status":"publish","type":"post","link":"https:\/\/unionpourlavienne.fr\/Union_Vienne_2016\/wordpress\/les-subventions-pour-le-canton-de-chauvigny-11\/","title":{"rendered":"Les subventions pour le canton de Chauvigny"},"content":{"rendered":"<p><strong>\u00a0\u00a0\u00a0\u00a0\u00a0\u00a0\u00a0\u00a0\u00a0\u00a0\u00a0 <\/strong>Alain FOUCH\u00c9 et Isabelle BARREAU, Conseillers D\u00e9partementaux du Canton de Chauvigny, informent les habitants que les cr\u00e9dits et subventions accord\u00e9s par le Conseil D\u00e9partemental au b\u00e9n\u00e9fice des Communes, des associations et des particuliers du canton de Chauvigny lors de la session d&rsquo;octobre 2016 se d\u00e9composent de la mani\u00e8re suivante\u00a0:<\/p>\n<ul>\n<li><strong>25\u00a0000 \u20ac <\/strong>pour les Rencontres Culturelles en Pays Chauvinois pour la saison 2016-2017<\/li>\n<li><strong>8\u00a0000 \u20ac <\/strong>\u00e0 la Communaut\u00e9 de Communes du Pays Chauvinois pour l\u2019organisation du festival \u00e9t\u00e9<\/li>\n<li><strong>1\u00a0000 \u20ac <\/strong>pour l\u2019Echo des Choucas pour le festival On Air<\/li>\n<li><strong>200 \u20ac <\/strong>pour l\u2019Outil en Main pour le fonctionnement<\/li>\n<li><strong>200 \u20ac <\/strong>pour Pictabook 86 pour l\u2019organisation du salon du livre des auteurs r\u00e9gionaux<\/li>\n<li><strong>500 \u20ac <\/strong>\u00e0 Valdivienne pour l\u2019organisation du voyage interg\u00e9n\u00e9rationnel \u00e0 Toulouse\n<ul>\n<li><strong>5\u00a0588 \u20ac<\/strong> \u00e0 La Chapelle Viviers pour des travaux de s\u00e9curisation acc\u00e8s pi\u00e9ton aux Maisons d\u2019Accueil Familiales<\/li>\n<li><strong>1\u00a0000 \u20ac<\/strong> \u00e0 Leignes sur Fontaine\u00a0pour l\u2019acquisition de 2 abribus \u00e0 Fontpr\u00e9voir et \u00e9cole<\/li>\n<li><strong>5\u00a0929 \u20ac<\/strong> \u00e0 Paizay-le-Sec pour des travaux de s\u00e9curisation routi\u00e8re le long de la RD9<\/li>\n<\/ul>\n<\/li>\n<li>Dans le cadre du Fonds de P\u00e9r\u00e9quation de la Taxe Additionnelle aux droits d\u2019enregistrement sur les droits de mutation \u00e0 titre on\u00e9reux\u00a0:\n<ul>\n<li>La Chapelle Viviers\u00a0: <strong>12\u00a0659,80 \u20ac<\/strong><\/li>\n<li>Fleix\u00a0: <strong>18\u00a0601,81 \u20ac<\/strong><\/li>\n<li>Lauthiers\u00a0: <strong>26\u00a0978,98 \u20ac<\/strong><\/li>\n<li>Leignes sur Fontaine\u00a0: <strong>13\u00a0809,98 \u20ac<\/strong><\/li>\n<li>Paizay-le-Sec\u00a0: <strong>13\u00a0375,22 \u20ac<\/strong><\/li>\n<li>Sainte Radegonde\u00a0: <strong>14\u00a0841,19 \u20ac<\/strong><\/li>\n<li>Valdivienne\u00a0:<strong> 36\u00a0618,27 \u20ac<\/strong><\/li>\n<\/ul>\n<\/li>\n<li>Dans le cadre du Fonds de P\u00e9r\u00e9quation de la Taxe Additionnelle aux droits d\u2019enregistrement sur les droits de mutation \u00e0 titre on\u00e9reux\u00a0:\n<ul>\n<li>Archigny\u00a0: <strong>18\u00a0727,20 \u20ac<\/strong><\/li>\n<li>Availles en Chatellerault\u00a0: <strong>19\u00a0320, 23 \u20ac<\/strong><\/li>\n<li>Bellefonds\u00a0: <strong>11\u00a0249,37\u20ac<\/strong><\/li>\n<li>Bonneuil Matours\u00a0: <strong>23\u00a0963,14 \u20ac<\/strong><\/li>\n<li>Cenon sur Vienne\u00a0: <strong>23\u00a0379,98 \u20ac<\/strong><\/li>\n<li>Monthoiron\u00a0: <strong>12\u00a0522,04 \u20ac<\/strong><\/li>\n<\/ul>\n<\/li>\n<li><strong>11\u00a0250 \u20ac <\/strong>au Coll\u00e8ge Camille Gu\u00e9rin de Vouneuil sur Vienne pour reconstitution des r\u00e9serves financi\u00e8res du service restauration<\/li>\n<li><strong>1\u00a0000 \u20ac<\/strong> \u00e0 Festi Val de Vienne pour l\u2019organisation du concert de Yves Duteil au Palais des Congr\u00e8s du Futuroscope en octobre 2016<\/li>\n<\/ul>\n","protected":false},"excerpt":{"rendered":"<p>\u00a0\u00a0\u00a0\u00a0\u00a0\u00a0\u00a0\u00a0\u00a0\u00a0\u00a0 Alain FOUCH\u00c9 et Isabelle BARREAU, Conseillers D\u00e9partementaux du Canton de Chauvigny, informent les habitants que les cr\u00e9dits et subventions<\/p>\n","protected":false},"author":1,"featured_media":1560,"comment_status":"closed","ping_status":"open","sticky":false,"template":"","format":"standard","meta":[],"categories":[72,92],"tags":[13,27],"_links":{"self":[{"href":"https:\/\/unionpourlavienne.fr\/Union_Vienne_2016\/wordpress\/wp-json\/wp\/v2\/posts\/1696"}],"collection":[{"href":"https:\/\/unionpourlavienne.fr\/Union_Vienne_2016\/wordpress\/wp-json\/wp\/v2\/posts"}],"about":[{"href":"https:\/\/unionpourlavienne.fr\/Union_Vienne_2016\/wordpress\/wp-json\/wp\/v2\/types\/post"}],"author":[{"embeddable":true,"href":"https:\/\/unionpourlavienne.fr\/Union_Vienne_2016\/wordpress\/wp-json\/wp\/v2\/users\/1"}],"replies":[{"embeddable":true,"href":"https:\/\/unionpourlavienne.fr\/Union_Vienne_2016\/wordpress\/wp-json\/wp\/v2\/comments?post=1696"}],"version-history":[{"count":1,"href":"https:\/\/unionpourlavienne.fr\/Union_Vienne_2016\/wordpress\/wp-json\/wp\/v2\/posts\/1696\/revisions"}],"predecessor-version":[{"id":1697,"href":"https:\/\/unionpourlavienne.fr\/Union_Vienne_2016\/wordpress\/wp-json\/wp\/v2\/posts\/1696\/revisions\/1697"}],"wp:featuredmedia":[{"embeddable":true,"href":"https:\/\/unionpourlavienne.fr\/Union_Vienne_2016\/wordpress\/wp-json\/wp\/v2\/media\/1560"}],"wp:attachment":[{"href":"https:\/\/unionpourlavienne.fr\/Union_Vienne_2016\/wordpress\/wp-json\/wp\/v2\/media?parent=1696"}],"wp:term":[{"taxonomy":"category","embeddable":true,"href":"https:\/\/unionpourlavienne.fr\/Union_Vienne_2016\/wordpress\/wp-json\/wp\/v2\/categories?post=1696"},{"taxonomy":"post_tag","embeddable":true,"href":"https:\/\/unionpourlavienne.fr\/Union_Vienne_2016\/wordpress\/wp-json\/wp\/v2\/tags?post=1696"}],"curies":[{"name":"wp","href":"https:\/\/api.w.org\/{rel}","templated":true}]}}