{"id":1706,"date":"2016-12-15T16:21:38","date_gmt":"2016-12-15T15:21:38","guid":{"rendered":"http:\/\/unionpourlavienne.fr\/Union_Vienne_2016\/wordpress\/?p=1706"},"modified":"2016-12-15T16:25:09","modified_gmt":"2016-12-15T15:25:09","slug":"orientations-budgetaires-2017","status":"publish","type":"post","link":"https:\/\/unionpourlavienne.fr\/Union_Vienne_2016\/wordpress\/orientations-budgetaires-2017\/","title":{"rendered":"Orientations Budg\u00e9taires 2017"},"content":{"rendered":"<p><em>Le vote des Orientations Budg\u00e9taires (OB) 2017 du Conseil D\u00e9partemental s&rsquo;est d\u00e9roul\u00e9 ce jeudi 15 d\u00e9cembre sous la Pr\u00e9sidence de Bruno BELIN et a port\u00e9 sur un ensemble de dossiers, pr\u00e9sent\u00e9s par les Vice-pr\u00e9sidents, dont la plupart sont ici r\u00e9sum\u00e9s.<\/em><\/p>\n<p>En introduction aux Orientations Budg\u00e9taires 2017, le pr\u00e9sident Bruno BELIN a annonc\u00e9 \u00ab\u00a0<em>Comme promis\u2026 Maintenir notre niveau d&rsquo;investissement 20 % du budget, assurer pleinement notre \u00ab\u00a0sociale responsabilit\u00e9\u00a0\u00bb malgr\u00e9 le foss\u00e9 entre les recettes et les d\u00e9penses de solidarit\u00e9 (50,20 millions d&rsquo;euros de recettes contre 226,0 6 million d&rsquo;euros de d\u00e9penses), poursuivre la mise en place de nos 13 priorit\u00e9s pour construire la Vienne 2025, respectez notre Programme Pluriannuel d&rsquo;Investissement (PPI) de 350 millions d&rsquo;euros. Et comme convenu, propos\u00e9 un budget 2017 sans augmenter la fiscalit\u00e9. Voil\u00e0 les objectifs que la Majorit\u00e9 d\u00e9partementale s&rsquo;est fix\u00e9e avec cette proposition d&rsquo;OB pour l&rsquo;ann\u00e9e 2007<\/em>\u00ab\u00a0.<\/p>\n<p>\u00ab\u00a0<em>En 2017, pour la Vienne, c&rsquo;est une nouvelle r\u00e9duction de la Dotation Globale de Fonctionnement (DGF) de 5,84 millions d&rsquo;euros, soit l&rsquo;\u00e9quivalent de 10 points de fiscalit\u00e9 que nous vous avons \u00e9t\u00e9 contraints d&rsquo;anticiper en 2016 et qu&rsquo;il a fallu compl\u00e9ter par de nouvelles \u00e9conomies<\/em>\u00a0\u00bb a-t-il ajout\u00e9.<\/p>\n<p>\u00ab\u00a0<em>Cette ann\u00e9e encore, ces OB donnent une place forte \u00e0 la r\u00e9alisation des projets de territoire. Avec ACTIV&rsquo;, nous allons pouvoir afficher un soutien aux collectivit\u00e9s de 50 millions d&rsquo;euros depuis son lancement en 2016. Un soutien essentiel pour les territoires, comme pour les entreprises de la Vienne, puisqu&rsquo;elles sont intervenues pour 88 % sur les op\u00e9rations r\u00e9alis\u00e9es. L&rsquo;objectif est donc atteint : aider les projets, faire travailler nos entreprises, cr\u00e9er et maintenir des emplois. C&rsquo;est le fondement de l&rsquo;action de notre \u00e9quipe pour toute la dur\u00e9e de la mandature. Nous n&rsquo;y interrogerons pas<\/em> !\u00a0\u00bb A-t-il confirm\u00e9.<\/p>\n<p><strong><img loading=\"lazy\" class=\"wp-image-1492 size-full alignnone\" src=\"https:\/\/unionpourlavienne.fr\/Union_Vienne_2016\/wordpress\/wp-content\/uploads\/2016\/09\/Puce.jpg\" alt=\"\" width=\"30\" height=\"30\" \/>\u00a0Alain PICHON, <\/strong>Vice-pr\u00e9sident de la <strong>Commission du Logement et de l&rsquo;Environnement<\/strong>, a pr\u00e9sent\u00e9 le rapport sur la situation interne et territoriale en mati\u00e8re de d\u00e9veloppement durable (action de la collectivit\u00e9, exemplarit\u00e9 et mise en coh\u00e9rence avec les contractualisations europ\u00e9ennes et nationales).<\/p>\n<p>&nbsp;<\/p>\n<p>&nbsp;<\/p>\n<p><strong><img loading=\"lazy\" class=\"wp-image-1492 size-full alignnone\" src=\"https:\/\/unionpourlavienne.fr\/Union_Vienne_2016\/wordpress\/wp-content\/uploads\/2016\/09\/Puce.jpg\" alt=\"\" width=\"30\" height=\"30\" \/>\u00a0Marie DESROSES, <\/strong>Vice-Pr\u00e9sidente de la <strong>Commission des Personnels et des Moyens G\u00e9n\u00e9raux<\/strong>, a pr\u00e9sent\u00e9 un rapport sur la situation en mati\u00e8re d&rsquo;\u00e9galit\u00e9 entre les femmes et les hommes au sein du conseil d\u00e9partemental (effectifs, r\u00e9partition, \u00e9volution, recrutement, r\u00e9mun\u00e9ration, organisation du temps de travail et formation).<\/p>\n<p>&nbsp;<\/p>\n<p>&nbsp;<\/p>\n<p><strong><img loading=\"lazy\" class=\"wp-image-1492 size-full alignnone\" src=\"https:\/\/unionpourlavienne.fr\/Union_Vienne_2016\/wordpress\/wp-content\/uploads\/2016\/09\/Puce.jpg\" alt=\"\" width=\"30\" height=\"30\" \/>\u00a0Henri COLIN,<\/strong> Vice-pr\u00e9sident de la <strong>Commission de l&rsquo;Education, des Coll\u00e8ges, des Transports et des B\u00e2timents<\/strong>, a propos\u00e9 d&rsquo;\u00e9mettre un avis favorable au principe de d\u00e9l\u00e9gation de la comp\u00e9tence relative aux transports non-urbains, r\u00e9guliers et \u00e0 la demande, par la R\u00e9gion Nouvelle Aquitaine au D\u00e9partement pour la p\u00e9riode du 1er janvier au 31 ao\u00fbt 2017.<\/p>\n<p>&nbsp;<\/p>\n<p>&nbsp;<\/p>\n<p><strong><img loading=\"lazy\" class=\"wp-image-1492 size-full alignnone\" src=\"https:\/\/unionpourlavienne.fr\/Union_Vienne_2016\/wordpress\/wp-content\/uploads\/2016\/09\/Puce.jpg\" alt=\"\" width=\"30\" height=\"30\" \/>\u00a0Pascale MOREAU,<\/strong> Vice-pr\u00e9sidente de la <strong>Commission de l&rsquo;Am\u00e9nagement du Territoire<\/strong><strong> et de l&rsquo;A\u00e9roport<\/strong>, a propos\u00e9 de donner un avis favorable \u00e0 la proposition de modification des arrondissements de la Vienne \u00e0 compter du 1er janvier 2017 comme suit :<\/p>\n<p style=\"text-align: center;\"><a href=\"https:\/\/unionpourlavienne.fr\/Union_Vienne_2016\/wordpress\/wp-content\/uploads\/2016\/12\/projet2017.jpg\" target=\"_blank\"><img loading=\"lazy\" class=\"aligncenter size-full wp-image-1707\" src=\"https:\/\/unionpourlavienne.fr\/Union_Vienne_2016\/wordpress\/wp-content\/uploads\/2016\/12\/mprojet2017.jpg\" alt=\"mprojet2017\" width=\"500\" height=\"737\" srcset=\"https:\/\/unionpourlavienne.fr\/Union_Vienne_2016\/wordpress\/wp-content\/uploads\/2016\/12\/mprojet2017.jpg 500w, https:\/\/unionpourlavienne.fr\/Union_Vienne_2016\/wordpress\/wp-content\/uploads\/2016\/12\/mprojet2017-204x300.jpg 204w\" sizes=\"(max-width: 500px) 100vw, 500px\" \/><\/a><\/p>\n<p>&nbsp;<\/p>\n<p>Elle a \u00e9galement propos\u00e9 d&rsquo;adopter le r\u00e8glement d\u00e9partemental d&rsquo;Accompagnement des Communes et des Territoires pour l&rsquo;Investissement dans la Vienne (ACTIV&rsquo;) 2017\/2021, annulant et rempla\u00e7ant le pr\u00e9c\u00e9dent r\u00e8glement d\u00e9partemental d&rsquo;ACTIV&rsquo; vot\u00e9 par d\u00e9lib\u00e9ration du Conseil d\u00e9partemental du 11 mars 2016. Les principales modifications portent sur les volets 2 et 3.<\/p>\n<p>&nbsp;<\/p>\n<p>&nbsp;<\/p>\n<p><strong><img loading=\"lazy\" class=\"wp-image-1492 size-full alignnone\" src=\"https:\/\/unionpourlavienne.fr\/Union_Vienne_2016\/wordpress\/wp-content\/uploads\/2016\/09\/Puce.jpg\" alt=\"\" width=\"30\" height=\"30\" \/>\u00a0Val\u00e9rie DAUGE,<\/strong> Premi\u00e8re Vice-pr\u00e9sidente charg\u00e9e<strong> des Personnes \u00c2g\u00e9es et des Personnes Handicap\u00e9es<\/strong>, a propos\u00e9, dans la mesure le vote du budget primitif 2017 interviendra en f\u00e9vrier, afin de ne pas retarder la proc\u00e9dure de tarification est de doter les Etablissements et Services Sociaux et M\u00e9dico-Sociaux (ESSMS) de moyens actualis\u00e9s, d&rsquo;adopter l&rsquo;\u00e9volution des taux directeurs d\u00e8s maintenant, soit :<\/p>\n<ul>\n<li>+ 0,4% pour l&rsquo;ensemble des ESSMS du secteur de l&rsquo;enfance, des personnes \u00e2g\u00e9es et des personnes handicap\u00e9es ;<\/li>\n<li>de revaloriser de 0,50 centimes (+1%) le tarif journalier de l&rsquo;habilitation partielle \u00e0 l&rsquo;aide sociale en Etablissement d&rsquo;H\u00e9bergement pour Personnes \u00c2g\u00e9es D\u00e9\u00eandantes (EHPAD) et le porter \u00e0 51\u20ac.<\/li>\n<\/ul>\n<p>&nbsp;<\/p>\n<p>&nbsp;<\/p>\n<p><strong><img loading=\"lazy\" class=\"wp-image-1492 size-full alignnone\" src=\"https:\/\/unionpourlavienne.fr\/Union_Vienne_2016\/wordpress\/wp-content\/uploads\/2016\/09\/Puce.jpg\" alt=\"\" width=\"30\" height=\"30\" \/>\u00a0Rose-Marie BERTAUD,<\/strong> Vice-pr\u00e9sidente charg\u00e9e<strong> de l&rsquo;Action Sociale, de l&rsquo;Enfance et la Famille<\/strong>, a propos\u00e9 la modification du r\u00e8glement d\u00e9partemental d&rsquo;aide sociale \u00e0 l&rsquo;enfance avec l&rsquo;insertion d&rsquo;un article 115 bis au sein de la fiche 7 \u00ab\u00a0la protection des enfants plac\u00e9s hors du domicile parental\u00a0\u00bb du r\u00e8glement d\u00e9partemental d&rsquo;Aide Sociale \u00e0 l&rsquo;Enfance (ASE) relatif \u00e0 l&rsquo;accueil durable et b\u00e9n\u00e9vole d&rsquo;un enfant par un tiers et impliquant le versement d&rsquo;une indemnit\u00e9 d&rsquo;entretien d&rsquo;environ 400 \u20ac par mois.<\/p>\n<p>&nbsp;<\/p>\n<p>&nbsp;<\/p>\n<p><strong><img loading=\"lazy\" class=\"wp-image-1492 size-full alignnone\" src=\"https:\/\/unionpourlavienne.fr\/Union_Vienne_2016\/wordpress\/wp-content\/uploads\/2016\/09\/Puce.jpg\" alt=\"\" width=\"30\" height=\"30\" \/>\u00a0Claude EIDELSTEIN, <\/strong>Rapporteur G\u00e9n\u00e9ral du Budget, Pr\u00e9sident de la <strong>Commission des Finances et de l&rsquo;Optimisation de la D\u00e9pense Publique<\/strong>, a pr\u00e9sent\u00e9 un rapport sur la Vice-pr\u00e9sidence du Conseil d\u00e9partemental : Monsieur Dominique CL\u00c9MENT ayant d\u00e9missionn\u00e9 de ses fonctions de Vice-pr\u00e9sident du Conseil d\u00e9partemental, il a \u00e9t\u00e9 propos\u00e9 de pourvoir le poste de 8<sup>e <\/sup>Vice-pr\u00e9sident, celui-ci devant \u00eatre attribu\u00e9 \u00e0 un \u00e9lu de sexe masculin en application de l&rsquo;article L. 3122-5 du Code G\u00e9n\u00e9ral des Collectivit\u00e9s Territoriales.<\/p>\n<p>Monsieur Gilbert BEAUJANNEAU a \u00e9t\u00e9 \u00e9lu 8<sup>e <\/sup>Vice-pr\u00e9sident du Conseil d\u00e9partemental charg\u00e9 des Routes.<\/p>\n<p>Claude EIDELSTEIN a \u00e9galement propos\u00e9 un rapport sur la pr\u00e9sidence de la Commission Tourisme et Attractivit\u00e9 : Monsieur Dominique CL\u00c9MENT ayant d\u00e9missionn\u00e9 de ses fonctions de Vice-pr\u00e9sident charg\u00e9 du Tourisme et de l&rsquo;Attractivit\u00e9, il a \u00e9t\u00e9 propos\u00e9, conform\u00e9ment \u00e0 l&rsquo;article 17 du R\u00e8glement Int\u00e9rieur de l&rsquo;Assembl\u00e9e, de d\u00e9signer le pr\u00e9sident de la commission du tourisme de l&rsquo;attractivit\u00e9 et si n\u00e9cessaire, de d\u00e9signer le rapporteur de cette commission.<\/p>\n<p>Madame Isabelle BARREAU a \u00e9t\u00e9 d\u00e9sign\u00e9e Pr\u00e9sidente de la Commission du tourisme et de l&rsquo;Attractivit\u00e9.<\/p>\n<p>Il a \u00e9galement \u00e9t\u00e9 propos\u00e9 d&rsquo;ouvrir, au titre de l&rsquo;exercice 2017, des cr\u00e9dits d&rsquo;investissement pour un montant pr\u00e9visionnel de 635\u00a0000 \u20ac selon le d\u00e9tail suivant :<\/p>\n<ul>\n<li>400\u00a0000 \u20ac \u00e0 la Direction des Routes ;<\/li>\n<li>75\u00a0000 \u20ac \u00e0 la Direction des B\u00e2timents ;<\/li>\n<li>10\u00a0000 \u20ac \u00e0 la Direction des Affaires G\u00e9n\u00e9rales ;<\/li>\n<li>et 150\u00a0000 \u20ac \u00e0 la Mission du Parc du Futuroscope et Palais des Congr\u00e8s.<\/li>\n<\/ul>\n<p>Enfin, il a \u00e9t\u00e9 propos\u00e9 de prendre acte de la tenue du d\u00e9bat aff\u00e9rent aux Orientations Budg\u00e9taires pour l&rsquo;exercice 2017, aux engagements pluriannuels envisag\u00e9s, \u00e0 la structure et l&rsquo;\u00e9volution des d\u00e9penses et des effectifs ainsi qu&rsquo;\u00e0 la structure et la gestion de la dette, sur la base du document correspondant.<\/p>\n<p>&nbsp;<\/p>\n","protected":false},"excerpt":{"rendered":"<p>Le vote des Orientations Budg\u00e9taires (OB) 2017 du Conseil D\u00e9partemental s&rsquo;est d\u00e9roul\u00e9 ce jeudi 15 d\u00e9cembre sous la Pr\u00e9sidence de Bruno BELIN et a port\u00e9 sur un ensemble de dossiers, pr\u00e9sent\u00e9s par les Vice-pr\u00e9sidents, dont la plupart sont ici r\u00e9sum\u00e9s.<\/p>\n","protected":false},"author":1,"featured_media":1709,"comment_status":"closed","ping_status":"open","sticky":false,"template":"","format":"standard","meta":[],"categories":[1],"tags":[19],"_links":{"self":[{"href":"https:\/\/unionpourlavienne.fr\/Union_Vienne_2016\/wordpress\/wp-json\/wp\/v2\/posts\/1706"}],"collection":[{"href":"https:\/\/unionpourlavienne.fr\/Union_Vienne_2016\/wordpress\/wp-json\/wp\/v2\/posts"}],"about":[{"href":"https:\/\/unionpourlavienne.fr\/Union_Vienne_2016\/wordpress\/wp-json\/wp\/v2\/types\/post"}],"author":[{"embeddable":true,"href":"https:\/\/unionpourlavienne.fr\/Union_Vienne_2016\/wordpress\/wp-json\/wp\/v2\/users\/1"}],"replies":[{"embeddable":true,"href":"https:\/\/unionpourlavienne.fr\/Union_Vienne_2016\/wordpress\/wp-json\/wp\/v2\/comments?post=1706"}],"version-history":[{"count":5,"href":"https:\/\/unionpourlavienne.fr\/Union_Vienne_2016\/wordpress\/wp-json\/wp\/v2\/posts\/1706\/revisions"}],"predecessor-version":[{"id":1714,"href":"https:\/\/unionpourlavienne.fr\/Union_Vienne_2016\/wordpress\/wp-json\/wp\/v2\/posts\/1706\/revisions\/1714"}],"wp:featuredmedia":[{"embeddable":true,"href":"https:\/\/unionpourlavienne.fr\/Union_Vienne_2016\/wordpress\/wp-json\/wp\/v2\/media\/1709"}],"wp:attachment":[{"href":"https:\/\/unionpourlavienne.fr\/Union_Vienne_2016\/wordpress\/wp-json\/wp\/v2\/media?parent=1706"}],"wp:term":[{"taxonomy":"category","embeddable":true,"href":"https:\/\/unionpourlavienne.fr\/Union_Vienne_2016\/wordpress\/wp-json\/wp\/v2\/categories?post=1706"},{"taxonomy":"post_tag","embeddable":true,"href":"https:\/\/unionpourlavienne.fr\/Union_Vienne_2016\/wordpress\/wp-json\/wp\/v2\/tags?post=1706"}],"curies":[{"name":"wp","href":"https:\/\/api.w.org\/{rel}","templated":true}]}}