{"id":1715,"date":"2016-12-14T11:00:56","date_gmt":"2016-12-14T10:00:56","guid":{"rendered":"http:\/\/unionpourlavienne.fr\/Union_Vienne_2016\/wordpress\/?p=1715"},"modified":"2016-12-16T11:37:33","modified_gmt":"2016-12-16T10:37:33","slug":"pose-de-la-premiere-pierre-de-24-pavillons-locatifs-aux-trois-moutiers","status":"publish","type":"post","link":"https:\/\/unionpourlavienne.fr\/Union_Vienne_2016\/wordpress\/pose-de-la-premiere-pierre-de-24-pavillons-locatifs-aux-trois-moutiers\/","title":{"rendered":"Pose de la premi\u00e8re pierre de 24 pavillons locatifs aux Trois-Moutiers"},"content":{"rendered":"<p>Bruno BELIN, Pr\u00e9sident du Conseil d\u00e9partemental et Marie-Jeanne BELLAMY, Conseill\u00e8re d\u00e9partementale du canton de Loudun, Maire des Trois-Moutiers, ont pos\u00e9 la premi\u00e8re pierre de 24 pavillons locatifs dans la cit\u00e9 du Champ Barreau. Henri COLIN, Vice-pr\u00e9sident du D\u00e9partement, Pr\u00e9sident d&rsquo;Habitat Vienne, \u00e9tait repr\u00e9sent\u00e9 par son Vice-pr\u00e9sident Jean-Claude BOUTET. Etaient \u00e9galement pr\u00e9sents Jean-Paul BOUTILLET, PDG de l&rsquo;entreprise BOUTILLET, Jo\u00ebl DAZAS, Pr\u00e9sident de la Communaut\u00e9 de Communes du Pays Loudunais, Pascal AVELINE, Directeur G\u00e9n\u00e9ral d&rsquo;Habitat Vienne et Philippe BODIN, Architecte du projet.<\/p>\n<p><iframe loading=\"lazy\" style=\"width: 700px; height: 470px; max-width: 100%; overflow: hidden; border: none; padding: 0; margin: 0 auto; display: block;\" src=\"http:\/\/unionpourlavienne.fr\/2016-12-14\/index.html\" width=\"300\" height=\"150\" marginwidth=\"0\" marginheight=\"0\"><\/iframe><\/p>\n<p>Le bailleur Habitat de la Vienne s&rsquo;est engag\u00e9 dans un projet d&rsquo;acquisition de 24 pavillons neufs en Vente en Etat Futur d&rsquo;Ach\u00e8vement (VEFA) sur la commune des Trois-Moutiers avec l&rsquo;objectif de cr\u00e9er une offre de logements sociaux r\u00e9pondant \u00e0 la demande des salari\u00e9s du Center Parcs.<\/p>\n<p>Ces constructions peu \u00e9nergivores de plain-pied avec jardin privatif sont situ\u00e9es rue des No\u00ebls, \u00e0 proximit\u00e9 du centre-bourg dans le lotissement communal de la Cit\u00e9 du Champ Bareau, qui offre un cadre de vie agr\u00e9able et de qualit\u00e9.<\/p>\n<p>Ces 24 pavillons, dont la surface totale repr\u00e9sente 1 965 m\u00b2, s&rsquo;inscrivent dans la d\u00e9marche environnementale avec des performances du niveau RT 2012 qui constitue la r\u00e9f\u00e9rence dans la construction neuve en mati\u00e8re de consommation \u00e9nerg\u00e9tique. Ils seront dot\u00e9s de chauffage par pompe \u00e0 chaleur et d&rsquo;une v\u00e9randa pour les apports solaires<\/p>\n<p>Le gros \u0153uvre, les menuiseries int\u00e9rieures et ext\u00e9rieures sont assur\u00e9s par l&rsquo;entreprise BOUTILLET de Chauvigny. Les travaux ont d\u00e9marr\u00e9s le 28 septembre 2016 pour une livraison pr\u00e9vue au premier trimestre 2018.<\/p>\n<p>Le co\u00fbt total de l&rsquo;op\u00e9ration est de 2 793 000 \u20ac. La premi\u00e8re tranche, correspondant \u00e0 la construction de 14 pavillons, b\u00e9n\u00e9ficie d&rsquo;une subvention du D\u00e9partement \u00e0 hauteur de 196 000 \u20ac (dont 84 000 \u20ac de subvention exceptionnelle au titre des Pr\u00eats Locatifs Aid\u00e9s d&rsquo;Int\u00e9gration PLAI des logements innovants et de la Charge Fonci\u00e8re). Le Conseil d\u00e9partemental apporte \u00e9galement une aide financi\u00e8re de 80 000 \u20ac pour la seconde tranche relative \u00e0 la r\u00e9alisation des 10 autres pavillons. Le montant total de la participation du D\u00e9partement s&rsquo;\u00e9l\u00e8ve ainsi \u00e0 276 000 \u20ac.<\/p>\n<p>Marie-Jeanne BELLAMY a accueilli les participants \u00e0 cette pose de premi\u00e8re pierre \u00e0 la Mairie des trois-moutiers et a remerci\u00e9 l&rsquo;ensemble des intervenant sur ce programme (PLUS, PLAI, D\u00e9partement, et Etat) dans le cadre de \u00ab\u00a0<em>l&rsquo;objectif des 150 logements lanc\u00e9s d\u00e8s 2014 orient\u00e9s vers les salari\u00e9s du Center parcs<\/em>\u00ab\u00a0.<\/p>\n<p>Jean-Claude BOUTET est intervenu au nom d&rsquo;Henri COLIN, Pr\u00e9sident d&rsquo;Habitat de la Vienne en recommandant aux \u00e9lus locaux de \u00ab\u00a0<em>faire de la r\u00e9serve fonci\u00e8re<\/em>\u00a0\u00bb pour permettre \u00e0 moyen et long termes la r\u00e9alisation de ce type de logements avec accession \u00e0 la propri\u00e9t\u00e9.<\/p>\n<p><iframe loading=\"lazy\" frameborder=\"0\" width=\"800\" height=\"448\" src=\"https:\/\/www.dailymotion.com\/embed\/video\/x55f2gl\" allowfullscreen><\/iframe><\/p>\n<p>Bruno BELIN a conclu l&rsquo;\u00e9v\u00e8nement en qualifiant cette op\u00e9ration d'\u00a0\u00bb<em>importante pour favoriser la d\u00e9mographie de nos territoires<\/em>\u00a0\u00bb au regard de l&rsquo;accueil d&rsquo;environ une centaine de nouveaux habitants dans la commune qui en compte aujourd&rsquo;hui un peu plus de mille.<\/p>\n<p>&nbsp;<\/p>\n<p>&nbsp;<\/p>\n","protected":false},"excerpt":{"rendered":"<p>Bruno BELIN et Marie-Jeanne BELLAMY ont pos\u00e9 la premi\u00e8re pierre de 24 pavillons locatifs dans la cit\u00e9 du Champ Barreau&#8230;<\/p>\n","protected":false},"author":1,"featured_media":1716,"comment_status":"closed","ping_status":"open","sticky":false,"template":"","format":"standard","meta":[],"categories":[60,68,61,75],"tags":[19,26,33],"_links":{"self":[{"href":"https:\/\/unionpourlavienne.fr\/Union_Vienne_2016\/wordpress\/wp-json\/wp\/v2\/posts\/1715"}],"collection":[{"href":"https:\/\/unionpourlavienne.fr\/Union_Vienne_2016\/wordpress\/wp-json\/wp\/v2\/posts"}],"about":[{"href":"https:\/\/unionpourlavienne.fr\/Union_Vienne_2016\/wordpress\/wp-json\/wp\/v2\/types\/post"}],"author":[{"embeddable":true,"href":"https:\/\/unionpourlavienne.fr\/Union_Vienne_2016\/wordpress\/wp-json\/wp\/v2\/users\/1"}],"replies":[{"embeddable":true,"href":"https:\/\/unionpourlavienne.fr\/Union_Vienne_2016\/wordpress\/wp-json\/wp\/v2\/comments?post=1715"}],"version-history":[{"count":4,"href":"https:\/\/unionpourlavienne.fr\/Union_Vienne_2016\/wordpress\/wp-json\/wp\/v2\/posts\/1715\/revisions"}],"predecessor-version":[{"id":1721,"href":"https:\/\/unionpourlavienne.fr\/Union_Vienne_2016\/wordpress\/wp-json\/wp\/v2\/posts\/1715\/revisions\/1721"}],"wp:featuredmedia":[{"embeddable":true,"href":"https:\/\/unionpourlavienne.fr\/Union_Vienne_2016\/wordpress\/wp-json\/wp\/v2\/media\/1716"}],"wp:attachment":[{"href":"https:\/\/unionpourlavienne.fr\/Union_Vienne_2016\/wordpress\/wp-json\/wp\/v2\/media?parent=1715"}],"wp:term":[{"taxonomy":"category","embeddable":true,"href":"https:\/\/unionpourlavienne.fr\/Union_Vienne_2016\/wordpress\/wp-json\/wp\/v2\/categories?post=1715"},{"taxonomy":"post_tag","embeddable":true,"href":"https:\/\/unionpourlavienne.fr\/Union_Vienne_2016\/wordpress\/wp-json\/wp\/v2\/tags?post=1715"}],"curies":[{"name":"wp","href":"https:\/\/api.w.org\/{rel}","templated":true}]}}