{"id":1723,"date":"2016-12-20T10:00:54","date_gmt":"2016-12-20T09:00:54","guid":{"rendered":"http:\/\/unionpourlavienne.fr\/Union_Vienne_2016\/wordpress\/?p=1723"},"modified":"2017-01-03T09:36:17","modified_gmt":"2017-01-03T08:36:17","slug":"au-sujet-du-logo-de-la-region-nouvelle-aquitaine","status":"publish","type":"post","link":"https:\/\/unionpourlavienne.fr\/Union_Vienne_2016\/wordpress\/au-sujet-du-logo-de-la-region-nouvelle-aquitaine\/","title":{"rendered":"Au sujet du logo de la R\u00e9gion Nouvelle-Aquitaine&#8230;"},"content":{"rendered":"<p><em>Bruno BELIN et Gilbert FAVREAU, Pr\u00e9sidents des D\u00e9partements de la Vienne et des Deux-S\u00e8vres ont exprim\u00e9 leur \u00e9tonnement sur le choix graphique du logo de la R\u00e9gion Nouvelle-Aquitaine.<\/em><\/p>\n<p>\u00ab\u00a0La R\u00e9gion Nouvelle-Aquitaine a d\u00e9voil\u00e9, vendredi 16 d\u00e9cembre, son nouveau logo.<\/p>\n<p>Sans parti pris aucun sur l&rsquo;esth\u00e9tisme du logo, dont la cr\u00e9ation a vu nombre d&rsquo;acteurs intervenir et d\u00e9battre, nous tenons \u00e0 faire part de notre \u00e9tonnement quant au choix graphique qui a \u00e9t\u00e9 fait.<\/p>\n<p>En tant que Pr\u00e9sidents des Conseils d\u00e9partementaux de la Vienne et des Deux-S\u00e8vres, nous avons entendu l&rsquo;explication des services de la R\u00e9gion sur le trac\u00e9 de la t\u00eate de lion, cens\u00e9 repr\u00e9senter les contours g\u00e9ographiques de la Nouvelle-Aquitaine.<\/p>\n<p>Il nous est assez d\u00e9sagr\u00e9able d&rsquo;observer que <strong>ce trac\u00e9 exclut la quasi totalit\u00e9 de nos deux territoires<\/strong>, ainsi que celui de la Creuse.<\/p>\n<p>Nous osons croire que seule la symbolique du lion a pr\u00e9sid\u00e9 \u00e0 la cr\u00e9ation de ce logo. Nous ne pouvons imaginer qu&rsquo;il soit l&rsquo;expression d&rsquo;une vision centralisatrice de l&rsquo;instance r\u00e9gionale, ou d&rsquo;une volont\u00e9 d\u00e9lib\u00e9r\u00e9e d&rsquo;exclure les territoires les plus \u00e9loign\u00e9s de la capitale bordelaise.<\/p>\n<p>Quoiqu&rsquo;il en soit, nous formulons le v\u0153u que les modalit\u00e9s d&rsquo;intervention de la R\u00e9gion sur le territoire r\u00e9gional ne s&rsquo;inspirent pas de ce d\u00e9coupage pour le moins maladroit. Nous restons vigilants quant \u00e0 l&rsquo;attention que la R\u00e9gion portera sur l&rsquo;ensemble du territoire de la Nouvelle-Aquitaine, en prenant en compte toutes les diversit\u00e9s locales.<\/p>\n<p>Enfin, ce fait de communication, apparemment peu soucieux des populations des Deux-S\u00e8vres et de la Vienne, conforte la d\u00e9marche que nous avons engag\u00e9e en 2016 autour de la marque de territoire <em><a href=\"https:\/\/unionpourlavienne.fr\/Union_Vienne_2016\/wordpress\/lancement-de-la-marque-poitou\/\" target=\"_blank\">Poitou<\/a><\/em>, destin\u00e9e \u00e0 promouvoir les acteurs, les produits et le territoire de nos deux d\u00e9partements.\u00a0\u00bb<\/p>\n<p>&nbsp;<\/p>\n<p>&nbsp;<\/p>\n<p>&nbsp;<\/p>\n","protected":false},"excerpt":{"rendered":"<p>Bruno BELIN et Gilbert FAVREAU, Pr\u00e9sidents des D\u00e9partements de la Vienne et des Deux-S\u00e8vres ont exprim\u00e9 leur \u00e9tonnement sur le choix graphique du logo de la R\u00e9gion Nouvelle-Aquitaine&#8230;<\/p>\n","protected":false},"author":1,"featured_media":1724,"comment_status":"closed","ping_status":"open","sticky":false,"template":"","format":"standard","meta":[],"categories":[1],"tags":[19],"_links":{"self":[{"href":"https:\/\/unionpourlavienne.fr\/Union_Vienne_2016\/wordpress\/wp-json\/wp\/v2\/posts\/1723"}],"collection":[{"href":"https:\/\/unionpourlavienne.fr\/Union_Vienne_2016\/wordpress\/wp-json\/wp\/v2\/posts"}],"about":[{"href":"https:\/\/unionpourlavienne.fr\/Union_Vienne_2016\/wordpress\/wp-json\/wp\/v2\/types\/post"}],"author":[{"embeddable":true,"href":"https:\/\/unionpourlavienne.fr\/Union_Vienne_2016\/wordpress\/wp-json\/wp\/v2\/users\/1"}],"replies":[{"embeddable":true,"href":"https:\/\/unionpourlavienne.fr\/Union_Vienne_2016\/wordpress\/wp-json\/wp\/v2\/comments?post=1723"}],"version-history":[{"count":4,"href":"https:\/\/unionpourlavienne.fr\/Union_Vienne_2016\/wordpress\/wp-json\/wp\/v2\/posts\/1723\/revisions"}],"predecessor-version":[{"id":1728,"href":"https:\/\/unionpourlavienne.fr\/Union_Vienne_2016\/wordpress\/wp-json\/wp\/v2\/posts\/1723\/revisions\/1728"}],"wp:featuredmedia":[{"embeddable":true,"href":"https:\/\/unionpourlavienne.fr\/Union_Vienne_2016\/wordpress\/wp-json\/wp\/v2\/media\/1724"}],"wp:attachment":[{"href":"https:\/\/unionpourlavienne.fr\/Union_Vienne_2016\/wordpress\/wp-json\/wp\/v2\/media?parent=1723"}],"wp:term":[{"taxonomy":"category","embeddable":true,"href":"https:\/\/unionpourlavienne.fr\/Union_Vienne_2016\/wordpress\/wp-json\/wp\/v2\/categories?post=1723"},{"taxonomy":"post_tag","embeddable":true,"href":"https:\/\/unionpourlavienne.fr\/Union_Vienne_2016\/wordpress\/wp-json\/wp\/v2\/tags?post=1723"}],"curies":[{"name":"wp","href":"https:\/\/api.w.org\/{rel}","templated":true}]}}