{"id":1895,"date":"2017-03-02T11:02:53","date_gmt":"2017-03-02T10:02:53","guid":{"rendered":"http:\/\/unionpourlavienne.fr\/Union_Vienne_2016\/wordpress\/?p=1895"},"modified":"2017-04-07T14:56:39","modified_gmt":"2017-04-07T13:56:39","slug":"les-subventions-pour-le-secteur-de-chauvigny","status":"publish","type":"post","link":"https:\/\/unionpourlavienne.fr\/Union_Vienne_2016\/wordpress\/les-subventions-pour-le-secteur-de-chauvigny\/","title":{"rendered":"Les subventions pour le secteur de Chauvigny"},"content":{"rendered":"<p><strong>\u00a0\u00a0\u00a0\u00a0\u00a0\u00a0\u00a0\u00a0\u00a0\u00a0\u00a0 <\/strong>Alain FOUCH\u00c9 et Isabelle BARREAU, Conseillers D\u00e9partementaux du Canton de Chauvigny, informent les habitants que les cr\u00e9dits et subventions accord\u00e9s par le Conseil D\u00e9partemental au b\u00e9n\u00e9fice des Communes, des associations et des particuliers du canton de Chauvigny lors de la session de Mars 2017 se d\u00e9composent de la mani\u00e8re suivante\u00a0:<\/p>\n<ul>\n<li><strong>74 000 \u20ac <\/strong>au Coll\u00e8ge G\u00e9rard Philipe pour le remplacement de portes ext\u00e9rieures de diff\u00e9rents b\u00e2timents, l\u2019installation d\u2019un extracteur d\u2019air ambiant dans le local plonge, am\u00e9nagement de l\u2019atelier menuiserie, remplacement de portes coupe-feu d\u00e9grad\u00e9es et protection des chevrons de rive en zinc<\/li>\n<li><strong>2\u00a0664 \u20ac <\/strong>\u00e0 Valdivienne pour des travaux \u00e0 la Salle des F\u00eates de St Martin la Rivi\u00e8re,<strong> 21\u00a0436 \u20ac <\/strong>pour l\u2019extension des locaux de l\u2019ADMR et <strong>6\u00a0000 \u20ac<\/strong> travaux d\u2019int\u00e9gration du r\u00e9seau d\u2019\u00e9clairage public dans le centre bourg<\/li>\n<li><strong>300 \u20ac<\/strong> aide \u00e0 l\u2019installation d\u2019un kit d\u2019acc\u00e8s internet Haut D\u00e9bit par satellite<\/li>\n<li><strong>78\u00a0500 \u20ac <\/strong>de travaux sur la voirie \u00e0 Chauvigny sur la RD 951 au niveau du Giratoire Route de Lussac avec la remise \u00e0 niveau du r\u00e9seau structurant<\/li>\n<li><strong>43\u00a0400 \u20ac <\/strong>de travaux sur la voirie sur la RD 749 de Chauvigny \u00e0 Civaux avec la remise \u00e0 niveau du r\u00e9seau structurant<\/li>\n<li><strong>60\u00a0000 \u20ac <\/strong>de travaux sur la voirie sur la RD 116A (route de Lussac les Ch\u00e2teaux) \u00e0 La Chapelle Viviers avec modernisation du r\u00e9seau avec renforcements aux enrob\u00e9s ti\u00e8des<\/li>\n<li><strong>82\u00a0000 \u20ac <\/strong>de travaux sur la voirie \u00e0 Chauvigny avec r\u00e9alisation de rev\u00eatements de chauss\u00e9es en agglom\u00e9ration sur la RD 2 \u00ab\u00a0Rue de la Puye\u00a0\u00bb et <strong>18\u00a0000 \u20ac<\/strong> sur la RD 951A sur le pont pr\u00e8s du jet d\u2019eau<\/li>\n<li><strong>650 \u20ac<\/strong> \u00e0 un propri\u00e9taire occupant retrait\u00e9 pour am\u00e9lioration de l\u2019habitat<\/li>\n<li><strong>1\u00a0000 \u20ac <\/strong>\u00e0 des habitants dans le cadre du programme Habiter Mieux<\/li>\n<\/ul>\n<p><strong>\u00a0<\/strong><\/p>\n<p><strong>Concernant le secteur Vouneuil sur Vienne\u00a0:<\/strong><\/p>\n<ul>\n<li><strong>6 185 \u20ac <\/strong>au Coll\u00e8ge Camille Gu\u00e9rin de Vouneuil sur Vienne pour l\u2019achat de divers mat\u00e9riels et ustensiles de cuisine et au titre du programme d\u2019entretien, <strong>12\u00a0000 \u20ac <\/strong>pour l\u2019am\u00e9nagement ext\u00e9rieur de l\u2019acc\u00e8s au CDI et travaux de mise en s\u00e9curit\u00e9 incendie et mise en conformit\u00e9 \u00e9lectrique<\/li>\n<li><strong>900 \u20ac<\/strong> aide \u00e0 l\u2019installation d\u2019un kit d\u2019acc\u00e8s internet Haut D\u00e9bit par satellite<\/li>\n<li><strong>120 \u20ac<\/strong> aide \u00e0 l\u2019installation d\u2019un kit d\u2019acc\u00e8s Internet haut D\u00e9bit par Wimax<\/li>\n<li><strong>60\u00a0000 \u20ac<\/strong> de travaux sur la voirie \u00e0 Vouneuil sur Vienne avec la remise \u00e0 niveau du r\u00e9seau structurant sur la RD 749<\/li>\n<li><strong>93\u00a0000 \u20ac <\/strong>de travaux sur la voirie \u00e0 Cenon sur Vienne avec la modernisation du r\u00e9seau \u2013 couches de roulement en enduit sur la RD 1<\/li>\n<li><strong>1\u00a0024 \u20ac <\/strong>\u00e0 des propri\u00e9taires occupants retrait\u00e9s pour l\u2019am\u00e9lioration de l\u2019habitat<\/li>\n<li><strong>4\u00a0500 \u20ac <\/strong>\u00e0 des habitants dans le cadre du programme Habiter Mieux<\/li>\n<li><strong>15\u00a0994 \u20ac <\/strong>\u00e0 des habitants au titre de la lutte contre la pr\u00e9carit\u00e9 \u00e9nerg\u00e9tique<\/li>\n<\/ul>\n<p><strong>\u00a0<\/strong><\/p>\n","protected":false},"excerpt":{"rendered":"<p>\u00a0\u00a0\u00a0\u00a0\u00a0\u00a0\u00a0\u00a0\u00a0\u00a0\u00a0 Alain FOUCH\u00c9 et Isabelle BARREAU, Conseillers D\u00e9partementaux du Canton de Chauvigny, informent les habitants que les cr\u00e9dits et subventions<\/p>\n","protected":false},"author":1,"featured_media":1871,"comment_status":"closed","ping_status":"open","sticky":false,"template":"","format":"standard","meta":[],"categories":[72,92],"tags":[13,27],"_links":{"self":[{"href":"https:\/\/unionpourlavienne.fr\/Union_Vienne_2016\/wordpress\/wp-json\/wp\/v2\/posts\/1895"}],"collection":[{"href":"https:\/\/unionpourlavienne.fr\/Union_Vienne_2016\/wordpress\/wp-json\/wp\/v2\/posts"}],"about":[{"href":"https:\/\/unionpourlavienne.fr\/Union_Vienne_2016\/wordpress\/wp-json\/wp\/v2\/types\/post"}],"author":[{"embeddable":true,"href":"https:\/\/unionpourlavienne.fr\/Union_Vienne_2016\/wordpress\/wp-json\/wp\/v2\/users\/1"}],"replies":[{"embeddable":true,"href":"https:\/\/unionpourlavienne.fr\/Union_Vienne_2016\/wordpress\/wp-json\/wp\/v2\/comments?post=1895"}],"version-history":[{"count":2,"href":"https:\/\/unionpourlavienne.fr\/Union_Vienne_2016\/wordpress\/wp-json\/wp\/v2\/posts\/1895\/revisions"}],"predecessor-version":[{"id":1897,"href":"https:\/\/unionpourlavienne.fr\/Union_Vienne_2016\/wordpress\/wp-json\/wp\/v2\/posts\/1895\/revisions\/1897"}],"wp:featuredmedia":[{"embeddable":true,"href":"https:\/\/unionpourlavienne.fr\/Union_Vienne_2016\/wordpress\/wp-json\/wp\/v2\/media\/1871"}],"wp:attachment":[{"href":"https:\/\/unionpourlavienne.fr\/Union_Vienne_2016\/wordpress\/wp-json\/wp\/v2\/media?parent=1895"}],"wp:term":[{"taxonomy":"category","embeddable":true,"href":"https:\/\/unionpourlavienne.fr\/Union_Vienne_2016\/wordpress\/wp-json\/wp\/v2\/categories?post=1895"},{"taxonomy":"post_tag","embeddable":true,"href":"https:\/\/unionpourlavienne.fr\/Union_Vienne_2016\/wordpress\/wp-json\/wp\/v2\/tags?post=1895"}],"curies":[{"name":"wp","href":"https:\/\/api.w.org\/{rel}","templated":true}]}}