{"id":2071,"date":"2017-04-24T13:13:59","date_gmt":"2017-04-24T12:13:59","guid":{"rendered":"http:\/\/unionpourlavienne.fr\/Union_Vienne_2016\/wordpress\/?p=2071"},"modified":"2017-04-27T13:20:47","modified_gmt":"2017-04-27T12:20:47","slug":"en-lhonneur-des-eleveurs-et-producteurs-de-la-vienne-prime-au-sia-2017","status":"publish","type":"post","link":"https:\/\/unionpourlavienne.fr\/Union_Vienne_2016\/wordpress\/en-lhonneur-des-eleveurs-et-producteurs-de-la-vienne-prime-au-sia-2017\/","title":{"rendered":"En l&rsquo;honneur des \u00e9leveurs et producteurs de la Vienne prim\u00e9 au SIA 2017"},"content":{"rendered":"<p><em>Bruno BELIN, Pr\u00e9sident du d\u00e9partement, Jean-Olivier GEOFFROY, Vice-pr\u00e9sident charg\u00e9 de l&rsquo;Agriculture et de la Ruralit\u00e9, et Dominique MARCHAND, Pr\u00e9sident de la Chambre d&rsquo;Agriculture de la Vienne, ont re\u00e7us les \u00e9leveurs et producteurs de la Vienne prim\u00e9s au salon International de l&rsquo;Agriculture 2017. Claude BERTAUD, ancien Pr\u00e9sident du Conseil g\u00e9n\u00e9ral, et les Vice-pr\u00e9sidents Beno\u00eet COQUELET et Gilbert BEAUJANEAU, \u00e9taient \u00e9galement pr\u00e9sents \u00e0 cette r\u00e9ception.<\/em><\/p>\n<p><iframe loading=\"lazy\" style=\"width: 700px; height: 470px; max-width: 100%; overflow: hidden; border: none; padding: 0; margin: 0 auto; display: block;\" src=\"http:\/\/unionpourlavienne.fr\/2017-04-24\/index.html\" width=\"300\" height=\"150\" marginwidth=\"0\" marginheight=\"0\"><\/iframe><\/p>\n<p>Le 4 mars dernier, une d\u00e9l\u00e9gation du Conseil d\u00e9partemental de la Vienne et des Deux-S\u00e8vres s&rsquo;est rendue au Salon International de l&rsquo;Agriculture (SIA) 2017 \u00e0 Paris o\u00f9 la marque POITOU avait pris naissance l&rsquo;ann\u00e9e derni\u00e8re, afin de valoriser les produits et les producteurs du terroir.<\/p>\n<p>Le Concours G\u00e9n\u00e9ral Agricole qui se d\u00e9roule au SIA vise \u00e0 s\u00e9lectionner et primer les meilleurs produits et animaux reproducteurs fran\u00e7ais.<\/p>\n<p>C&rsquo;est un tremplin unique pour la promotion des produits et une vitrine de l&rsquo;excellence de la g\u00e9n\u00e9tique de notre pays.<\/p>\n<p>Chaque ann\u00e9e, les \u00e9leveurs et producteurs de la Vienne participent \u00e0 ce concours comportant cinq th\u00e9matiques : les animaux, les produits, les vins, les jeunes professionnels et les prairies fleuries.<\/p>\n<p>Le D\u00e9partement soutient cette cr\u00e9ation de valeur ajout\u00e9e par le d\u00e9veloppement de d\u00e9marches qualit\u00e9s d\u00e9velopp\u00e9es dans son programme d&rsquo;actions en Agriculture.<\/p>\n<p>Les laur\u00e9ats de la Vienne se sont distingu\u00e9s dans la cat\u00e9gorie Vins d&rsquo;Anjou et de Saumur, Vins du Haut-Poitou, Produits divers (gel\u00e9e de coings), produits laitiers national (fromage de ch\u00e8vre, Chabichou), Ovins (race Charmoise laine et viande, mouton Vend\u00e9en, Suffolk) et Equid\u00e9s (Trait Poitevin).<\/p>\n<p>Bruno BELIN a rappel\u00e9 cet \u00e9v\u00e8nement de mars dernier dans la capitale en parlant de \u00ab\u00a0<em>vrai temps fort<\/em>\u00a0\u00bb et rassur\u00e9 les habitants des territoires ruraux : \u00ab\u00a0<em>Il n&rsquo;y a pas de territoire abandonn\u00e9 ou oubli\u00e9. Nous sommes tous tr\u00e8s attach\u00e9s \u00e0 la ruralit\u00e9 et l&rsquo;agriculture<\/em>\u00ab\u00a0.<\/p>\n<p>Jean-Olivier GEOFFROY a confirm\u00e9 sa pr\u00e9occupation pour \u00ab\u00a0<em>une ruralit\u00e9 active et d&rsquo;avenir<\/em>\u00ab\u00a0.<\/p>\n<p>&nbsp;<\/p>\n<p>&nbsp;<\/p>\n<p>&nbsp;<\/p>\n","protected":false},"excerpt":{"rendered":"<p>Bruno BELIN, Jean-Olivier GEOFFROY et Dominique MARCHAND ont re\u00e7us les \u00e9leveurs et producteurs de la Vienne prim\u00e9s au salon International de l&rsquo;Agriculture 2017&#8230;<\/p>\n","protected":false},"author":1,"featured_media":2072,"comment_status":"closed","ping_status":"open","sticky":false,"template":"","format":"standard","meta":[],"categories":[62],"tags":[19,29],"_links":{"self":[{"href":"https:\/\/unionpourlavienne.fr\/Union_Vienne_2016\/wordpress\/wp-json\/wp\/v2\/posts\/2071"}],"collection":[{"href":"https:\/\/unionpourlavienne.fr\/Union_Vienne_2016\/wordpress\/wp-json\/wp\/v2\/posts"}],"about":[{"href":"https:\/\/unionpourlavienne.fr\/Union_Vienne_2016\/wordpress\/wp-json\/wp\/v2\/types\/post"}],"author":[{"embeddable":true,"href":"https:\/\/unionpourlavienne.fr\/Union_Vienne_2016\/wordpress\/wp-json\/wp\/v2\/users\/1"}],"replies":[{"embeddable":true,"href":"https:\/\/unionpourlavienne.fr\/Union_Vienne_2016\/wordpress\/wp-json\/wp\/v2\/comments?post=2071"}],"version-history":[{"count":1,"href":"https:\/\/unionpourlavienne.fr\/Union_Vienne_2016\/wordpress\/wp-json\/wp\/v2\/posts\/2071\/revisions"}],"predecessor-version":[{"id":2073,"href":"https:\/\/unionpourlavienne.fr\/Union_Vienne_2016\/wordpress\/wp-json\/wp\/v2\/posts\/2071\/revisions\/2073"}],"wp:featuredmedia":[{"embeddable":true,"href":"https:\/\/unionpourlavienne.fr\/Union_Vienne_2016\/wordpress\/wp-json\/wp\/v2\/media\/2072"}],"wp:attachment":[{"href":"https:\/\/unionpourlavienne.fr\/Union_Vienne_2016\/wordpress\/wp-json\/wp\/v2\/media?parent=2071"}],"wp:term":[{"taxonomy":"category","embeddable":true,"href":"https:\/\/unionpourlavienne.fr\/Union_Vienne_2016\/wordpress\/wp-json\/wp\/v2\/categories?post=2071"},{"taxonomy":"post_tag","embeddable":true,"href":"https:\/\/unionpourlavienne.fr\/Union_Vienne_2016\/wordpress\/wp-json\/wp\/v2\/tags?post=2071"}],"curies":[{"name":"wp","href":"https:\/\/api.w.org\/{rel}","templated":true}]}}