{"id":2075,"date":"2017-05-03T10:00:30","date_gmt":"2017-05-03T09:00:30","guid":{"rendered":"http:\/\/unionpourlavienne.fr\/Union_Vienne_2016\/wordpress\/?p=2075"},"modified":"2017-05-04T16:23:22","modified_gmt":"2017-05-04T15:23:22","slug":"visite-du-mur-de-danlot-et-accompagnement-des-projets-daslonnes","status":"publish","type":"post","link":"https:\/\/unionpourlavienne.fr\/Union_Vienne_2016\/wordpress\/visite-du-mur-de-danlot-et-accompagnement-des-projets-daslonnes\/","title":{"rendered":"Visite du mur de Danlot et accompagnement des projets d&rsquo;Aslonnes"},"content":{"rendered":"<p><em>Bruno BELIN, Pr\u00e9sident du D\u00e9partement, Rose-Marie BERTAUD et Gilbert BEAUJANEAU, Conseillers d\u00e9partementaux du canton de Vivonne, ont \u00e9t\u00e9 accueillis par Roland BOUCHET, Maire d&rsquo;Aslonnes pour une visite des travaux r\u00e9alis\u00e9s par le Conseil d\u00e9partemental sur le site du mur de Danlot et une r\u00e9union sur les projets de la commune.<\/em><\/p>\n<p><iframe loading=\"lazy\" style=\"width: 700px; height: 470px; max-width: 100%; overflow: hidden; border: none; padding: 0; margin: 0 auto; display: block;\" src=\"http:\/\/unionpourlavienne.fr\/2017-05-03\/index.html\" width=\"300\" height=\"150\" marginwidth=\"0\" marginheight=\"0\"><\/iframe><\/p>\n<p>Dans le cadre du programme des visites de communes de la Vienne, le Pr\u00e9sident Bruno BELIN s&rsquo;est rendu sur la commune d&rsquo;Aslonnes o\u00f9 il a \u00e9t\u00e9 accueilli par le maire Roland BOUCHET qui l&rsquo;a convi\u00e9 \u00e0 visiter les travaux r\u00e9alis\u00e9s entre le 28 juillet et le 16 d\u00e9cembre 2016 relatifs \u00e0 la reconstruction du mur de sout\u00e8nement de Danlot le long de la RD31.<\/p>\n<p>En effet, le 9 d\u00e9cembre 2014, est survenu un effondrement au niveau du virage au droit de la partie la plus haute.<\/p>\n<p>Les travaux ont consist\u00e9 au rejointement de l&rsquo;ensemble du mur sur 158 ml et sur une hauteur maximale de 6,50 m avec des reprises ponctuelles et en sous-\u0153uvre, la r\u00e9alisation d&rsquo;un contrefort d&rsquo;enrochement (22 000 tonnes de cailloux !) et d&rsquo;un voile en b\u00e9ton projet\u00e9.<\/p>\n<p>La chauss\u00e9e a \u00e9t\u00e9 reprofil\u00e9e avec l&rsquo;installation d&rsquo;un caniveau et d&rsquo;un dispositif de retenu de v\u00e9hicule en cas de choc en t\u00eate de mur.<\/p>\n<p>\u00ab\u00a0<em>L&rsquo;ensemble du chantier a \u00e9t\u00e9 suivi et contr\u00f4l\u00e9 par le service Ouvrages d&rsquo;art de la Direction des Routes et a \u00e9t\u00e9 enti\u00e8rement financ\u00e9 par le D\u00e9partement \u00e0 hauteur de 469 000 \u20ac<\/em> \u00a0\u00bb a confirm\u00e9 Bruno BELIN sur place.<\/p>\n<p>Roland BOUCHET a ensuite organis\u00e9 une r\u00e9union en mairie au cours de laquelle il a retrac\u00e9 les principales caract\u00e9ristiques de la commune d&rsquo;Aslonnes (1 105 habitants, 122 \u00e9l\u00e8ves dans l&rsquo;\u00e9cole, trois m\u00e9decins au sein du cabinet m\u00e9dical, 12 employ\u00e9s communaux, 852 000 \u20ac de budget de fonctionnement, 180 000 \u20ac en investissement etc.)<\/p>\n<p>Il a fait l&rsquo;historique des principaux \u00e9v\u00e8nements des 15 derni\u00e8res ann\u00e9es avec en particulier l&rsquo;incendie de la mairie, les probl\u00e8mes rencontr\u00e9s avec le projet de LGV en 2008 qui coupait alors la commune en deux et le rejet par l&rsquo;Etat d&rsquo;un projet de champ photovolta\u00efque sur des terres incultes.<\/p>\n<p>\u00ab\u00a0<em>Nous avons n\u00e9anmoins des projets \u00e0 Aslonnes avec la construction d&rsquo;une cantine pour l&rsquo;\u00e9cole, la cr\u00e9ation d&rsquo;un City-stade et d&rsquo;une zone pavillonnaire pour accueillir la population croissante<\/em>\u00a0\u00bb a-t-il annonc\u00e9.<\/p>\n<p>Bruno BELIN l&rsquo;a remerci\u00e9 de son accueil et f\u00e9licit\u00e9 pour l&rsquo;effort engag\u00e9 vers les jeunes de la commune qui, \u00e0 sa plus grande satisfaction ne souffre pas de d\u00e9sertification m\u00e9dicale ou de difficult\u00e9s particuli\u00e8res en termes de t\u00e9l\u00e9phonie et de d\u00e9veloppement du num\u00e9rique contrairement \u00e0 de nombreuses autres dans la Vienne. Il a \u00e9galement rassur\u00e9 les membres du Conseil municipal en ce qui concerne l&rsquo;accompagnement des projets dans les territoires par le D\u00e9partement via le dispositif d&rsquo;ACTIV&rsquo;<\/p>\n<p>Rendez-vous est pris pour la rentr\u00e9e en septembre prochain afin de rencontrer les \u00e9l\u00e8ves de la cinqui\u00e8me classe cr\u00e9e dans l&rsquo;\u00e9cole communale.<\/p>\n<p>&nbsp;<\/p>\n<p>&nbsp;<\/p>\n","protected":false},"excerpt":{"rendered":"<p>Bruno BELIN, Rose-Marie BERTAUD et Gilbert BEAUJANEAU ont \u00e9t\u00e9 accueillis par Roland BOUCHET, Maire d&rsquo;Aslonnes pour une visite des travaux r\u00e9alis\u00e9s sur le site du mur de Danlot&#8230;<\/p>\n","protected":false},"author":1,"featured_media":2076,"comment_status":"closed","ping_status":"open","sticky":false,"template":"","format":"standard","meta":[],"categories":[60,64,63,82],"tags":[19,24,37],"_links":{"self":[{"href":"https:\/\/unionpourlavienne.fr\/Union_Vienne_2016\/wordpress\/wp-json\/wp\/v2\/posts\/2075"}],"collection":[{"href":"https:\/\/unionpourlavienne.fr\/Union_Vienne_2016\/wordpress\/wp-json\/wp\/v2\/posts"}],"about":[{"href":"https:\/\/unionpourlavienne.fr\/Union_Vienne_2016\/wordpress\/wp-json\/wp\/v2\/types\/post"}],"author":[{"embeddable":true,"href":"https:\/\/unionpourlavienne.fr\/Union_Vienne_2016\/wordpress\/wp-json\/wp\/v2\/users\/1"}],"replies":[{"embeddable":true,"href":"https:\/\/unionpourlavienne.fr\/Union_Vienne_2016\/wordpress\/wp-json\/wp\/v2\/comments?post=2075"}],"version-history":[{"count":1,"href":"https:\/\/unionpourlavienne.fr\/Union_Vienne_2016\/wordpress\/wp-json\/wp\/v2\/posts\/2075\/revisions"}],"predecessor-version":[{"id":2077,"href":"https:\/\/unionpourlavienne.fr\/Union_Vienne_2016\/wordpress\/wp-json\/wp\/v2\/posts\/2075\/revisions\/2077"}],"wp:featuredmedia":[{"embeddable":true,"href":"https:\/\/unionpourlavienne.fr\/Union_Vienne_2016\/wordpress\/wp-json\/wp\/v2\/media\/2076"}],"wp:attachment":[{"href":"https:\/\/unionpourlavienne.fr\/Union_Vienne_2016\/wordpress\/wp-json\/wp\/v2\/media?parent=2075"}],"wp:term":[{"taxonomy":"category","embeddable":true,"href":"https:\/\/unionpourlavienne.fr\/Union_Vienne_2016\/wordpress\/wp-json\/wp\/v2\/categories?post=2075"},{"taxonomy":"post_tag","embeddable":true,"href":"https:\/\/unionpourlavienne.fr\/Union_Vienne_2016\/wordpress\/wp-json\/wp\/v2\/tags?post=2075"}],"curies":[{"name":"wp","href":"https:\/\/api.w.org\/{rel}","templated":true}]}}