{"id":2107,"date":"2017-05-04T14:00:02","date_gmt":"2017-05-04T13:00:02","guid":{"rendered":"http:\/\/unionpourlavienne.fr\/Union_Vienne_2016\/wordpress\/?p=2107"},"modified":"2017-05-17T14:09:47","modified_gmt":"2017-05-17T13:09:47","slug":"les-subventions-pour-le-canton-de-chauvigny-12","status":"publish","type":"post","link":"https:\/\/unionpourlavienne.fr\/Union_Vienne_2016\/wordpress\/les-subventions-pour-le-canton-de-chauvigny-12\/","title":{"rendered":"Les subventions pour le canton de Chauvigny"},"content":{"rendered":"<p><strong>\u00a0\u00a0\u00a0\u00a0\u00a0\u00a0\u00a0\u00a0\u00a0\u00a0\u00a0 <\/strong>Alain FOUCH\u00c9 et Isabelle BARREAU, Conseillers D\u00e9partementaux du Canton de Chauvigny, informent les habitants que les cr\u00e9dits et subventions accord\u00e9s par le Conseil D\u00e9partemental au b\u00e9n\u00e9fice des Communes, des associations et des particuliers du canton de Chauvigny lors de la session de mai 2017 se d\u00e9composent de la mani\u00e8re suivante\u00a0:<\/p>\n<ul>\n<li><strong>6 000 \u20ac <\/strong>\u00e0 Saint Radegonde pour d\u00e9molition et reconstruction du Pont le trait Blanc<\/li>\n<li><strong>16\u00a0200 \u20ac <\/strong>\u00e0 la Chapelle Viviers pour des travaux d\u2019am\u00e9nagement de la salle polyvalente<\/li>\n<li><strong>9\u00a0923 \u20ac <\/strong>\u00e0 Fleix pour habillage des conteneurs des poubelles par point de regroupement<\/li>\n<li><strong>2\u00a0596 \u20ac <\/strong>\u00e0 Fleix pour remplacement des convecteurs de l\u2019\u00e9cole<\/li>\n<li><strong>13\u00a0000 \u20ac <\/strong>\u00e0 Paizay le Sec pour la construction d\u2019une annexe \u00e0 la salle des f\u00eates<\/li>\n<li><strong>2 000 \u20ac<\/strong> au CCAS de Chauvigny pour l\u2019atelier cyclo<\/li>\n<li><strong>150 \u20ac <\/strong>\u00e0 Chauvigny prend des couleurs pour l\u2019organisation des peintres des rues 2017<\/li>\n<li><strong>2\u00a0300 \u20ac <\/strong>\u00e0 des propri\u00e9taires dans le cadre de la lutte contre la pr\u00e9carit\u00e9 \u00e9nerg\u00e9tique et l\u2019aide au maintien \u00e0 domicile<\/li>\n<\/ul>\n<p>Pour le secteur de Vouneuil-sur-Vienne<\/p>\n<ul>\n<li><strong>12 120 \u20ac <\/strong>au Coll\u00e8ge Camille Gu\u00e9rin de Vouneuil sur Vienne pour l\u2019achat d\u2019une cellule de refroidissement<\/li>\n<li><strong>23\u00a0100 \u20ac <\/strong>\u00e0 Archigny pour l\u2019am\u00e9nagement de la restauration scolairae et la r\u00e9novation des \u00e9coles<\/li>\n<li><strong>14\u00a0100 \u20ac <\/strong>\u00e0 Bellefonds pour les am\u00e9nagements communaux et d\u2019accessibilit\u00e9 de la mairie, du cimeti\u00e8re et du parc de loisirs<\/li>\n<li><strong>6\u00a0033 \u20ac <\/strong>\u00e0 des particuliers pour aide aux propri\u00e9taires occupants -maintien \u00e0 domicile, lutte contre la pr\u00e9carit\u00e9 \u00e9nerg\u00e9tique<\/li>\n<\/ul>\n<p><strong>\u00a0<\/strong><\/p>\n","protected":false},"excerpt":{"rendered":"<p>\u00a0\u00a0\u00a0\u00a0\u00a0\u00a0\u00a0\u00a0\u00a0\u00a0\u00a0 Alain FOUCH\u00c9 et Isabelle BARREAU, Conseillers D\u00e9partementaux du Canton de Chauvigny, informent les habitants que les cr\u00e9dits et subventions<\/p>\n","protected":false},"author":1,"featured_media":2079,"comment_status":"closed","ping_status":"open","sticky":false,"template":"","format":"standard","meta":[],"categories":[72,92],"tags":[13,27],"_links":{"self":[{"href":"https:\/\/unionpourlavienne.fr\/Union_Vienne_2016\/wordpress\/wp-json\/wp\/v2\/posts\/2107"}],"collection":[{"href":"https:\/\/unionpourlavienne.fr\/Union_Vienne_2016\/wordpress\/wp-json\/wp\/v2\/posts"}],"about":[{"href":"https:\/\/unionpourlavienne.fr\/Union_Vienne_2016\/wordpress\/wp-json\/wp\/v2\/types\/post"}],"author":[{"embeddable":true,"href":"https:\/\/unionpourlavienne.fr\/Union_Vienne_2016\/wordpress\/wp-json\/wp\/v2\/users\/1"}],"replies":[{"embeddable":true,"href":"https:\/\/unionpourlavienne.fr\/Union_Vienne_2016\/wordpress\/wp-json\/wp\/v2\/comments?post=2107"}],"version-history":[{"count":1,"href":"https:\/\/unionpourlavienne.fr\/Union_Vienne_2016\/wordpress\/wp-json\/wp\/v2\/posts\/2107\/revisions"}],"predecessor-version":[{"id":2108,"href":"https:\/\/unionpourlavienne.fr\/Union_Vienne_2016\/wordpress\/wp-json\/wp\/v2\/posts\/2107\/revisions\/2108"}],"wp:featuredmedia":[{"embeddable":true,"href":"https:\/\/unionpourlavienne.fr\/Union_Vienne_2016\/wordpress\/wp-json\/wp\/v2\/media\/2079"}],"wp:attachment":[{"href":"https:\/\/unionpourlavienne.fr\/Union_Vienne_2016\/wordpress\/wp-json\/wp\/v2\/media?parent=2107"}],"wp:term":[{"taxonomy":"category","embeddable":true,"href":"https:\/\/unionpourlavienne.fr\/Union_Vienne_2016\/wordpress\/wp-json\/wp\/v2\/categories?post=2107"},{"taxonomy":"post_tag","embeddable":true,"href":"https:\/\/unionpourlavienne.fr\/Union_Vienne_2016\/wordpress\/wp-json\/wp\/v2\/tags?post=2107"}],"curies":[{"name":"wp","href":"https:\/\/api.w.org\/{rel}","templated":true}]}}