{"id":2171,"date":"2017-06-22T10:00:44","date_gmt":"2017-06-22T09:00:44","guid":{"rendered":"http:\/\/unionpourlavienne.fr\/Union_Vienne_2016\/wordpress\/?p=2171"},"modified":"2017-06-26T15:35:45","modified_gmt":"2017-06-26T14:35:45","slug":"les-subventions-pour-le-canton-de-chasseneuil-du-poitou-21","status":"publish","type":"post","link":"https:\/\/unionpourlavienne.fr\/Union_Vienne_2016\/wordpress\/les-subventions-pour-le-canton-de-chasseneuil-du-poitou-21\/","title":{"rendered":"Les subventions pour le canton de Chasseneuil-du-Poitou"},"content":{"rendered":"<p>Pascale GUITTET, Maire et Vice-pr\u00e9sidente du Conseil D\u00e9partemental, et Claude EIDELSTEIN, Maire et Conseiller D\u00e9partemental, informent les habitants que les subventions accord\u00e9es par le Conseil D\u00e9partemental, au b\u00e9n\u00e9fice des communes, des associations et des particuliers du canton de Chasseneuil-du-Poitou lors de la D\u00e9cision Modificative N\u00b0 1, se d\u00e9composent de la mani\u00e8re suivante\u00a0:<\/p>\n<ul>\n<li>2 700 \u20ac \u00e0 EAUX DE VIENNE SIVEER pour l&rsquo;\u00e9tude de diagnostic des syst\u00e8mes d&rsquo;assainissement du bourg et des villages de la Pithi\u00e8re et de la Quaill\u00e8re, Comit\u00e9 Local de TERCE ;<\/li>\n<li>9 000 \u20ac \u00e0 SAVIGNY L EVESCAULT pour la r\u00e9alisation du diagnostic du syst\u00e8me d&rsquo;assainissement et zonage pluvial avec la gestion des inondations.<\/li>\n<\/ul>\n<p>&nbsp;<\/p>\n<p>&nbsp;<\/p>\n<p>&nbsp;<\/p>\n","protected":false},"excerpt":{"rendered":"<p>Pascale GUITTET, Maire et Vice-pr\u00e9sidente du Conseil D\u00e9partemental, et Claude EIDELSTEIN, Maire et Conseiller D\u00e9partemental, informent les habitants que les<\/p>\n","protected":false},"author":1,"featured_media":2172,"comment_status":"closed","ping_status":"open","sticky":false,"template":"","format":"standard","meta":[],"categories":[70,92],"tags":[20,35],"_links":{"self":[{"href":"https:\/\/unionpourlavienne.fr\/Union_Vienne_2016\/wordpress\/wp-json\/wp\/v2\/posts\/2171"}],"collection":[{"href":"https:\/\/unionpourlavienne.fr\/Union_Vienne_2016\/wordpress\/wp-json\/wp\/v2\/posts"}],"about":[{"href":"https:\/\/unionpourlavienne.fr\/Union_Vienne_2016\/wordpress\/wp-json\/wp\/v2\/types\/post"}],"author":[{"embeddable":true,"href":"https:\/\/unionpourlavienne.fr\/Union_Vienne_2016\/wordpress\/wp-json\/wp\/v2\/users\/1"}],"replies":[{"embeddable":true,"href":"https:\/\/unionpourlavienne.fr\/Union_Vienne_2016\/wordpress\/wp-json\/wp\/v2\/comments?post=2171"}],"version-history":[{"count":1,"href":"https:\/\/unionpourlavienne.fr\/Union_Vienne_2016\/wordpress\/wp-json\/wp\/v2\/posts\/2171\/revisions"}],"predecessor-version":[{"id":2173,"href":"https:\/\/unionpourlavienne.fr\/Union_Vienne_2016\/wordpress\/wp-json\/wp\/v2\/posts\/2171\/revisions\/2173"}],"wp:featuredmedia":[{"embeddable":true,"href":"https:\/\/unionpourlavienne.fr\/Union_Vienne_2016\/wordpress\/wp-json\/wp\/v2\/media\/2172"}],"wp:attachment":[{"href":"https:\/\/unionpourlavienne.fr\/Union_Vienne_2016\/wordpress\/wp-json\/wp\/v2\/media?parent=2171"}],"wp:term":[{"taxonomy":"category","embeddable":true,"href":"https:\/\/unionpourlavienne.fr\/Union_Vienne_2016\/wordpress\/wp-json\/wp\/v2\/categories?post=2171"},{"taxonomy":"post_tag","embeddable":true,"href":"https:\/\/unionpourlavienne.fr\/Union_Vienne_2016\/wordpress\/wp-json\/wp\/v2\/tags?post=2171"}],"curies":[{"name":"wp","href":"https:\/\/api.w.org\/{rel}","templated":true}]}}