{"id":2249,"date":"2017-07-26T10:00:43","date_gmt":"2017-07-26T09:00:43","guid":{"rendered":"http:\/\/unionpourlavienne.fr\/Union_Vienne_2016\/wordpress\/?p=2249"},"modified":"2017-08-21T08:33:51","modified_gmt":"2017-08-21T07:33:51","slug":"un-nouvel-amenagement-pour-plus-de-securite-du-carrefour-de-chalais-sur-la-rd-347","status":"publish","type":"post","link":"https:\/\/unionpourlavienne.fr\/Union_Vienne_2016\/wordpress\/un-nouvel-amenagement-pour-plus-de-securite-du-carrefour-de-chalais-sur-la-rd-347\/","title":{"rendered":"Un nouvel am\u00e9nagement pour plus de s\u00e9curit\u00e9 du carrefour de Chalais sur la RD 347"},"content":{"rendered":"<p><em>Bruno BELIN, Pr\u00e9sident du D\u00e9partement, Marie-Jeanne BELLAMY, Conseill\u00e8re d\u00e9partementale du canton de Loudun, Gilbert BEAUJANNEAU, Vice-pr\u00e9sident charg\u00e9 des Routes, et Fran\u00e7ois BOCK, Rapporteur de la Commission des Routes, ont pr\u00e9sent\u00e9 les travaux d&rsquo;am\u00e9nagement de s\u00e9curit\u00e9 du carrefour de Chalais sur la RD 347, en pr\u00e9sence d&rsquo;Hubert BEAUFUM\u00c9, Maire de Chalais.<\/em><\/p>\n<p>Les travaux de construction d\u2019un nouveau carrefour s\u00e9curis\u00e9 de type \u00ab\u00a0tourne \u00e0 gauche\u00a0\u00bb sur la RD 347, ont d\u00e9but\u00e9 d\u00e9but juillet, au niveau de l\u2019aire de repos \u00ab\u00a0la Briande\u00a0\u00bb et de l\u2019acc\u00e8s \u00e0 la Maison de Pays situ\u00e9s \u00e0 Chalais.<\/p>\n<p>Ce projet s\u2019inscrit dans la cadre du <a href=\"https:\/\/unionpourlavienne.fr\/Union_Vienne_2016\/wordpress\/wp-content\/uploads\/2017\/08\/2017-07-26.pdf\" target=\"_blank\" rel=\"noopener noreferrer\"><strong>Sch\u00e9ma Routier 2016-2021 de 122 M\u20ac du D\u00e9partement<\/strong><\/a>. Il a \u00e9t\u00e9 identifi\u00e9 comme prioritaire d\u00e8s 2015 en raison du caract\u00e8re tr\u00e8s accidentog\u00e8ne de la concentration des carrefours existants. Il apparait notamment que le d\u00e9bouch\u00e9 de la RD 52 sur la RD 347 pr\u00e9sente des caract\u00e9ristiques g\u00e9om\u00e9triques difficiles rendant les mouvements \u00e0 ce carrefour dangereux. Il a \u00e9t\u00e9 d\u00e9cid\u00e9 de rabattre la RD 52 sur la RD 347 en s\u2019appuyant sur la voie communale de Chalais.<\/p>\n<p>L\u2019objectif est de r\u00e9duire le nombre de carrefours le long de la RD 347 entre la RD 52 et l\u2019aire de repos \u00ab\u00a0la Briande\u00a0\u00bb, afin que l\u2019am\u00e9nagement soit pleinement conforme aux normes actuelles de s\u00e9curit\u00e9. Par cons\u00e9quent, le carrefour RD 52\/RD347 existant (route de Moncontour) va \u00eatre supprim\u00e9 ainsi que le carrefour avec la voie communale.<\/p>\n<p>L\u2019acc\u00e8s \u00e0 l\u2019aire de repos et \u00e0 la Maison de Pays se fera depuis la RD 52 par un carrefour en croix classique.<\/p>\n<p><img loading=\"lazy\" class=\"aligncenter size-full wp-image-2253\" src=\"https:\/\/unionpourlavienne.fr\/Union_Vienne_2016\/wordpress\/wp-content\/uploads\/2017\/08\/2017-07-26-a.jpg\" alt=\"\" width=\"481\" height=\"340\" srcset=\"https:\/\/unionpourlavienne.fr\/Union_Vienne_2016\/wordpress\/wp-content\/uploads\/2017\/08\/2017-07-26-a.jpg 481w, https:\/\/unionpourlavienne.fr\/Union_Vienne_2016\/wordpress\/wp-content\/uploads\/2017\/08\/2017-07-26-a-300x212.jpg 300w\" sizes=\"(max-width: 481px) 100vw, 481px\" \/><\/p>\n<p><img loading=\"lazy\" class=\"aligncenter size-full wp-image-2250\" src=\"https:\/\/unionpourlavienne.fr\/Union_Vienne_2016\/wordpress\/wp-content\/uploads\/2017\/08\/2017-07-26-b.jpg\" alt=\"\" width=\"386\" height=\"563\" srcset=\"https:\/\/unionpourlavienne.fr\/Union_Vienne_2016\/wordpress\/wp-content\/uploads\/2017\/08\/2017-07-26-b.jpg 386w, https:\/\/unionpourlavienne.fr\/Union_Vienne_2016\/wordpress\/wp-content\/uploads\/2017\/08\/2017-07-26-b-206x300.jpg 206w\" sizes=\"(max-width: 386px) 100vw, 386px\" \/><\/p>\n<p>Le d\u00e9capage, les terrassements et le traitement en place des mat\u00e9riaux pour couche de forme seront r\u00e9alis\u00e9s en Juillet, et l&rsquo;assainissement routier pendant la premi\u00e8re semaine d&rsquo;ao\u00fbt. La r\u00e9alisation des chauss\u00e9es et des finitions (engazonnement et signalisation) se d\u00e9rouleront en septembre et octobre prochains.<\/p>\n<p>L\u2019op\u00e9ration globale repr\u00e9sente un budget de pr\u00e8s d\u2019un million d\u2019euros enti\u00e8rement financ\u00e9 par le D\u00e9partement. Le co\u00fbt comprend les travaux et les d\u00e9penses li\u00e9es aux acquisitions fonci\u00e8res, aux \u00e9tudes, pr\u00e9alables (lev\u00e9 topographique, \u00e9tudes de sols), \u00e9tudes r\u00e9glementaires et environnementales ainsi qu\u2019aux fouilles arch\u00e9ologiques demand\u00e9es par les Services de l\u2019Etat.<\/p>\n<p>&nbsp;<\/p>\n<p>&nbsp;<\/p>\n<p>&nbsp;<\/p>\n","protected":false},"excerpt":{"rendered":"<p>Bruno BELIN, Marie-Jeanne BELLAMY, Gilbert BEAUJANNEAU et Fran\u00e7ois BOCK ont pr\u00e9sent\u00e9 les travaux d&rsquo;am\u00e9nagement de s\u00e9curit\u00e9 du carrefour de Chalais sur la RD 347, en pr\u00e9sence d&rsquo;Hubert BEAUFUM\u00c9, Maire de Chalais&#8230;<\/p>\n","protected":false},"author":1,"featured_media":2251,"comment_status":"closed","ping_status":"open","sticky":false,"template":"","format":"standard","meta":[],"categories":[60,75,63],"tags":[19,23,24,33],"_links":{"self":[{"href":"https:\/\/unionpourlavienne.fr\/Union_Vienne_2016\/wordpress\/wp-json\/wp\/v2\/posts\/2249"}],"collection":[{"href":"https:\/\/unionpourlavienne.fr\/Union_Vienne_2016\/wordpress\/wp-json\/wp\/v2\/posts"}],"about":[{"href":"https:\/\/unionpourlavienne.fr\/Union_Vienne_2016\/wordpress\/wp-json\/wp\/v2\/types\/post"}],"author":[{"embeddable":true,"href":"https:\/\/unionpourlavienne.fr\/Union_Vienne_2016\/wordpress\/wp-json\/wp\/v2\/users\/1"}],"replies":[{"embeddable":true,"href":"https:\/\/unionpourlavienne.fr\/Union_Vienne_2016\/wordpress\/wp-json\/wp\/v2\/comments?post=2249"}],"version-history":[{"count":1,"href":"https:\/\/unionpourlavienne.fr\/Union_Vienne_2016\/wordpress\/wp-json\/wp\/v2\/posts\/2249\/revisions"}],"predecessor-version":[{"id":2254,"href":"https:\/\/unionpourlavienne.fr\/Union_Vienne_2016\/wordpress\/wp-json\/wp\/v2\/posts\/2249\/revisions\/2254"}],"wp:featuredmedia":[{"embeddable":true,"href":"https:\/\/unionpourlavienne.fr\/Union_Vienne_2016\/wordpress\/wp-json\/wp\/v2\/media\/2251"}],"wp:attachment":[{"href":"https:\/\/unionpourlavienne.fr\/Union_Vienne_2016\/wordpress\/wp-json\/wp\/v2\/media?parent=2249"}],"wp:term":[{"taxonomy":"category","embeddable":true,"href":"https:\/\/unionpourlavienne.fr\/Union_Vienne_2016\/wordpress\/wp-json\/wp\/v2\/categories?post=2249"},{"taxonomy":"post_tag","embeddable":true,"href":"https:\/\/unionpourlavienne.fr\/Union_Vienne_2016\/wordpress\/wp-json\/wp\/v2\/tags?post=2249"}],"curies":[{"name":"wp","href":"https:\/\/api.w.org\/{rel}","templated":true}]}}