{"id":2262,"date":"2017-09-01T11:00:27","date_gmt":"2017-09-01T10:00:27","guid":{"rendered":"http:\/\/unionpourlavienne.fr\/Union_Vienne_2016\/wordpress\/?p=2262"},"modified":"2017-09-01T14:43:27","modified_gmt":"2017-09-01T13:43:27","slug":"les-courses-de-la-roche-posay-organisent-le-premier-prix-du-poitou","status":"publish","type":"post","link":"https:\/\/unionpourlavienne.fr\/Union_Vienne_2016\/wordpress\/les-courses-de-la-roche-posay-organisent-le-premier-prix-du-poitou\/","title":{"rendered":"Les courses de La Roche-Posay organisent le premier \u00ab\u00a0Prix du Poitou\u00a0\u00bb"},"content":{"rendered":"<p><em>Pascale GUITTET, Vice-pr\u00e9sidente en charge de la Jeunesse et des Sports, et Pascale MOREAU, Vice-pr\u00e9sidente et Maire de La Roche-Posay, ont pr\u00e9sent\u00e9 la premi\u00e8re journ\u00e9e hippique plac\u00e9e sous le signe de la Vienne et du Poitou en pr\u00e9sence de Jean-Louis OLIVIER, Pr\u00e9sident de la Soci\u00e9t\u00e9 des Courses de La Roche-Posay. Le Poitou sera mis \u00e0 l&rsquo;honneur dimanche 10 septembre prochain, pour la premi\u00e8re fois, \u00e0 l&rsquo;hippodrome de la G\u00e2tini\u00e8re avec au programme un \u00ab\u00a0Prix du Poitou\u00a0\u00bb(plat) et un \u00ab\u00a0Prix du D\u00e9partement\u00a0\u00bb (trot).<\/em><\/p>\n<p><iframe loading=\"lazy\" style=\"width: 700px; height: 470px; max-width: 100%; overflow: hidden; border: none; padding: 0; margin: 0 auto; display: block;\" src=\"http:\/\/unionpourlavienne.fr\/2017-09-01\/index.html\" width=\"300\" height=\"150\" marginwidth=\"0\" marginheight=\"0\"><\/iframe><br \/>\nLe Pr\u00e9sident de la Soci\u00e9t\u00e9 des Courses de La Roche-Posay a pr\u00e9sent\u00e9 un bilan \u00e9quilibr\u00e9 \u00e0 deux courses du terme de la saison 2017 : \u00ab\u00a0<em>Le bilan est satisfaisant avec un budget maitris\u00e9 d&rsquo;environ 350 000 \u20ac. Nous avons une client\u00e8le nouvelle compos\u00e9e de nombreux touristes \u00e9trangers (+20%) et une moyenne de plus de 1 000 entr\u00e9es payantes sur les trois derni\u00e8res courses. Je tiens \u00e0 remercier tous nos partenaires et la trentaine de b\u00e9n\u00e9voles sans qui ces manifestations ne pourraient pas avoir lieu <\/em>\u00a0\u00bb<\/p>\n<p>Pour la premi\u00e8re fois, l&rsquo;Hippodrome de la G\u00e2tini\u00e8re accueillera le \u00ab\u00a0Prix du Poitou\u00a0\u00bb, course de plat qui vient s&rsquo;ajouter au traditionnel \u00ab\u00a0Prix du d\u00e9partement (trot). Ce sera l&rsquo;occasion de promouvoir les produits du terroir autour d&rsquo;un Village Poitou avec la participation de producteurs locaux (la Biscuiterie artisanale Serenity Biscuits de Vicq-sur-Gartempe, les produits MOINAUD \u00e0 base de Safran de Chauvigny, L&rsquo;escargot du Poitou et les fromages PETITSIGNE de Saint-Sauveur) et d&rsquo;artisans cr\u00e9ateurs de bijoux et d&rsquo;objets de sellerie.<\/p>\n<p>\u00ab\u00a0<em>Le D\u00e9partement a toujours \u00e9t\u00e9 aux c\u00f4t\u00e9s de la commune de La Roche-Posay pour soutenir l&rsquo;hippodrome<\/em>\u00a0\u00bb s&rsquo;est r\u00e9jouie Pascale MOREAU. \u00ab\u00a0<em>La commune b\u00e9n\u00e9ficie de sept dimanches de courses durant l&rsquo;\u00e9t\u00e9 dont l&rsquo;une est consacr\u00e9e au D\u00e9partement qui est de niveau PMU national une fois tous les deux ans<\/em>\u00ab\u00a0.<\/p>\n<p>\u00ab\u00a0<em>Le D\u00e9partement est partenaire des courses hippiques depuis longtemps avec l&rsquo;organisation du \u00ab\u00a0Prix du D\u00e9partement\u00a0\u00bb et est fier de promouvoir la notori\u00e9t\u00e9 et la diversit\u00e9 du Poitou au travers de cette nouvelle course. Elle vient compl\u00e9ter les cinq autres prix bien connus des hippophiles que sont celui des Commer\u00e7ants et Artisans (plat), du KUBOTA-Center Parcs (plat), du Futuroscope (plat), d&rsquo;Alizon Automobiles (trot) et de la Mutuelle de Poitiers Assurances (trot). Je remercie le Pr\u00e9sident de la Soci\u00e9t\u00e9 des Courses de La Roche-Posay d&rsquo;avoir relanc\u00e9 le dynamisme de l&rsquo;hippodrome<\/em>\u00a0\u00bb a conclu Pascale GUITTET.<\/p>\n<p>Le nouveau \u00ab\u00a0Prix du Poitou\u00a0\u00bb sera remis en pr\u00e9sence de Bruno BELIN, Pr\u00e9sident du D\u00e9partement de la Vienne, et d&rsquo;Herv\u00e9 de TALOUET-ROY, Vice-pr\u00e9sident du d\u00e9partement des Deux-S\u00e8vres.<\/p>\n<p>La journ\u00e9e sera agr\u00e9ment\u00e9e d&rsquo;animations pour tous, de tirage au sort \u00e0 partir des billets des courses pour gagner des entr\u00e9es au Futuroscope, et d&rsquo;un go\u00fbter offert par la Soci\u00e9t\u00e9 des Courses pour les plus jeunes<\/p>\n<p>Rendez-vous dimanche 10 septembre \u00e0 l&rsquo;Hippodrome de la G\u00e2tini\u00e8re de La Roche-Posay !<\/p>\n<p>&nbsp;<\/p>\n","protected":false},"excerpt":{"rendered":"<p>Pascale GUITTET et Pascale MOREAU ont pr\u00e9sent\u00e9 la premi\u00e8re journ\u00e9e hippique plac\u00e9e sous le signe de la Vienne et du Poitou en pr\u00e9sence de Jean-Louis OLIVIER, Pr\u00e9sident de la Soci\u00e9t\u00e9 des Courses de La Roche-Posay&#8230;<\/p>\n","protected":false},"author":1,"featured_media":2263,"comment_status":"closed","ping_status":"open","sticky":false,"template":"","format":"standard","meta":[],"categories":[85,65],"tags":[35,36],"_links":{"self":[{"href":"https:\/\/unionpourlavienne.fr\/Union_Vienne_2016\/wordpress\/wp-json\/wp\/v2\/posts\/2262"}],"collection":[{"href":"https:\/\/unionpourlavienne.fr\/Union_Vienne_2016\/wordpress\/wp-json\/wp\/v2\/posts"}],"about":[{"href":"https:\/\/unionpourlavienne.fr\/Union_Vienne_2016\/wordpress\/wp-json\/wp\/v2\/types\/post"}],"author":[{"embeddable":true,"href":"https:\/\/unionpourlavienne.fr\/Union_Vienne_2016\/wordpress\/wp-json\/wp\/v2\/users\/1"}],"replies":[{"embeddable":true,"href":"https:\/\/unionpourlavienne.fr\/Union_Vienne_2016\/wordpress\/wp-json\/wp\/v2\/comments?post=2262"}],"version-history":[{"count":2,"href":"https:\/\/unionpourlavienne.fr\/Union_Vienne_2016\/wordpress\/wp-json\/wp\/v2\/posts\/2262\/revisions"}],"predecessor-version":[{"id":2265,"href":"https:\/\/unionpourlavienne.fr\/Union_Vienne_2016\/wordpress\/wp-json\/wp\/v2\/posts\/2262\/revisions\/2265"}],"wp:featuredmedia":[{"embeddable":true,"href":"https:\/\/unionpourlavienne.fr\/Union_Vienne_2016\/wordpress\/wp-json\/wp\/v2\/media\/2263"}],"wp:attachment":[{"href":"https:\/\/unionpourlavienne.fr\/Union_Vienne_2016\/wordpress\/wp-json\/wp\/v2\/media?parent=2262"}],"wp:term":[{"taxonomy":"category","embeddable":true,"href":"https:\/\/unionpourlavienne.fr\/Union_Vienne_2016\/wordpress\/wp-json\/wp\/v2\/categories?post=2262"},{"taxonomy":"post_tag","embeddable":true,"href":"https:\/\/unionpourlavienne.fr\/Union_Vienne_2016\/wordpress\/wp-json\/wp\/v2\/tags?post=2262"}],"curies":[{"name":"wp","href":"https:\/\/api.w.org\/{rel}","templated":true}]}}