{"id":2341,"date":"2017-09-04T09:03:21","date_gmt":"2017-09-04T08:03:21","guid":{"rendered":"http:\/\/unionpourlavienne.fr\/Union_Vienne_2016\/wordpress\/?p=2341"},"modified":"2017-09-28T09:07:11","modified_gmt":"2017-09-28T08:07:11","slug":"rentree-scolaire-au-college-leon-huet-de-la-roche-posay","status":"publish","type":"post","link":"https:\/\/unionpourlavienne.fr\/Union_Vienne_2016\/wordpress\/rentree-scolaire-au-college-leon-huet-de-la-roche-posay\/","title":{"rendered":"Rentr\u00e9e scolaire au coll\u00e8ge L\u00e9on Huet de La Roche-Posay"},"content":{"rendered":"<p>Pascale MOREAU, Maire de La Roche-Posay, Vice-pr\u00e9sidente du Conseil d\u00e9partemental de la Vienne et Mme St\u00e9phanie LENOIR, principale ont accueilli Bruno BELIN, Pr\u00e9sident du Conseil d\u00e9partemental de la Vienne, Henri COLIN, Vice-pr\u00e9sident en charge de l\u2019\u00e9ducation, Jo\u00eblle PELTIER, Conseill\u00e8re d\u00e9partementale et rapporteuse de la commission \u00e9ducation, Thierry CLAVERIE, Directeur acad\u00e9mique des services de l\u2019Education Nationale et des repr\u00e9sentant des communes environnantes pour effectuer une visite du coll\u00e8ge et des travaux r\u00e9alis\u00e9s en 2016-2017.<\/p>\n<p><iframe loading=\"lazy\" style=\"width: 700px; height: 470px; max-width: 100%; overflow: hidden; border: none; padding: 0; margin: 0 auto; display: block;\" src=\"http:\/\/unionpourlavienne.fr\/2017-09-04b\/index.html\" width=\"300\" height=\"150\" marginwidth=\"0\" marginheight=\"0\"><\/iframe><\/p>\n<p>Le coll\u00e8ge de La Roche-Posay accueille 215 \u00e9l\u00e8ves qui proviennent de l\u2019ancien canton. 61 \u00e9l\u00e8ves ont fait leur rentr\u00e9e en 6<sup>e<\/sup>.<\/p>\n<p>Le d\u00e9partement depuis 1986 a investi 2,50 millions d\u2019euros sur le coll\u00e8ge de La Roche-Posay. En 2017, \u00a0le d\u00e9partement attribue 97\u00a0000 euros pour r\u00e9aliser de gros travaux, op\u00e9ration inscrite dans le plan Coll\u00e8ges 2015-2025\u00a0:<\/p>\n<ul>\n<li>installation d\u2019un portillon avec visiophone sur l\u2019entr\u00e9e principale \u00e9l\u00e8ves\u00a0;<\/li>\n<li>remplacement d\u2019une vanne 3 voies motoris\u00e9e sur le circuit \u00ab salle de classe \u00bb\u00a0;<\/li>\n<li>r\u00e9fection de l\u2019\u00e9tanch\u00e9it\u00e9 de la toiture terrasse du b\u00e2timent demi-pension\u00a0;<\/li>\n<li>travaux de mise en conformit\u00e9 \u00e9lectrique.<\/li>\n<\/ul>\n<p>A l\u2019hiver 2017-2018 d\u00e9buteront les travaux de r\u00e9habilitation du gymnase dont le ma\u00eetre d\u2019ouvrage est le Grand Ch\u00e2tellerault avec l\u2019aide du Conseil d\u00e9partemental de la Vienne.<\/p>\n<p>Le d\u00e9partement favorise aussi l\u2019utilisation des nouvelles technologies en mettant \u00e0 disposition des \u00e9l\u00e8ves environ 75 ordinateurs. Plus de 284 000 \u20ac sont consacr\u00e9s au financement des nouvelles technologies depuis 1986. A noter \u00e9galement l\u2019\u00e9quipement d\u2019une classe mobile de 15 tablettes au cours de l\u2019ann\u00e9e scolaire 2017-2018 dans le cadre du Plan Num\u00e9rique pour l\u2019\u00c9ducation.<\/p>\n","protected":false},"excerpt":{"rendered":"<p>Pascale MOREAU et St\u00e9phanie LENOIR ont accueilli Bruno BELIN, Henri COLIN, Jo\u00eblle PELTIER, &#8230;, pour effectuer une visite du coll\u00e8ge et des travaux r\u00e9alis\u00e9s en 2016-2017&#8230;<\/p>\n","protected":false},"author":1,"featured_media":2342,"comment_status":"closed","ping_status":"open","sticky":false,"template":"","format":"standard","meta":[],"categories":[87,59],"tags":[19,26,31,36],"_links":{"self":[{"href":"https:\/\/unionpourlavienne.fr\/Union_Vienne_2016\/wordpress\/wp-json\/wp\/v2\/posts\/2341"}],"collection":[{"href":"https:\/\/unionpourlavienne.fr\/Union_Vienne_2016\/wordpress\/wp-json\/wp\/v2\/posts"}],"about":[{"href":"https:\/\/unionpourlavienne.fr\/Union_Vienne_2016\/wordpress\/wp-json\/wp\/v2\/types\/post"}],"author":[{"embeddable":true,"href":"https:\/\/unionpourlavienne.fr\/Union_Vienne_2016\/wordpress\/wp-json\/wp\/v2\/users\/1"}],"replies":[{"embeddable":true,"href":"https:\/\/unionpourlavienne.fr\/Union_Vienne_2016\/wordpress\/wp-json\/wp\/v2\/comments?post=2341"}],"version-history":[{"count":1,"href":"https:\/\/unionpourlavienne.fr\/Union_Vienne_2016\/wordpress\/wp-json\/wp\/v2\/posts\/2341\/revisions"}],"predecessor-version":[{"id":2343,"href":"https:\/\/unionpourlavienne.fr\/Union_Vienne_2016\/wordpress\/wp-json\/wp\/v2\/posts\/2341\/revisions\/2343"}],"wp:featuredmedia":[{"embeddable":true,"href":"https:\/\/unionpourlavienne.fr\/Union_Vienne_2016\/wordpress\/wp-json\/wp\/v2\/media\/2342"}],"wp:attachment":[{"href":"https:\/\/unionpourlavienne.fr\/Union_Vienne_2016\/wordpress\/wp-json\/wp\/v2\/media?parent=2341"}],"wp:term":[{"taxonomy":"category","embeddable":true,"href":"https:\/\/unionpourlavienne.fr\/Union_Vienne_2016\/wordpress\/wp-json\/wp\/v2\/categories?post=2341"},{"taxonomy":"post_tag","embeddable":true,"href":"https:\/\/unionpourlavienne.fr\/Union_Vienne_2016\/wordpress\/wp-json\/wp\/v2\/tags?post=2341"}],"curies":[{"name":"wp","href":"https:\/\/api.w.org\/{rel}","templated":true}]}}