{"id":2350,"date":"2017-09-29T16:00:37","date_gmt":"2017-09-29T15:00:37","guid":{"rendered":"http:\/\/unionpourlavienne.fr\/Union_Vienne_2016\/wordpress\/?p=2350"},"modified":"2017-09-29T16:02:38","modified_gmt":"2017-09-29T15:02:38","slug":"prevenir-avant-davoir-a-guerir","status":"publish","type":"post","link":"https:\/\/unionpourlavienne.fr\/Union_Vienne_2016\/wordpress\/prevenir-avant-davoir-a-guerir\/","title":{"rendered":"Pr\u00e9venir avant d&rsquo;avoir \u00e0 gu\u00e9rir !"},"content":{"rendered":"<p><em>\u00c0 la veille de la Semaine Bleue, rendez-vous annuel pour sensibiliser et informer sur les difficult\u00e9s et pr\u00e9occupations des personnes \u00e2g\u00e9es, Val\u00e9rie DAUGE, Pr\u00e9sidente de la Conf\u00e9rence des Financeurs de la Pr\u00e9vention de la Perte d&rsquo;Autonomie (CFPPA), Premi\u00e8re Vice-pr\u00e9sidente du D\u00e9partement charg\u00e9e des personnes \u00e2g\u00e9es et handicap\u00e9es, et Bruno BELIN, Pr\u00e9sident du D\u00e9partement, ont pr\u00e9sent\u00e9 les actions 2017 pour la pr\u00e9vention en direction des personnes \u00e2g\u00e9es dans la Vienne. Sybil PCRIAUX, Rapporteur de la Commission de l&rsquo;Action Sociale, l&rsquo;Enfance et la famille, a \u00e9galement particip\u00e9 aux \u00e9changes.<\/em><\/p>\n<p><iframe loading=\"lazy\" style=\"width: 700px; height: 470px; max-width: 100%; overflow: hidden; border: none; padding: 0; margin: 0 auto; display: block;\" src=\"http:\/\/unionpourlavienne.fr\/2017-09-29\/index.html\" width=\"300\" height=\"150\" marginwidth=\"0\" marginheight=\"0\"><\/iframe><\/p>\n<p>C&rsquo;est en 1977 que la \u00ab\u00a0Semaine Bleue\u00a0\u00bb s&rsquo;inscrit dans le prolongement de la semaine de la journ\u00e9e internationale des personnes \u00e2g\u00e9es avec un slogan \u00ab\u00a0<em>365 jours pour agir, sept jours pour le dire !<\/em>\u00a0\u00bb L&rsquo;objectif de cette semaine de niveau national est de lutter contre l&rsquo;isolement et la solitude des personnes \u00e2g\u00e9es, cr\u00e9er des liens entre tous et tisser une toile entre les g\u00e9n\u00e9rations.<\/p>\n<p>La loi relative \u00e0 l&rsquo;adaptation de la soci\u00e9t\u00e9 au vieillissement (ASV) de 2015 a fait de la pr\u00e9vention le moteur de la politique de l&rsquo;\u00e2ge et a conforter le D\u00e9partement dans son r\u00f4le de chef de file de la politique relative aux personnes \u00e2g\u00e9es. Cette pr\u00e9vention est devenue un champ de comp\u00e9tences obligatoires avec l&rsquo;instauration de la Conf\u00e9rence des Financeurs de la Pr\u00e9vention de la Perte d&rsquo;Autonomie (CFPPA), pilot\u00e9e par le D\u00e9partement et pr\u00e9sid\u00e9e dans la Vienne par Val\u00e9rie DAUGE, Premi\u00e8re Vice-pr\u00e9sidente charg\u00e9e des personnes \u00e2g\u00e9es et des personnes handicap\u00e9es.<\/p>\n<p>La CFPPA a pour objectif de cr\u00e9er un maillage territorial des actions de pr\u00e9vention de la perte d&rsquo;autonomie \u00e0 destination des personnes \u00e2g\u00e9es de 60 ans et plus vivant \u00e0 domicile ou en r\u00e9sidence-autonomie gr\u00e2ce \u00e0 un plan coordonn\u00e9 de financement.<\/p>\n<p>Install\u00e9e dans la Vienne depuis 2016, elle a d\u00e9fini un programme d&rsquo;actions individuelles et collectives de pr\u00e9vention C&rsquo;est ainsi qu&rsquo;en en 2016, 54 actions collectives touchant 4 400 personnes \u00e0 domicile et 139 actions b\u00e9n\u00e9ficiant \u00e0 1978 personnes en r\u00e9sidence-autonomie ont \u00e9t\u00e9 r\u00e9alis\u00e9es pour un montant global de 740\u00a0200 \u20ac :<\/p>\n<h3 style=\"text-align: center;\">200 actions de pr\u00e9vention 2016, pour 6378 personnes \u00e2g\u00e9es \u00e0 domicile ou en r\u00e9sidence-autonomie<\/h3>\n<p><a href=\"https:\/\/unionpourlavienne.fr\/Union_Vienne_2016\/wordpress\/wp-content\/uploads\/2017\/09\/carte20170929-b.jpg\" target=\"_blank\" rel=\"noopener noreferrer\"><img loading=\"lazy\" class=\"aligncenter size-full wp-image-2354\" src=\"https:\/\/unionpourlavienne.fr\/Union_Vienne_2016\/wordpress\/wp-content\/uploads\/2017\/09\/carte20170929-a.jpg\" alt=\"\" width=\"700\" height=\"934\" srcset=\"https:\/\/unionpourlavienne.fr\/Union_Vienne_2016\/wordpress\/wp-content\/uploads\/2017\/09\/carte20170929-a.jpg 700w, https:\/\/unionpourlavienne.fr\/Union_Vienne_2016\/wordpress\/wp-content\/uploads\/2017\/09\/carte20170929-a-225x300.jpg 225w\" sizes=\"(max-width: 700px) 100vw, 700px\" \/><\/a><\/p>\n<p>&nbsp;<\/p>\n<p>&nbsp;<\/p>\n<p>&nbsp;<\/p>\n<p>&nbsp;<\/p>\n<p>&nbsp;<\/p>\n<p>En 2017,60 actions pour les personnes \u00e0 domicile et le financement d&rsquo;actions dans 30 r\u00e9sidences-autonomie, ont \u00e9t\u00e9 mis en place pour un budget de 815\u00a0039 \u20ac.<\/p>\n<p>\u00ab\u00a0<em>Le budget pour les personnes \u00e2g\u00e9es en 2017 s&rsquo;\u00e9l\u00e8ve \u00e0 60\u00a0201\u00a0000 \u20ac dans la Vienne et le D\u00e9partement accompagne 9 900 personnes \u00e2g\u00e9es. Cela repr\u00e9sente 4 450 emplois \u00e0 domicile ou en \u00e9tablissement, non d\u00e9localisables. En 2016-2017, un programme de pr\u00e8s de 250 actions a \u00e9t\u00e9 engag\u00e9 pour un budget d&rsquo;1,55 millions d&rsquo;euros\u00a0\u00bb<\/em> a pr\u00e9cis\u00e9 Val\u00e9rie DAUGE.<\/p>\n<p>Bruno Belin a rappel\u00e9 que 10 places cr\u00e9\u00e9es en Etablissement d&rsquo;H\u00e9bergement pour Personnes Ag\u00e9es D\u00e9pendantes (EHPAD) permettaient de cr\u00e9er quatre emplois et qu&rsquo;une place pour une personne handicap\u00e9e g\u00e9n\u00e9rait un emploi suppl\u00e9mentaire. \u00ab\u00a0<em>Nous avons besoin de davantage de places car si en 2013, 18,3 % de la population de la Vienne \u00e9taient \u00e2g\u00e9s de plus de 60 ans, en 2040 ce sera 31,1 % de la population dont 10,2 % de personnes \u00e2g\u00e9es de plus de 80 ans. Il ne faut pas geler le PRIAC<\/em> (PRogramme Interd\u00e9partemental d&rsquo;ACccompagnement des handicap\u00e9s et de la perte d&rsquo;autonomie) <em>et commettre la m\u00eame erreur qu&rsquo;avec le Numerus Clausus !<\/em>\u00a0\u00bb a-t-il martel\u00e9 \u00e0 l&rsquo;attention de l&rsquo;Agence R\u00e9gionale de Sant\u00e9 (ARS).<\/p>\n<p>\u00c0 l&rsquo;issue de cette pr\u00e9sentation, trois actions ont fait l&rsquo;objet d&rsquo;un t\u00e9moignage par leurs op\u00e9rateurs :<\/p>\n<ul>\n<li>Pascal AVELINE, Directeur d&rsquo;Habitat de la Vienne, a d\u00e9crit l&rsquo;exp\u00e9rimentation d&rsquo;animations num\u00e9riques ludiques interg\u00e9n\u00e9rationnelles pour les seniors \u00e0 domicile et illustr\u00e9 ses propos avec un court-m\u00e9trage r\u00e9alis\u00e9 lors de la derni\u00e8re \u00ab\u00a0Gamers Assembly\u00a0\u00bb ;<\/li>\n<li>Laetitia de CHADIRAC, du Groupe Associatif \u00ab\u00a0Siel Bleu\u00a0\u00bb, a propos\u00e9 le programme d&rsquo;\u00e9ducation physique \u00ab\u00a0Gym Pr\u00e9vention Sant\u00e9\u00a0\u00bb avec les ateliers de pr\u00e9vention des chutes et d&rsquo;am\u00e9lioration de l&rsquo;\u00e9quilibre mis en place par les associations ;<\/li>\n<li>et S\u00e9bastien CAILLAUD, de l&rsquo;ASEPT Poitou-Charentes, a d\u00e9crit les ateliers \u00ab\u00a0Sant\u00e9 vous bien au volant\u00a0\u00bb pour sensibiliser les seniors aux incidences du vieillissement sur la conduite (gestion des situations de stress au volant et \u00eatre au top du code de la route).<\/li>\n<\/ul>\n<p>&nbsp;<\/p>\n<p>&nbsp;<\/p>\n<p>&nbsp;<\/p>\n","protected":false},"excerpt":{"rendered":"<p>\u00c0 la veille de la Semaine Bleue, rendez-vous annuel pour sensibiliser et informer sur les difficult\u00e9s et pr\u00e9occupations des personnes \u00e2g\u00e9es, Val\u00e9rie DAUGE et Bruno BELIN ont pr\u00e9sent\u00e9 les actions 2017 pour la pr\u00e9vention en direction des personnes \u00e2g\u00e9es dans la Vienne&#8230;<\/p>\n","protected":false},"author":1,"featured_media":2351,"comment_status":"closed","ping_status":"open","sticky":false,"template":"","format":"standard","meta":[],"categories":[58],"tags":[19,39,40],"_links":{"self":[{"href":"https:\/\/unionpourlavienne.fr\/Union_Vienne_2016\/wordpress\/wp-json\/wp\/v2\/posts\/2350"}],"collection":[{"href":"https:\/\/unionpourlavienne.fr\/Union_Vienne_2016\/wordpress\/wp-json\/wp\/v2\/posts"}],"about":[{"href":"https:\/\/unionpourlavienne.fr\/Union_Vienne_2016\/wordpress\/wp-json\/wp\/v2\/types\/post"}],"author":[{"embeddable":true,"href":"https:\/\/unionpourlavienne.fr\/Union_Vienne_2016\/wordpress\/wp-json\/wp\/v2\/users\/1"}],"replies":[{"embeddable":true,"href":"https:\/\/unionpourlavienne.fr\/Union_Vienne_2016\/wordpress\/wp-json\/wp\/v2\/comments?post=2350"}],"version-history":[{"count":3,"href":"https:\/\/unionpourlavienne.fr\/Union_Vienne_2016\/wordpress\/wp-json\/wp\/v2\/posts\/2350\/revisions"}],"predecessor-version":[{"id":2356,"href":"https:\/\/unionpourlavienne.fr\/Union_Vienne_2016\/wordpress\/wp-json\/wp\/v2\/posts\/2350\/revisions\/2356"}],"wp:featuredmedia":[{"embeddable":true,"href":"https:\/\/unionpourlavienne.fr\/Union_Vienne_2016\/wordpress\/wp-json\/wp\/v2\/media\/2351"}],"wp:attachment":[{"href":"https:\/\/unionpourlavienne.fr\/Union_Vienne_2016\/wordpress\/wp-json\/wp\/v2\/media?parent=2350"}],"wp:term":[{"taxonomy":"category","embeddable":true,"href":"https:\/\/unionpourlavienne.fr\/Union_Vienne_2016\/wordpress\/wp-json\/wp\/v2\/categories?post=2350"},{"taxonomy":"post_tag","embeddable":true,"href":"https:\/\/unionpourlavienne.fr\/Union_Vienne_2016\/wordpress\/wp-json\/wp\/v2\/tags?post=2350"}],"curies":[{"name":"wp","href":"https:\/\/api.w.org\/{rel}","templated":true}]}}