{"id":2358,"date":"2017-10-06T08:48:55","date_gmt":"2017-10-06T07:48:55","guid":{"rendered":"http:\/\/unionpourlavienne.fr\/Union_Vienne_2016\/wordpress\/?p=2358"},"modified":"2017-10-09T08:54:15","modified_gmt":"2017-10-09T07:54:15","slug":"presentation-des-28e-internationaux-feminins-de-tennis-de-la-vienne","status":"publish","type":"post","link":"https:\/\/unionpourlavienne.fr\/Union_Vienne_2016\/wordpress\/presentation-des-28e-internationaux-feminins-de-tennis-de-la-vienne\/","title":{"rendered":"Pr\u00e9sentation des 28<sup>e<\/sup> Internationaux F\u00e9minins de Tennis de la Vienne"},"content":{"rendered":"<p><em>Pascale GUITTET, Vice-pr\u00e9sidente du D\u00e9partement, charg\u00e9e de la Jeunesse et des Sports, Jean-Paul SAUROIS, Pr\u00e9sident du Comit\u00e9 d\u00e9partemental de tennis, co-directeur du tournoi, Patrick MURA, co-directeur du tournoi, Martine APERC\u00c9, repr\u00e9sentant la Ligue Poitou-Charentes de tennis, Odile CHAUVET, Pr\u00e9sidente du Stade Poitevin Omnisports, Benoit TIRANT, Conseiller r\u00e9gional, et Aur\u00e9lien TRICOT, Vice-pr\u00e9sident de Grand Poitiers, ont pr\u00e9sent\u00e9 la 28<sup>e<\/sup> \u00e9dition des Internationaux F\u00e9minins de Tennis de la Vienne (IFV). Dot\u00e9s de 100\u00a0000 $, les IFV constituent l&rsquo;un des \u00e9v\u00e9nements sportifs f\u00e9minins les plus importants de toute la r\u00e9gion.<\/em><\/p>\n<p><iframe loading=\"lazy\" style=\"width: 700px; height: 470px; max-width: 100%; overflow: hidden; border: none; padding: 0; margin: 0 auto; display: block;\" src=\"http:\/\/unionpourlavienne.fr\/2017-10-06\/index.html\" width=\"300\" height=\"150\" marginwidth=\"0\" marginheight=\"0\"><\/iframe><\/p>\n<p>Homologu\u00e9s pour le circuit international depuis plus de 20 ans, les Internationaux F\u00e9minins de la Vienne (IFV) font partie du cercle de la vingtaine de tournois de ce niveau organis\u00e9 dans le monde (avec Biarritz, Rome, Zagreb etc.).<\/p>\n<p>Les joueuses pr\u00e9sentes sont des habitu\u00e9es des tournois du Grand chelem. Cet \u00e9v\u00e8nement proposera, du 21 au 29 octobre prochains, une quinzaine de joueuses class\u00e9es parmi le top 100 mondial.<\/p>\n<p>Jean-Paul SAUROIS a remerci\u00e9 l&rsquo;ensemble des partenaires \u00e9conomiques et publics qui contribuent \u00e0 la p\u00e9rennit\u00e9 de ce grand tournoi sportif dans la Vienne. \u00ab\u00a0<em>Cela nous permet de fixer une dotation de 100\u00a0000 $ cette ann\u00e9e avec un nombre de spectateurs qui ne cesse d&rsquo;augmenter d&rsquo;ann\u00e9es en ann\u00e9es<\/em>\u00a0\u00bb a-t-il pr\u00e9cis\u00e9.<\/p>\n<p>\u00ab\u00a0Le plateau 2017 est extraordinaire !\u00a0\u00bb s&rsquo;est exclam\u00e9 Patrick MURA. \u00ab\u00a0<em>Nous avons environ 400 joueuse inscrites et il faut noter pour cette \u00e9dition la pr\u00e9sence de quelques joueuses de tr\u00e8s haut niveau dont la t\u00eate de s\u00e9rie num\u00e9ro un, la Croate Donna VEKIC, ainsi que Monica NICULESCU, habitu\u00e9e des IFV et surtout vainqueur du tournoi en 2015&Prime;.<\/em><\/p>\n<p>\u00ab\u00a0<em>Cet \u00e9v\u00e9nement sera diffus\u00e9 en streaming sur toute la plan\u00e8te en temps r\u00e9el<\/em>\u00a0\u00bb s&rsquo;est enorgueilli le co-directeur.<\/p>\n<p>\u00ab\u00a0<em>Sans l&rsquo;aide des collectivit\u00e9s et des nombreux b\u00e9n\u00e9voles, les IFV ne pourraient pas continuer \u00e0 exister avec un plateau d&rsquo;aussi grande qualit\u00e9 dans notre D\u00e9partement. Le Conseil d\u00e9partemental de la Vienne apporte une subvention de 40\u00a0000 \u20ac ainsi que des aides compl\u00e9mentaires sp\u00e9cifiques pendant les matchs<\/em>\u00a0\u00bb a ajout\u00e9 Pascale GUITTET en pr\u00e9cisant que le vendredi 27 octobre sera consacr\u00e9 au th\u00e8me \u00ab\u00a0Activit\u00e9 physique et prise en charge du cancer du sein\u00a0\u00bb. Les organisateurs du tournoi ainsi que le D\u00e9partement renouvellent en effet, chaque ann\u00e9e, leur engagement dans la lutte contre le cancer du sein en d\u00e9diant cette journ\u00e9e \u00e0 des associations \u0153uvrant dans ce combat.<\/p>\n<p>&nbsp;<\/p>\n<p>&nbsp;<\/p>\n<p>&nbsp;<\/p>\n","protected":false},"excerpt":{"rendered":"<p>Pascale GUITTET, Jean-Paul SAUROIS, Patrick MURA, Martine APERC\u00c9, Odile CHAUVET, &#8230;, ont pr\u00e9sent\u00e9 la 28<sup>e<\/sup> \u00e9dition des Internationaux F\u00e9minins de Tennis de la Vienne&#8230;<\/p>\n","protected":false},"author":1,"featured_media":2359,"comment_status":"closed","ping_status":"open","sticky":false,"template":"","format":"standard","meta":[],"categories":[65],"tags":[35],"_links":{"self":[{"href":"https:\/\/unionpourlavienne.fr\/Union_Vienne_2016\/wordpress\/wp-json\/wp\/v2\/posts\/2358"}],"collection":[{"href":"https:\/\/unionpourlavienne.fr\/Union_Vienne_2016\/wordpress\/wp-json\/wp\/v2\/posts"}],"about":[{"href":"https:\/\/unionpourlavienne.fr\/Union_Vienne_2016\/wordpress\/wp-json\/wp\/v2\/types\/post"}],"author":[{"embeddable":true,"href":"https:\/\/unionpourlavienne.fr\/Union_Vienne_2016\/wordpress\/wp-json\/wp\/v2\/users\/1"}],"replies":[{"embeddable":true,"href":"https:\/\/unionpourlavienne.fr\/Union_Vienne_2016\/wordpress\/wp-json\/wp\/v2\/comments?post=2358"}],"version-history":[{"count":1,"href":"https:\/\/unionpourlavienne.fr\/Union_Vienne_2016\/wordpress\/wp-json\/wp\/v2\/posts\/2358\/revisions"}],"predecessor-version":[{"id":2360,"href":"https:\/\/unionpourlavienne.fr\/Union_Vienne_2016\/wordpress\/wp-json\/wp\/v2\/posts\/2358\/revisions\/2360"}],"wp:featuredmedia":[{"embeddable":true,"href":"https:\/\/unionpourlavienne.fr\/Union_Vienne_2016\/wordpress\/wp-json\/wp\/v2\/media\/2359"}],"wp:attachment":[{"href":"https:\/\/unionpourlavienne.fr\/Union_Vienne_2016\/wordpress\/wp-json\/wp\/v2\/media?parent=2358"}],"wp:term":[{"taxonomy":"category","embeddable":true,"href":"https:\/\/unionpourlavienne.fr\/Union_Vienne_2016\/wordpress\/wp-json\/wp\/v2\/categories?post=2358"},{"taxonomy":"post_tag","embeddable":true,"href":"https:\/\/unionpourlavienne.fr\/Union_Vienne_2016\/wordpress\/wp-json\/wp\/v2\/tags?post=2358"}],"curies":[{"name":"wp","href":"https:\/\/api.w.org\/{rel}","templated":true}]}}