{"id":2403,"date":"2017-11-16T11:36:39","date_gmt":"2017-11-16T10:36:39","guid":{"rendered":"http:\/\/unionpourlavienne.fr\/Union_Vienne_2016\/wordpress\/?p=2403"},"modified":"2017-11-17T11:53:52","modified_gmt":"2017-11-17T10:53:52","slug":"les-subventions-pour-le-canton-de-chasseneuil-du-poitou-24","status":"publish","type":"post","link":"https:\/\/unionpourlavienne.fr\/Union_Vienne_2016\/wordpress\/les-subventions-pour-le-canton-de-chasseneuil-du-poitou-24\/","title":{"rendered":"Les subventions pour le canton de Chasseneuil-du-Poitou"},"content":{"rendered":"<p>Pascale GUITTET, Maire et Vice-pr\u00e9sidente du Conseil D\u00e9partemental, et Claude EIDELSTEIN, Maire et Conseiller D\u00e9partemental, informent les habitants que les subventions accord\u00e9es par le Conseil D\u00e9partemental, au b\u00e9n\u00e9fice des communes, des associations et des particuliers du canton de Chasseneuil-du-Poitou lors de la Commission Permanente, se d\u00e9composent de la mani\u00e8re suivante\u00a0:<\/p>\n<ul>\n<li>100 \u20ac \u00e0 l&rsquo;ASSOCIATION LES FILS DES MORTS POUR LA FRANCE ET LES FILS DES TUES de CHASSENEUIL DU POITOU pour le fonctionnement ;<\/li>\n<li>200 \u20ac \u00e0 l&rsquo;ASSOCIATION L&rsquo;EVESCOLLECTIF pour l&rsquo;organisation d&rsquo;une randonn\u00e9e p\u00e9destre gourmande \u00ab\u00a0Patrimoine et saveur\u00a0\u00bb en semi-nocturne le 16 septembre 2017 \u00e0 SAVIGNY L&rsquo;EVESCAULT ;<\/li>\n<li>200 \u20ac \u00e0 l&rsquo;ASSOCIATION SPORTIVE DE BIGNOUX dans le cadre du fonds cantonal d&rsquo;animation locale ;<\/li>\n<li>200 \u20ac \u00e0 SAVIGNY L&rsquo;EVESCAULT pour l&rsquo;organisation du march\u00e9 de No\u00ebl communal le 15 d\u00e9cembre 2017 ;<\/li>\n<li>300 \u20ac \u00e0 l&rsquo;ASSOCIATION OXYGENE PLUS pour l&rsquo;organisation du Trail des ch\u00e2taignes le 14 octobre 2017 \u00e0 SEVRES ANXAUMONT ;<\/li>\n<li>300 \u20ac \u00e0 l&rsquo;ASSOCIATION SEVRES EN SCENE de SEVRES ANXAUMONT pour l&rsquo;organisation de repr\u00e9sentations th\u00e9\u00e2trales du 26 au 28 janvier 2018 \u00e0 S\u00e9vres Anxaumont, les 10 et 11 f\u00e9vrier 2018 \u00e0 Lavoux et le 25 f\u00e9vrier \u00e0 la Tremblade ;<\/li>\n<li>300 \u20ac \u00e0 la FEDERATION DES ACTEURS ECONOMIQUES DE SAINT JULIEN L&rsquo;ARS pour l&rsquo;organisation du deuxi\u00e8me rendez-vous du Salon ART&rsquo;COM le 22 et 23 avril 2017 \u00e0 la salle omnisports ;<\/li>\n<li>378 \u20ac \u00e0 la MAISON POUR TOUS DE BONNES pour l&rsquo;organisation d&rsquo;un march\u00e9 de No\u00ebl le 9 d\u00e9cembre 2017 ;<\/li>\n<li>396 \u20ac pour l&rsquo;aide aux vacances de six enfants du canton ;<\/li>\n<li>400 \u20ac \u00e0 l&rsquo;ASSOCIATION LES FOULEES DOUCES DE MONTAMISE pour l&rsquo;organisation de la 15\u00e8me course de l&rsquo;Automne, le dimanche 12 novembre 2017 dans la for\u00eat de Mouli\u00e8re ;<\/li>\n<li>420 \u20ac \u00e0 l&rsquo;OCCE 86 COOPERATIVE SCOLAIRE ECOLE ELEMENTAIRE DE SEVRES ANXAUMONT pour la diffusion culturelle du spectacle Grain d&rsquo;Aile pr\u00e9sent\u00e9 par Or Normes le 11 d\u00e9cembre 2017 ;<\/li>\n<li>522 \u20ac pour l&rsquo;am\u00e9lioration de l&rsquo;habitat d&rsquo;un propri\u00e9taire occupant d&rsquo;un logement situ\u00e9 \u00e0 SEVRES ANXAUMONT ;<\/li>\n<li>600 \u20ac \u00e0 SEVRES ANXAUMONT pour l&rsquo;organisation d&rsquo;un spectacle de No\u00ebl pour les enfants intitul\u00e9 Les Reffan&rsquo;os le 13 d\u00e9cembre 2017 \u00e0 la salle polyvalente, pour l&rsquo;organisation d&rsquo;un concert d&rsquo;Audrey et les Faces B le 4 novembre 2017 et pour l&rsquo;organisation de Lire en Vienne sur le th\u00e8me de la biodiversit\u00e9 le 7 octobre 2017 ;<\/li>\n<li>1 000 \u20ac au CLUB DE MINERALOGIE ET PALEONTOLOGIE DU POITOU pour l&rsquo;organisation d&rsquo;une exposition les origines de la vie du 2 au 8 octobre 2017 \u00e0 la salle des f\u00eates de MONTAMISE ;<\/li>\n<li>1 200 \u20ac \u00e0 l&rsquo;ASSOCIATION SPORTIVE DE SAVIGNY L&rsquo;EVESCAULT pour l&rsquo;aide \u00e0 l&rsquo;achat de mat\u00e9riels et de mat\u00e9riaux pour le club de Football ;<\/li>\n<li>2 070 \u20ac dans le cadre du concours d\u00e9partemental des villes, villages et maisons fleuris 2017 \u00e0 BIGNOUX, JARDRES, LAVOUX, MONTAMISE, POUILLE et SAVIGNY-LEVESCAULT) ;<\/li>\n<li>3 000 \u20ac \u00e0 l&rsquo;ASSOCIATION DES JUMELAGES COOPERATION DE LA VIENNE (AJCV) \u00e0 BONNES pour la coordinationde la projection de films africains dans certains coll\u00e8ges du D\u00e9partement ;<\/li>\n<li>5 000 \u20ac \u00e0 CHASSENEUIL DU POITOU pour la saison culturelle 2017\/2018 de La Quintaine ;<\/li>\n<li>22 100 \u20ac \u00e0 LA CHAPELLE MOULIERE pour l&rsquo;acquisition d&rsquo;un terrain destin\u00e9 \u00e0 la r\u00e9alisation d&rsquo;un city-stade et pour l&rsquo;acquisition d&rsquo;\u00e9quipements communaux ;<\/li>\n<li>44 800 \u20ac \u00e0 BONNES pour des travaux de r\u00e9novation sur les b\u00e2timents communaux et l&rsquo;acquisition de mat\u00e9riel communal.<\/li>\n<\/ul>\n<p>&nbsp;<\/p>\n<p>&nbsp;<\/p>\n<p>&nbsp;<\/p>\n","protected":false},"excerpt":{"rendered":"<p>Pascale GUITTET, Maire et Vice-pr\u00e9sidente du Conseil D\u00e9partemental, et Claude EIDELSTEIN, Maire et Conseiller D\u00e9partemental, informent les habitants que les<\/p>\n","protected":false},"author":1,"featured_media":2404,"comment_status":"closed","ping_status":"open","sticky":false,"template":"","format":"standard","meta":[],"categories":[70,92],"tags":[20,35],"_links":{"self":[{"href":"https:\/\/unionpourlavienne.fr\/Union_Vienne_2016\/wordpress\/wp-json\/wp\/v2\/posts\/2403"}],"collection":[{"href":"https:\/\/unionpourlavienne.fr\/Union_Vienne_2016\/wordpress\/wp-json\/wp\/v2\/posts"}],"about":[{"href":"https:\/\/unionpourlavienne.fr\/Union_Vienne_2016\/wordpress\/wp-json\/wp\/v2\/types\/post"}],"author":[{"embeddable":true,"href":"https:\/\/unionpourlavienne.fr\/Union_Vienne_2016\/wordpress\/wp-json\/wp\/v2\/users\/1"}],"replies":[{"embeddable":true,"href":"https:\/\/unionpourlavienne.fr\/Union_Vienne_2016\/wordpress\/wp-json\/wp\/v2\/comments?post=2403"}],"version-history":[{"count":1,"href":"https:\/\/unionpourlavienne.fr\/Union_Vienne_2016\/wordpress\/wp-json\/wp\/v2\/posts\/2403\/revisions"}],"predecessor-version":[{"id":2405,"href":"https:\/\/unionpourlavienne.fr\/Union_Vienne_2016\/wordpress\/wp-json\/wp\/v2\/posts\/2403\/revisions\/2405"}],"wp:featuredmedia":[{"embeddable":true,"href":"https:\/\/unionpourlavienne.fr\/Union_Vienne_2016\/wordpress\/wp-json\/wp\/v2\/media\/2404"}],"wp:attachment":[{"href":"https:\/\/unionpourlavienne.fr\/Union_Vienne_2016\/wordpress\/wp-json\/wp\/v2\/media?parent=2403"}],"wp:term":[{"taxonomy":"category","embeddable":true,"href":"https:\/\/unionpourlavienne.fr\/Union_Vienne_2016\/wordpress\/wp-json\/wp\/v2\/categories?post=2403"},{"taxonomy":"post_tag","embeddable":true,"href":"https:\/\/unionpourlavienne.fr\/Union_Vienne_2016\/wordpress\/wp-json\/wp\/v2\/tags?post=2403"}],"curies":[{"name":"wp","href":"https:\/\/api.w.org\/{rel}","templated":true}]}}