{"id":2692,"date":"2018-04-04T13:26:43","date_gmt":"2018-04-04T12:26:43","guid":{"rendered":"http:\/\/unionpourlavienne.fr\/Union_Vienne_2016\/wordpress\/?p=2692"},"modified":"2018-04-16T13:42:59","modified_gmt":"2018-04-16T12:42:59","slug":"visite-hors-les-murs-du-college-maurice-bedel-a-saint-gervais-les-trois-clochers","status":"publish","type":"post","link":"https:\/\/unionpourlavienne.fr\/Union_Vienne_2016\/wordpress\/visite-hors-les-murs-du-college-maurice-bedel-a-saint-gervais-les-trois-clochers\/","title":{"rendered":"Visite \u00ab Hors les murs \u00bb du coll\u00e8ge Maurice Bedel \u00e0 Saint-Gervais-les-Trois-Clochers"},"content":{"rendered":"<p><em>Bruno BELIN, Pr\u00e9sident du D\u00e9partement, Henri COLIN, Vice-pr\u00e9sident charg\u00e9 de l\u2019Education, des Coll\u00e8ges, des B\u00e2timents, des Transports et des Relations avec l\u2019Universit\u00e9, Jo\u00eblle PELTIER, Rapporteur de la Commission, Alain PICHON, Vice-pr\u00e9sident, Conseiller d\u00e9partemental du canton de Ch\u00e2tellerault 2, ont visit\u00e9 le coll\u00e8ge Maurice BEDEL \u00e0 Saint-Gervais-les-Trois-Clochers, en pr\u00e9sence d\u2019Antoine BRAGUIER, Maire de la commune, Thierry CLAVERIE, Directeur Acad\u00e9mique des Services de l\u2019Education Nationale, et Cyrille SAVARY, Principal de l\u2019\u00e9tablissement. Les deux principales th\u00e9matiques de la visite \u00e9taient ax\u00e9es sur les actions de valorisation des bio-d\u00e9chets et le d\u00e9veloppement des circuits courts.<\/em><\/p>\n<p><iframe loading=\"lazy\" style=\"width: 700px; height: 470px; max-width: 100%; overflow: hidden; border: none; padding: 0; margin: 0 auto; display: block;\" src=\"http:\/\/unionpourlavienne.fr\/2018-04-04\/index.html\" width=\"300\" height=\"150\" marginwidth=\"0\" marginheight=\"0\"><\/iframe><\/p>\n<p>Cette visite du coll\u00e8ge Maurice BEDEL a permis de faire un point sur les actions engag\u00e9es en mati\u00e8re d\u2019environnement et de d\u00e9veloppement durable dans un \u00e9tablissement moteur pour deux dispositifs d\u00e9partementaux qui sont l\u2019approvisionnement en produits locaux avec la plateforme Agrilocal 86, et la lutte contre le gaspillage alimentaire et la valorisation des bio-d\u00e9chets.<\/p>\n<p>\u00ab\u00a0<em>Le coll\u00e8ge de saint-Gervais-les-Trois-Clochers a accueilli 301 \u00e9l\u00e8ves \u00e0 la rentr\u00e9e 2017. De nombreux travaux dont l\u2019installation de volets roulants \u00e9lectriques dans trois salles, l\u2019\u00e9lagage s\u00e9curitaire des arbres du bois, la mise en \u0153uvre d\u2019une r\u00e9sine au sol dans le hall d\u2019entr\u00e9e et le remplacement d\u2019un ch\u00e2ssis fixe par un ch\u00e2ssis ouvrant salle 15, sont programm\u00e9s en 2018<\/em>\u00a0\u00bb a annonc\u00e9 le Principal.<\/p>\n<p>\u00ab\u00a0<em>Dans le cadre du Plan Coll\u00e8ge 2015-2025 de 100 millions d\u2019\u20ac du D\u00e9partement, des travaux de r\u00e9am\u00e9nagement des abords et de mise en accessibilit\u00e9 de l\u2019\u00e9tablissement sont pr\u00e9vus<\/em>\u00a0\u00bb a pr\u00e9cis\u00e9 Bruno BELIN.<\/p>\n<p>\u00ab\u00a0<em>Le coll\u00e8ge Maurice Bedel a \u00e9t\u00e9 l\u2019un des premiers \u00e9tablissements \u00e0 int\u00e9grer la plateforme Agrilocal 86<\/em>\u00a0\u00bb a confirm\u00e9 Henri COLIN pr\u00e9cisant qu\u2019il fait partie des huit coll\u00e8ges qui se sont engag\u00e9s dans la commande de denr\u00e9es aupr\u00e8s de cette structure d\u00e8s son lancement en 2017 permettant ainsi de passer de 10% \u00e0 pr\u00e8s de 16% de produits locaux.<\/p>\n<p>Le D\u00e9partement entend faire la promotion d\u2019une alimentation durable, en sensibilisant les \u00e9l\u00e8ves \u00e0 l\u2019\u00e9ducation au go\u00fbt et au d\u00e9veloppement durable. Le d\u00e9ploiement des circuits courts, le respect de la saisonnalit\u00e9 des produits et la lutte contre le gaspillage alimentaire sont autant d\u2019objectifs que le Conseil d\u00e9partemental et le coll\u00e8ge poursuivent dans l\u2019int\u00e9r\u00eat des \u00e9l\u00e8ves. C\u2019est ainsi que depuis le 1<sup>er<\/sup> septembre 2017, le dispositif Agrilocal 86 est d\u00e9ploy\u00e9 dans l\u2019ensemble des 30 coll\u00e8ges publics dans lequel le D\u00e9partement a la responsabilit\u00e9 de la restauration.<\/p>\n<p>Le coll\u00e8ge Maurice Bedel a fait \u00e9galement partie des sept \u00e9tablissements exp\u00e9rimentateurs de lutte contre le gaspillage alimentaire et la valorisation des bio-d\u00e9chets. \u00c0 cet effet, l\u2019\u00e9tablissement a \u00e9t\u00e9 dot\u00e9 d\u2019une table de tri et la d\u00e9marche en faveur du d\u00e9veloppement durable est relay\u00e9e par les \u00e9l\u00e8ves co-ambassadeurs aupr\u00e8s des sixi\u00e8mes. De 92 g de d\u00e9chets par convives, \u00e9tablissement est pass\u00e9 \u00e0 87 g en octobre 2017.<\/p>\n<p>Pour les espaces verts, le coll\u00e8ge pratique le \u00ab\u00a0Mulching\u00a0\u00bb, syst\u00e8me de coupe du gazon permettant de red\u00e9poser l\u2019herbe hach\u00e9e sous forme de paillis qui nourrit et prot\u00e8ge la pelouse comme le ferait du compost.<\/p>\n<p>Enfin, un projet original d\u2019installation de rucher p\u00e9dagogique permettra de sensibiliser les \u00e9l\u00e8ves \u00e0 la biodiversit\u00e9, \u00e0 leur environnement et \u00e0 la qualit\u00e9 de l\u2019alimentation.<\/p>\n<p>&nbsp;<\/p>\n<p>&nbsp;<\/p>\n<p>&nbsp;<\/p>\n<p>&nbsp;<\/p>\n","protected":false},"excerpt":{"rendered":"<p>Bruno BELIN, Henri COLIN, Jo\u00eblle PELTIER, Alain PICHON ont visit\u00e9 le coll\u00e8ge Maurice BEDEL \u00e0 Saint-Gervais-les-Trois-Clochers&#8230;<\/p>\n","protected":false},"author":1,"featured_media":2693,"comment_status":"closed","ping_status":"open","sticky":false,"template":"","format":"standard","meta":[],"categories":[86,59],"tags":[14,19,26,31],"_links":{"self":[{"href":"https:\/\/unionpourlavienne.fr\/Union_Vienne_2016\/wordpress\/wp-json\/wp\/v2\/posts\/2692"}],"collection":[{"href":"https:\/\/unionpourlavienne.fr\/Union_Vienne_2016\/wordpress\/wp-json\/wp\/v2\/posts"}],"about":[{"href":"https:\/\/unionpourlavienne.fr\/Union_Vienne_2016\/wordpress\/wp-json\/wp\/v2\/types\/post"}],"author":[{"embeddable":true,"href":"https:\/\/unionpourlavienne.fr\/Union_Vienne_2016\/wordpress\/wp-json\/wp\/v2\/users\/1"}],"replies":[{"embeddable":true,"href":"https:\/\/unionpourlavienne.fr\/Union_Vienne_2016\/wordpress\/wp-json\/wp\/v2\/comments?post=2692"}],"version-history":[{"count":1,"href":"https:\/\/unionpourlavienne.fr\/Union_Vienne_2016\/wordpress\/wp-json\/wp\/v2\/posts\/2692\/revisions"}],"predecessor-version":[{"id":2694,"href":"https:\/\/unionpourlavienne.fr\/Union_Vienne_2016\/wordpress\/wp-json\/wp\/v2\/posts\/2692\/revisions\/2694"}],"wp:featuredmedia":[{"embeddable":true,"href":"https:\/\/unionpourlavienne.fr\/Union_Vienne_2016\/wordpress\/wp-json\/wp\/v2\/media\/2693"}],"wp:attachment":[{"href":"https:\/\/unionpourlavienne.fr\/Union_Vienne_2016\/wordpress\/wp-json\/wp\/v2\/media?parent=2692"}],"wp:term":[{"taxonomy":"category","embeddable":true,"href":"https:\/\/unionpourlavienne.fr\/Union_Vienne_2016\/wordpress\/wp-json\/wp\/v2\/categories?post=2692"},{"taxonomy":"post_tag","embeddable":true,"href":"https:\/\/unionpourlavienne.fr\/Union_Vienne_2016\/wordpress\/wp-json\/wp\/v2\/tags?post=2692"}],"curies":[{"name":"wp","href":"https:\/\/api.w.org\/{rel}","templated":true}]}}