{"id":2788,"date":"2018-05-18T14:09:55","date_gmt":"2018-05-18T13:09:55","guid":{"rendered":"http:\/\/unionpourlavienne.fr\/Union_Vienne_2016\/wordpress\/?p=2788"},"modified":"2018-05-18T14:09:55","modified_gmt":"2018-05-18T13:09:55","slug":"visite-commentee-des-journees-techniques-dintervention-durgence-sur-vehicules","status":"publish","type":"post","link":"https:\/\/unionpourlavienne.fr\/Union_Vienne_2016\/wordpress\/visite-commentee-des-journees-techniques-dintervention-durgence-sur-vehicules\/","title":{"rendered":"Visite comment\u00e9e des journ\u00e9es techniques d\u2019intervention d\u2019urgence sur v\u00e9hicules"},"content":{"rendered":"<p><em>Une d\u00e9l\u00e9gation d&rsquo;\u00e9lus du D\u00e9partement de la Vienne s&rsquo;est rendue \u00e0 Valdivienne, au Centre de formation du SDIS86.\u00a0<\/em><\/p>\n<p><iframe loading=\"lazy\" style=\"width: 700px; height: 470px; max-width: 100%; overflow: hidden; border: none; padding: 0; margin: 0 auto; display: block;\" src=\"http:\/\/unionpourlavienne.fr\/2018-05-17\/index.html\" width=\"300\" height=\"150\" marginwidth=\"0\" marginheight=\"0\"><\/iframe><\/p>\n<p>L\u2019intervention d\u2019urgence sur ve\u0301hicules (IUV) est aujourd\u2019hui une ve\u0301ritable priorit\u00e9 pour les services de secours. Les sapeurs-pompiers doivent adapter leurs techniques et leurs mate\u0301riels.<\/p>\n<p>Le SDIS86 a propos\u00e9 la 3e e\u0301dition des Journe\u0301es Techniques \u00ab Interventions d\u2019Urgence sur Ve\u0301hicules \u00bb, du 16 au 18 mai.<\/p>\n<p><iframe loading=\"lazy\" frameborder=\"0\" width=\"800\" height=\"449\" src=\"https:\/\/www.dailymotion.com\/embed\/video\/x6jrmsv\" allowfullscreen allow=\"autoplay\"><\/iframe><\/p>\n<p>Au programme :<\/p>\n<ul>\n<li>Secteur Secours Routier<\/li>\n<li>Secteur Conf\u00e9rences et d\u00e9monstrations<\/li>\n<li>Secteur exposants\n<ul>\n<li>mat\u00e9riels de d\u00e9sincarc\u00e9ration<\/li>\n<li>mat\u00e9riels d&rsquo;intervention divers de secours routier<\/li>\n<li>v\u00e9hicules secours routiers<\/li>\n<\/ul>\n<\/li>\n<li>etc.<\/li>\n<\/ul>\n<p><a href=\"http:\/\/iuv.sdis86.net\/journees-techniques-2018\/\" target=\"_blank\" rel=\"noopener noreferrer\">Plus d&rsquo;informations ici<\/a><\/p>\n","protected":false},"excerpt":{"rendered":"<p>Une d\u00e9l\u00e9gation d&rsquo;\u00e9lus du D\u00e9partement de la Vienne s&rsquo;est rendue \u00e0 Valdivienne, au Centre de formation du SDIS86&#8230;<\/p>\n","protected":false},"author":1,"featured_media":2789,"comment_status":"closed","ping_status":"open","sticky":false,"template":"","format":"standard","meta":[],"categories":[84],"tags":[13,17,18,19,21,33,38],"_links":{"self":[{"href":"https:\/\/unionpourlavienne.fr\/Union_Vienne_2016\/wordpress\/wp-json\/wp\/v2\/posts\/2788"}],"collection":[{"href":"https:\/\/unionpourlavienne.fr\/Union_Vienne_2016\/wordpress\/wp-json\/wp\/v2\/posts"}],"about":[{"href":"https:\/\/unionpourlavienne.fr\/Union_Vienne_2016\/wordpress\/wp-json\/wp\/v2\/types\/post"}],"author":[{"embeddable":true,"href":"https:\/\/unionpourlavienne.fr\/Union_Vienne_2016\/wordpress\/wp-json\/wp\/v2\/users\/1"}],"replies":[{"embeddable":true,"href":"https:\/\/unionpourlavienne.fr\/Union_Vienne_2016\/wordpress\/wp-json\/wp\/v2\/comments?post=2788"}],"version-history":[{"count":3,"href":"https:\/\/unionpourlavienne.fr\/Union_Vienne_2016\/wordpress\/wp-json\/wp\/v2\/posts\/2788\/revisions"}],"predecessor-version":[{"id":2797,"href":"https:\/\/unionpourlavienne.fr\/Union_Vienne_2016\/wordpress\/wp-json\/wp\/v2\/posts\/2788\/revisions\/2797"}],"wp:featuredmedia":[{"embeddable":true,"href":"https:\/\/unionpourlavienne.fr\/Union_Vienne_2016\/wordpress\/wp-json\/wp\/v2\/media\/2789"}],"wp:attachment":[{"href":"https:\/\/unionpourlavienne.fr\/Union_Vienne_2016\/wordpress\/wp-json\/wp\/v2\/media?parent=2788"}],"wp:term":[{"taxonomy":"category","embeddable":true,"href":"https:\/\/unionpourlavienne.fr\/Union_Vienne_2016\/wordpress\/wp-json\/wp\/v2\/categories?post=2788"},{"taxonomy":"post_tag","embeddable":true,"href":"https:\/\/unionpourlavienne.fr\/Union_Vienne_2016\/wordpress\/wp-json\/wp\/v2\/tags?post=2788"}],"curies":[{"name":"wp","href":"https:\/\/api.w.org\/{rel}","templated":true}]}}