{"id":2805,"date":"2018-06-07T08:39:24","date_gmt":"2018-06-07T07:39:24","guid":{"rendered":"http:\/\/unionpourlavienne.fr\/Union_Vienne_2016\/wordpress\/?p=2805"},"modified":"2018-06-08T08:41:07","modified_gmt":"2018-06-08T07:41:07","slug":"les-subventions-pour-le-canton-de-chasseneuil-du-poitou-28","status":"publish","type":"post","link":"https:\/\/unionpourlavienne.fr\/Union_Vienne_2016\/wordpress\/les-subventions-pour-le-canton-de-chasseneuil-du-poitou-28\/","title":{"rendered":"Les subventions pour le canton de Chasseneuil-du-Poitou"},"content":{"rendered":"<p>Pascale GUITTET, Maire et Vice-pr\u00e9sidente du Conseil D\u00e9partemental, et Claude EIDELSTEIN, Maire et Conseiller D\u00e9partemental, informent les habitants que les subventions accord\u00e9es par le Conseil D\u00e9partemental, au b\u00e9n\u00e9fice des communes, des associations et des particuliers du canton de Chasseneuil-du-Poitou lors de la Commission Permanente, se d\u00e9composent de la mani\u00e8re suivante\u00a0:<\/p>\n<ul>\n<li>150 \u20ac \u00e0 SEVRES ANXAUMONT pour la diffusion culturelle du spectacle Magie plaisir Magie sourire pr\u00e9sent\u00e9 par Br\u00e9mart le 22 juin 2018 \u00e0 SEVRES ANXAUMONT ;<\/li>\n<li>200 \u20ac \u00e0 l\u2019ASSOCIATION SPORTIVE DE L&rsquo;ECOLE DE BIGNOUX pour l&rsquo;organisation de stages multisports de pleine nature du 9 au 11 avril 2018 \u00e0 BIGNOUX ;<\/li>\n<li>200 \u20ac au COMITE DE GESTION DE LA COURSE CYCLISTE DE MONTAMISE pour l&rsquo;organisation d&rsquo;une course cycliste pour minimes et cadets le 19 aout 2018 \u00e0 MONTAMISE ;<\/li>\n<li>300 \u20ac \u00e0 l\u2019ASSOCIATION LES AMIS DE LA DANSE AVEC SON GROUPE FOLKLORIQUE AU FIL DE L&rsquo;EVE de CHASSENEUIL DU POITOU pour l&rsquo;organisation d&rsquo;un gala de danse de fin d&rsquo;ann\u00e9e ;<\/li>\n<li>300 \u20ac pour l&rsquo;aide \u00e0 l&rsquo;installation d&rsquo;un kit Internet Haut-D\u00e9bit par satellite \u00e0 SEVRES ANXAUMONT ;<\/li>\n<li>1 500 \u20ac au ROTARY CLUB POITIERS LA ROMANE \u00e0 CHASSENEUIL DU POITOU pour l&rsquo;op\u00e9ration \u00ab\u00a0R\u00eaves de gosse\u00a0\u00bb en faveur de jeunes en situation de handicap &#8211; \u00e9tape du 17 mai 2018 \u00e0 l&rsquo;A\u00e9roport de Poitiers Biard ;<\/li>\n<li>3 557 \u20ac \u00e0 l\u2019ECOLE DE MUSIQUE DE MONTAMISE pour le fonctionnement 2017\/2018 de l&rsquo;\u00e9cole de musique (2\u00a0557 \u20ac) et pour l&rsquo;\u00e9dition 2018 de la manifestation musicale Monta Music (1\u00a0000 \u20ac) ;<\/li>\n<li>4 800 \u20ac pour l&rsquo;aide en faveur d&rsquo;une \u00e9tudiante en masso-kin\u00e9sith\u00e9rapie de BONNES au titre de l&rsquo;ann\u00e9e 2018 ;<\/li>\n<li>7 000 \u20ac \u00e0 l\u2019ASSOCIATION ENTENTE CYCLISTE TEAM POITOU de CHASSENEUIL DU POITOU pour l&rsquo;\u00e9quipe de division Nationale 3 de cyclisme sur route,;<\/li>\n<li>9 514 \u20ac \u00e0 ECOLE DE MUSIQUE VIENNE ET MOULIERE de SEVRES ANXAUMONT pour le fonctionnement 2017\/2018 ;<\/li>\n<li>10 724 \u20ac \u00e0 LA CHAPELLE MOULIERE pour la cr\u00e9ation d&rsquo;un city stade ;<\/li>\n<li>20 930 \u20ac \u00e0 TERCE pour la cr\u00e9ation de quatre chemins pi\u00e9tonniers ;<\/li>\n<li>27 800 \u20ac \u00e0 CHASSENEUIL DU POITOU pour le d\u00e9samiantage et la d\u00e9molition d&rsquo;un ancien local commercial (25\u00a0200 et pour le fonctionnement 2017\/2018 de l&rsquo;\u00e9cole de musique municipale (2\u00a0600 \u20ac) ;<\/li>\n<li>28 700 \u20ac \u00e0 BIGNOUX pour l&rsquo;acquisition de mat\u00e9riels communal ;<\/li>\n<li>38 900 \u20ac \u00e0 MONTAMISE pour la r\u00e9novation de la salle des f\u00eates (14\u00a0000 \u20ac), pour la r\u00e9novation du groupe scolaire Charles Choisie, ( 17\u00a0500 \u20ac) et pour l&rsquo;acquisition de mat\u00e9riels informatiques (7\u00a0400 \u20ac) ;<\/li>\n<\/ul>\n<ul>\n<li>44 800 \u20ac \u00e0 BONNES pour des travaux sur les b\u00e2timents public (34\u00a0853 \u20ac) et pour l&rsquo;acquisition de mat\u00e9riels 9\u00a0947 \u20ac).<\/li>\n<\/ul>\n<p>&nbsp;<\/p>\n<p>&nbsp;<\/p>\n<p>&nbsp;<\/p>\n","protected":false},"excerpt":{"rendered":"<p>Pascale GUITTET, Maire et Vice-pr\u00e9sidente du Conseil D\u00e9partemental, et Claude EIDELSTEIN, Maire et Conseiller D\u00e9partemental, informent les habitants que les<\/p>\n","protected":false},"author":1,"featured_media":2806,"comment_status":"closed","ping_status":"open","sticky":false,"template":"","format":"standard","meta":[],"categories":[70,92],"tags":[20,35],"_links":{"self":[{"href":"https:\/\/unionpourlavienne.fr\/Union_Vienne_2016\/wordpress\/wp-json\/wp\/v2\/posts\/2805"}],"collection":[{"href":"https:\/\/unionpourlavienne.fr\/Union_Vienne_2016\/wordpress\/wp-json\/wp\/v2\/posts"}],"about":[{"href":"https:\/\/unionpourlavienne.fr\/Union_Vienne_2016\/wordpress\/wp-json\/wp\/v2\/types\/post"}],"author":[{"embeddable":true,"href":"https:\/\/unionpourlavienne.fr\/Union_Vienne_2016\/wordpress\/wp-json\/wp\/v2\/users\/1"}],"replies":[{"embeddable":true,"href":"https:\/\/unionpourlavienne.fr\/Union_Vienne_2016\/wordpress\/wp-json\/wp\/v2\/comments?post=2805"}],"version-history":[{"count":1,"href":"https:\/\/unionpourlavienne.fr\/Union_Vienne_2016\/wordpress\/wp-json\/wp\/v2\/posts\/2805\/revisions"}],"predecessor-version":[{"id":2807,"href":"https:\/\/unionpourlavienne.fr\/Union_Vienne_2016\/wordpress\/wp-json\/wp\/v2\/posts\/2805\/revisions\/2807"}],"wp:featuredmedia":[{"embeddable":true,"href":"https:\/\/unionpourlavienne.fr\/Union_Vienne_2016\/wordpress\/wp-json\/wp\/v2\/media\/2806"}],"wp:attachment":[{"href":"https:\/\/unionpourlavienne.fr\/Union_Vienne_2016\/wordpress\/wp-json\/wp\/v2\/media?parent=2805"}],"wp:term":[{"taxonomy":"category","embeddable":true,"href":"https:\/\/unionpourlavienne.fr\/Union_Vienne_2016\/wordpress\/wp-json\/wp\/v2\/categories?post=2805"},{"taxonomy":"post_tag","embeddable":true,"href":"https:\/\/unionpourlavienne.fr\/Union_Vienne_2016\/wordpress\/wp-json\/wp\/v2\/tags?post=2805"}],"curies":[{"name":"wp","href":"https:\/\/api.w.org\/{rel}","templated":true}]}}