{"id":2835,"date":"2018-06-15T10:28:26","date_gmt":"2018-06-15T09:28:26","guid":{"rendered":"http:\/\/unionpourlavienne.fr\/Union_Vienne_2016\/wordpress\/?p=2835"},"modified":"2018-06-18T11:07:55","modified_gmt":"2018-06-18T10:07:55","slug":"montee-en-debit-a-ternay-roiffe-et-ceaux-en-loudun","status":"publish","type":"post","link":"https:\/\/unionpourlavienne.fr\/Union_Vienne_2016\/wordpress\/montee-en-debit-a-ternay-roiffe-et-ceaux-en-loudun\/","title":{"rendered":"Mont\u00e9e en d\u00e9bit \u00e0 Ternay, Roiff\u00e9 et Ceaux-en-Loudun"},"content":{"rendered":"<p><em>Bruno BELIN, Pr\u00e9sident du D\u00e9partement, Fran\u00e7ois BOCK, Conseiller d\u00e9partemental, Rapporteur de la Commission de l\u2019Am\u00e9nagement Num\u00e9rique, Marie-Jeanne BELLAMY, Conseill\u00e8re d\u00e9partementale du canton de Loudun, et Jo\u00ebl DAZAS, Pr\u00e9sident de la Communaut\u00e9 de Communes du Pays Loudunais, ont successivement inaugur\u00e9 le N\u0153ud de Raccordement d&rsquo;Abonn\u00e9s de Mont\u00e9e en D\u00e9bit (NRA-MED) des communes de Ternay, Roiff\u00e9 et Ceaux-en-Loudun dans le cadre du Sch\u00e9ma Directeur Territorial d&rsquo;Am\u00e9nagement Num\u00e9rique (SDTAN), en pr\u00e9sence des maires respectifs\u00a0: Hugues MARTEAU, Didier BAILLARGEAU et Henri VILAIN.<\/em><\/p>\n<p><iframe loading=\"lazy\" style=\"width: 700px; height: 470px; max-width: 100%; overflow: hidden; border: none; padding: 0; margin: 0 auto; display: block;\" src=\"http:\/\/unionpourlavienne.fr\/2018-06-15\/index.html\" width=\"300\" height=\"150\" marginwidth=\"0\" marginheight=\"0\"><\/iframe><\/p>\n<p>\u00ab\u00a0<em>Le D\u00e9partement a mis en \u0153uvre un Sch\u00e9ma Directeur Territorial d\u2019Am\u00e9nagement Num\u00e9rique (SDTAN) <\/em><em>d\u2019un montant total de 51,73 millions d\u2019\u20ac. Il permet la r\u00e9alisation d&rsquo;op\u00e9rations de mont\u00e9e en d\u00e9bit (MED) qui consistent \u00e0 d\u00e9ployer la fibre optique jusqu&rsquo;au sous-r\u00e9partiteur t\u00e9l\u00e9phonique pour am\u00e9liorer les d\u00e9bits ADSL des usagers, jusqu&rsquo;\u00e0 50 Mbits pour les maisons les plus proches du sous-r\u00e9partiteur<\/em>\u00a0\u00bb a pr\u00e9cis\u00e9 Bruno BELIN confirmant que Le num\u00e9rique est la priorit\u00e9 des priorit\u00e9s du D\u00e9partement et qu\u2019en 2020, plus de 95 % du territoire sera couvert en Haut-D\u00e9bit.<\/p>\n<p>\u00ab\u00a0<em>43 communes de la Vienne ont \u00e9t\u00e9 b\u00e9n\u00e9ficiaires de cette MED au cours de l&rsquo;ann\u00e9e 2017 et 66 compl\u00e9mentaires le seront en 2018 et 2019<\/em>\u00a0\u00bb a ajout\u00e9 Fran\u00e7ois BOCK.<\/p>\n<p>Pour acc\u00e9der au Haut D\u00e9bit, des NRA-MED (voir notre<a href=\"https:\/\/unionpourlavienne.fr\/Union_Vienne_2016\/wordpress\/inauguration-du-sous-repartiteur-haut-debit-de-nalliers\/\"> <strong>article du 6 janvier 2017<\/strong><\/a>) viennent d\u2019\u00eatre install\u00e9s sur la commune de Ternay au 12 rue Les lamberts, \u00e0 Roiff\u00e9 au 1 rue du Souvenir et \u00e0 Ceaux-en-Loudun sur la Place de l\u2019Eglise. Ils seront op\u00e9rationnels le 22 ao\u00fbt prochain et leur p\u00e9rim\u00e8tre de mont\u00e9e en d\u00e9bit couvre une grande partie de chaque commune :<\/p>\n<p><img loading=\"lazy\" class=\"aligncenter size-full wp-image-2836\" src=\"https:\/\/unionpourlavienne.fr\/Union_Vienne_2016\/wordpress\/wp-content\/uploads\/2018\/06\/ternay.jpg\" alt=\"\" width=\"605\" height=\"428\" srcset=\"https:\/\/unionpourlavienne.fr\/Union_Vienne_2016\/wordpress\/wp-content\/uploads\/2018\/06\/ternay.jpg 605w, https:\/\/unionpourlavienne.fr\/Union_Vienne_2016\/wordpress\/wp-content\/uploads\/2018\/06\/ternay-300x212.jpg 300w\" sizes=\"(max-width: 605px) 100vw, 605px\" \/><\/p>\n<p><img loading=\"lazy\" class=\"aligncenter size-full wp-image-2837\" src=\"https:\/\/unionpourlavienne.fr\/Union_Vienne_2016\/wordpress\/wp-content\/uploads\/2018\/06\/roiff\u00e9.jpg\" alt=\"\" width=\"636\" height=\"900\" srcset=\"https:\/\/unionpourlavienne.fr\/Union_Vienne_2016\/wordpress\/wp-content\/uploads\/2018\/06\/roiff\u00e9.jpg 636w, https:\/\/unionpourlavienne.fr\/Union_Vienne_2016\/wordpress\/wp-content\/uploads\/2018\/06\/roiff\u00e9-212x300.jpg 212w\" sizes=\"(max-width: 636px) 100vw, 636px\" \/><\/p>\n<p><img loading=\"lazy\" class=\"aligncenter size-full wp-image-2838\" src=\"https:\/\/unionpourlavienne.fr\/Union_Vienne_2016\/wordpress\/wp-content\/uploads\/2018\/06\/ceaux.jpg\" alt=\"\" width=\"605\" height=\"855\" srcset=\"https:\/\/unionpourlavienne.fr\/Union_Vienne_2016\/wordpress\/wp-content\/uploads\/2018\/06\/ceaux.jpg 605w, https:\/\/unionpourlavienne.fr\/Union_Vienne_2016\/wordpress\/wp-content\/uploads\/2018\/06\/ceaux-212x300.jpg 212w\" sizes=\"(max-width: 605px) 100vw, 605px\" \/><\/p>\n<p>&nbsp;<\/p>\n<p>Cette MED des territoires de la Vienne, financ\u00e9e par le D\u00e9partement \u00e0 hauteur de 10,7 millions d\u2019\u20ac, a permis de raccorder 539 foyers dont 182 au Haut-D\u00e9bit (&gt; 2 Mbits) et 356 au Tr\u00e8s Haut-D\u00e9bit (&gt; 8 Mbits).<\/p>\n<p>&nbsp;<\/p>\n","protected":false},"excerpt":{"rendered":"<p>Bruno BELIN, Fran\u00e7ois BOCK, Marie-Jeanne BELLAMY et Jo\u00ebl DAZAS ont successivement inaugur\u00e9 le NRA-MED des communes de Ternay, Roiff\u00e9 et Ceaux-en-Loudun&#8230;<\/p>\n","protected":false},"author":1,"featured_media":2839,"comment_status":"closed","ping_status":"open","sticky":false,"template":"","format":"standard","meta":[],"categories":[68,75],"tags":[19,23,33],"_links":{"self":[{"href":"https:\/\/unionpourlavienne.fr\/Union_Vienne_2016\/wordpress\/wp-json\/wp\/v2\/posts\/2835"}],"collection":[{"href":"https:\/\/unionpourlavienne.fr\/Union_Vienne_2016\/wordpress\/wp-json\/wp\/v2\/posts"}],"about":[{"href":"https:\/\/unionpourlavienne.fr\/Union_Vienne_2016\/wordpress\/wp-json\/wp\/v2\/types\/post"}],"author":[{"embeddable":true,"href":"https:\/\/unionpourlavienne.fr\/Union_Vienne_2016\/wordpress\/wp-json\/wp\/v2\/users\/1"}],"replies":[{"embeddable":true,"href":"https:\/\/unionpourlavienne.fr\/Union_Vienne_2016\/wordpress\/wp-json\/wp\/v2\/comments?post=2835"}],"version-history":[{"count":2,"href":"https:\/\/unionpourlavienne.fr\/Union_Vienne_2016\/wordpress\/wp-json\/wp\/v2\/posts\/2835\/revisions"}],"predecessor-version":[{"id":2841,"href":"https:\/\/unionpourlavienne.fr\/Union_Vienne_2016\/wordpress\/wp-json\/wp\/v2\/posts\/2835\/revisions\/2841"}],"wp:featuredmedia":[{"embeddable":true,"href":"https:\/\/unionpourlavienne.fr\/Union_Vienne_2016\/wordpress\/wp-json\/wp\/v2\/media\/2839"}],"wp:attachment":[{"href":"https:\/\/unionpourlavienne.fr\/Union_Vienne_2016\/wordpress\/wp-json\/wp\/v2\/media?parent=2835"}],"wp:term":[{"taxonomy":"category","embeddable":true,"href":"https:\/\/unionpourlavienne.fr\/Union_Vienne_2016\/wordpress\/wp-json\/wp\/v2\/categories?post=2835"},{"taxonomy":"post_tag","embeddable":true,"href":"https:\/\/unionpourlavienne.fr\/Union_Vienne_2016\/wordpress\/wp-json\/wp\/v2\/tags?post=2835"}],"curies":[{"name":"wp","href":"https:\/\/api.w.org\/{rel}","templated":true}]}}