{"id":2842,"date":"2018-06-21T15:12:02","date_gmt":"2018-06-21T14:12:02","guid":{"rendered":"http:\/\/unionpourlavienne.fr\/Union_Vienne_2016\/wordpress\/?p=2842"},"modified":"2018-06-22T08:08:46","modified_gmt":"2018-06-22T07:08:46","slug":"poitou-numerique-deploiement-de-la-fibre-optique-en-vienne-et-deux-sevres","status":"publish","type":"post","link":"https:\/\/unionpourlavienne.fr\/Union_Vienne_2016\/wordpress\/poitou-numerique-deploiement-de-la-fibre-optique-en-vienne-et-deux-sevres\/","title":{"rendered":"Poitou num\u00e9rique : d\u00e9ploiement de la fibre optique en Vienne et Deux-S\u00e8vres"},"content":{"rendered":"<p><em>Bruno BELIN et Gilbert FAVREAU, respectivement Pr\u00e9sident du D\u00e9partement de la Vienne et des Deux-S\u00e8vres, S\u00e9verine SAINT-P\u00c9, Vice-pr\u00e9sidente charg\u00e9e de l\u2019Am\u00e9nagement Num\u00e9rique, Fran\u00e7ois BOCK, rapporteur de la Commission, Elisabeth MORIN-CHARTIER, D\u00e9put\u00e9e Europ\u00e9enne et Franck AUPETIT, D\u00e9l\u00e9gu\u00e9 R\u00e9gional Nord Nouvelle-Aquitaine chez Orange, ont proc\u00e9d\u00e9 sur le site du Tumulus de Bougon (79) au lancement du r\u00e9seau \u00ab\u00a0Fiber To The Home\u00a0\u00bb (FTTH) Poitou Num\u00e9rique correspondant au d\u00e9ploiement de la fibre optique dans les deux d\u00e9partements.<\/em><\/p>\n<p><iframe loading=\"lazy\" style=\"width: 700px; height: 470px; max-width: 100%; overflow: hidden; border: none; padding: 0; margin: 0 auto; display: block;\" src=\"http:\/\/unionpourlavienne.fr\/2018-06-21\/index.html\" width=\"300\" height=\"150\" marginwidth=\"0\" marginheight=\"0\"><\/iframe><\/p>\n<p>La fibre optique, fil de verre plus fin qu\u2019un cheveu transportant de grandes quantit\u00e9s de donn\u00e9es \u00e0 la vitesse de la lumi\u00e8re sur des milliers de kilom\u00e8tres, permet l\u2019acc\u00e8s au Tr\u00e8s Haut D\u00e9bit qui correspond \u00e0 des d\u00e9bits sup\u00e9rieurs \u00e0 30 M\u00e9gabits\/seconde pouvant m\u00eame aller au del\u00e0 de 100 MB\/s sym\u00e9trique, c&rsquo;est-\u00e0-dire aussi bien en r\u00e9ception qu\u2019en envoi d\u2019information.<\/p>\n<p>Il offre des partages rapides de donn\u00e9es et de vid\u00e9os, le stockage externe sur le \u00ab\u00a0cloud\u00a0\u00bb, les visioconf\u00e9rences et le t\u00e9l\u00e9travail en favorisant les usages \u00e9conomiques.<\/p>\n<p>L\u2019utilisation \u00e0 domicile, le d\u00e9veloppement de l\u2019apprentissage et les services \u00e0 la population, tels les consultations m\u00e9dicales \u00e0 distance et bien d\u2019autres avantages sont li\u00e9s \u00e0 cette technologie num\u00e9rique. Demain, et bien plus qu\u2019aujourd\u2019hui, elle deviendra indispensable et l\u2019am\u00e9nagement du territoire en a fait une des priorit\u00e9s.<\/p>\n<p><iframe loading=\"lazy\" frameborder=\"0\" width=\"800\" height=\"448\" src=\"https:\/\/www.dailymotion.com\/embed\/video\/x6mf1zf\" allowfullscreen allow=\"autoplay\"><\/iframe><\/p>\n<p>La premi\u00e8re \u00e9tape de la mont\u00e9e en d\u00e9bit (MED) du Sch\u00e9ma Territorial D\u00e9partemental d\u2019Am\u00e9nagement Num\u00e9rique (STDAN) de la Vienne, lanc\u00e9 d\u00e8s 2015, a permis une am\u00e9lioration sensible du r\u00e9seau ADSL dans de nombreuses communes avec l\u2019installation de N\u0153uds de Raccordement d\u2019Abonn\u00e9s de Mont\u00e9e en d\u00e9bit (NRA-MED). 43 communes ont \u00e9t\u00e9 b\u00e9n\u00e9ficiaires de cette MED au cours de l\u2019ann\u00e9e 2017 et 66 autres le seront en 2018 et 2019. 45% de cette cible sera r\u00e9alis\u00e9e \u00e0 la fin de l\u2019\u00e9t\u00e9 2018. Plus de 95% du territoire d\u00e9partemental sera ainsi connect\u00e9 en Haut ou Tr\u00e8s Haut D\u00e9bit en 2020 via cette technologie.<\/p>\n<p>Aujourd\u2019hui, une seconde \u00e9tape vient d\u2019\u00eatre franchie avec le lancement du r\u00e9seau de fibre optique \u00abFiber To The Home, Fibre jusqu\u2019\u00e0 l\u2019abonn\u00e9\u00a0\u00bb (FTTH) Tr\u00e8s Haut D\u00e9bit baptis\u00e9 Poitou Num\u00e9rique. C\u2019est le fruit de la collaboration des D\u00e9partements de la Vienne et des Deux-S\u00e8vres pour am\u00e9liorer la qualit\u00e9 de vie des habitants, favoriser le d\u00e9veloppement \u00e9conomique et agir pour la comp\u00e9titivit\u00e9 et la vitalit\u00e9 de nos territoires.<\/p>\n<p>Le choix s\u2019est port\u00e9 sur un March\u00e9 Public Global de Performance (MPGP) pour ma\u00eetriser le rythme du d\u00e9ploiement, les zones desservies, le cout et le financement, l\u2019exploitation et les d\u00e9veloppements futurs.<\/p>\n<p>Cela signifie que les deux Collectivit\u00e9s d\u00e9partementales et les 15 Intercommunalit\u00e9s associ\u00e9es seront propri\u00e9taires de ce r\u00e9seau d\u2019avenir qui permettra au plus grand nombre d\u2019habitants d\u2019en b\u00e9n\u00e9ficier.<\/p>\n<p>Les op\u00e9rateurs traditionnels (Orange, SFR, Free, Bouygues T\u00e9l\u00e9com, etc.) ou locaux pourront proposer leurs services sur ce r\u00e9seau Poitou Num\u00e9rique. Chacun pourra choisir son fournisseur d\u2019acc\u00e8s \u00e0 Internet et b\u00e9n\u00e9ficier des offres \u00e9quivalentes \u00e0 celles propos\u00e9es au niveau national.<\/p>\n<p>Le co\u00fbt pr\u00e9visionnel de l\u2019infrastructure s\u2019\u00e9l\u00e8ve \u00e0 124,3 Millions d\u2019\u20ac. Les financeurs sont les D\u00e9partements de la Vienne (9 M\u20ac), des Deux-S\u00e8vres (18,7 M\u20ac) et des Intercommunalit\u00e9s (12,75 M\u20ac), la R\u00e9gion Nouvelle-Aquitaine (23,7 M\u20ac), l\u2019Etat (33, 6 M\u20ac), l\u2019Union Europ\u00e9enne (12,5 M\u20ac) et les Op\u00e9rateurs priv\u00e9s (14,05 M\u20ac).<\/p>\n<p>Orange a \u00e9t\u00e9 choisi comme prestataire par Deux-S\u00e8vres Num\u00e9rique et Vienne Num\u00e9rique pour construire le r\u00e9seau et assurer sa maintenance pendant 10 ans<\/p>\n<p>Au total, 83\u00a0641 prises individuelles et plus de 362 sites prioritaires (voir ci-apr\u00e8s) seront raccord\u00e9s en Tr\u00e8s Haut d\u00e9bit d\u2019ici 2022 dans les deux D\u00e9partements, dont 31\u00a0149 dans la Vienne.<\/p>\n<p>La premi\u00e8re phase de d\u00e9ploiement dans la Vienne concernera la desserte de 10 communes, en dehors des zones d\u2019Appel \u00e0 Manifestation d\u2019Intention d\u2019Investissement (AMII) pour lesquelles les Op\u00e9rateurs priv\u00e9s d\u00e9ploient la fibre \u00a0dans les zones les plus dens\u00e9ment peupl\u00e9es telles les agglom\u00e9rations de Poitiers et Ch\u00e2tellerault. Il s\u2019agit de Loudun, Dang\u00e9-Saint-Romain, Jaunay-Marigny, Saint-Georges-les-Baillargeaux, Vouill\u00e9, Neuville-de-Poitou, Vivonne, Civray, Chauvigny et Montmorillon.<\/p>\n<p>Au-del\u00e0 des communes susmentionn\u00e9es, le choix a \u00e9galement \u00e9t\u00e9 fait sur l\u2019\u00e9quipement en priorit\u00e9 de sites sp\u00e9cifiques pour lesquels l\u2019infrastructure Tr\u00e8s Haut D\u00e9bit s\u2019est av\u00e9r\u00e9 d\u2019une grande utilit\u00e9 \u00e0 court terme\u00a0: les \u00e9tablissements d\u2019Enseignement et de Sant\u00e9, les sites d\u2019int\u00e9r\u00eat touristiques et les zones d\u2019activit\u00e9s artisanales, industrielles ou agricoles. Cela repr\u00e9sente 362 sites pour les deux D\u00e9partements, dont 142 dans la Vienne. Sur ces 362 sites, 194 seront raccord\u00e9s \u00e0 partir du deuxi\u00e8me trimestre 2019.<\/p>\n<p>&nbsp;<\/p>\n<p>&nbsp;<\/p>\n","protected":false},"excerpt":{"rendered":"<p>Bruno BELIN et Gilbert FAVREAU, S\u00e9verine SAINT-P\u00c9, Fran\u00e7ois BOCK, Elisabeth MORIN-CHARTIER et Franck AUPETIT ont proc\u00e9d\u00e9 sur le site du Tumulus de Bougon au lancement du r\u00e9seau Poitou Num\u00e9rique &#8230;<\/p>\n","protected":false},"author":1,"featured_media":2843,"comment_status":"closed","ping_status":"open","sticky":false,"template":"","format":"standard","meta":[],"categories":[60,68],"tags":[19,23,38],"_links":{"self":[{"href":"https:\/\/unionpourlavienne.fr\/Union_Vienne_2016\/wordpress\/wp-json\/wp\/v2\/posts\/2842"}],"collection":[{"href":"https:\/\/unionpourlavienne.fr\/Union_Vienne_2016\/wordpress\/wp-json\/wp\/v2\/posts"}],"about":[{"href":"https:\/\/unionpourlavienne.fr\/Union_Vienne_2016\/wordpress\/wp-json\/wp\/v2\/types\/post"}],"author":[{"embeddable":true,"href":"https:\/\/unionpourlavienne.fr\/Union_Vienne_2016\/wordpress\/wp-json\/wp\/v2\/users\/1"}],"replies":[{"embeddable":true,"href":"https:\/\/unionpourlavienne.fr\/Union_Vienne_2016\/wordpress\/wp-json\/wp\/v2\/comments?post=2842"}],"version-history":[{"count":6,"href":"https:\/\/unionpourlavienne.fr\/Union_Vienne_2016\/wordpress\/wp-json\/wp\/v2\/posts\/2842\/revisions"}],"predecessor-version":[{"id":2849,"href":"https:\/\/unionpourlavienne.fr\/Union_Vienne_2016\/wordpress\/wp-json\/wp\/v2\/posts\/2842\/revisions\/2849"}],"wp:featuredmedia":[{"embeddable":true,"href":"https:\/\/unionpourlavienne.fr\/Union_Vienne_2016\/wordpress\/wp-json\/wp\/v2\/media\/2843"}],"wp:attachment":[{"href":"https:\/\/unionpourlavienne.fr\/Union_Vienne_2016\/wordpress\/wp-json\/wp\/v2\/media?parent=2842"}],"wp:term":[{"taxonomy":"category","embeddable":true,"href":"https:\/\/unionpourlavienne.fr\/Union_Vienne_2016\/wordpress\/wp-json\/wp\/v2\/categories?post=2842"},{"taxonomy":"post_tag","embeddable":true,"href":"https:\/\/unionpourlavienne.fr\/Union_Vienne_2016\/wordpress\/wp-json\/wp\/v2\/tags?post=2842"}],"curies":[{"name":"wp","href":"https:\/\/api.w.org\/{rel}","templated":true}]}}