{"id":2946,"date":"2018-09-03T09:00:59","date_gmt":"2018-09-03T08:00:59","guid":{"rendered":"http:\/\/unionpourlavienne.fr\/Union_Vienne_2016\/wordpress\/?p=2946"},"modified":"2018-09-05T14:04:07","modified_gmt":"2018-09-05T13:04:07","slug":"rentree-scolaire-en-musique-au-college-maurice-bedel-de-st-gervais-les-trois-clochers-sur-le-canton-chatellerault-2","status":"publish","type":"post","link":"https:\/\/unionpourlavienne.fr\/Union_Vienne_2016\/wordpress\/rentree-scolaire-en-musique-au-college-maurice-bedel-de-st-gervais-les-trois-clochers-sur-le-canton-chatellerault-2\/","title":{"rendered":"Rentr\u00e9e scolaire en musique au coll\u00e8ge Maurice Bedel de St-Gervais-Les-Trois-Clochers sur le canton Ch\u00e2tellerault 2"},"content":{"rendered":"<p>Lundi matin, le Pr\u00e9sident <strong>Bruno BELIN\u00a0<\/strong>accompagn\u00e9 d\u2019<strong>Henri COLIN<\/strong>, Vice-pr\u00e9sident en charge de l\u2019Education, des Coll\u00e8ges, des B\u00e2timents des Transports et des Relations avec l\u2019Universit\u00e9, d\u2019<strong>Alain<\/strong> <strong>PICHON<\/strong>, Vice-pr\u00e9sident, de <strong>Jean-Pierre ABELIN<\/strong>, Conseiller d\u00e9partemental et Pr\u00e9sident de Grand Ch\u00e2tellerault, d\u2019<strong>Anne-Florence BOURAT<\/strong>, Conseill\u00e8re d\u00e9partementale et Vice-pr\u00e9sidente de Grand Ch\u00e2tellerault en charge des \u00e9quipements culturels, d\u2019<strong>Antoine BRAGUIER<\/strong>, Maire de la commune, de <strong>Martine GODET<\/strong>, Conseill\u00e8re d\u00e9partementale rempla\u00e7ante de la 1<sup>\u00e8re<\/sup> Vice-pr\u00e9sidente <strong>Val\u00e9rie DAUGE\u00a0<\/strong>ont visit\u00e9 le coll\u00e8ge Maurice Bedel de St Gervais les 3 Clochers en pr\u00e9sence d\u2019<strong>Armel<\/strong> <strong>de La BOURDONNAYE<\/strong>, Recteur de l\u2019Acad\u00e9mie de Poitiers, Chancelier des Universit\u00e9s et de <strong>Cyrille SAVARY<\/strong>, Chef d\u2019\u00e9tablissement.<\/p>\n<p><iframe loading=\"lazy\" style=\"width: 700px; height: 470px; max-width: 100%; overflow: hidden; border: none; padding: 0; margin: 0 auto; display: block;\" src=\"http:\/\/unionpourlavienne.fr\/2018-09-03\/index.html\" width=\"300\" height=\"150\" marginwidth=\"0\" marginheight=\"0\"><\/iframe><\/p>\n<p>Les \u00e9l\u00e8ves de 6<sup>e<\/sup> ont \u00e9t\u00e9 accueillis par la chorale du coll\u00e8ge avec trois extraits du spectacle de l\u2019ann\u00e9e 2017\/2018 \u00ab\u00a0Starmania\u00a0\u00bb.<\/p>\n<p>Un temps d\u2019\u00e9changes en salle de musique a \u00e9t\u00e9 organis\u00e9 avec les \u00e9quipes \u00e9ducatives et p\u00e9dagogiques, les \u00e9lus, et le directeur du Conservatoire de Ch\u00e2tellerault sur la mise en place du dispositif \u00ab\u00a0classes chantantes\u00a0\u00bb et le projet de Classe \u00e0 Horaires Am\u00e9nag\u00e9s Musique (CHAM).<\/p>\n<p>Le coll\u00e8ge accueille 310 \u00e9l\u00e8ves issus des communes d\u2019Antran, Leign\u00e9-sur-Usseau, Mondion, Saint-Christophe, Saint-Gervais-les-Trois-Clochers, S\u00e9rigny, Sossais, Thur\u00e9 (Nord), Usseau, Vaux-sur-Vienne et Vell\u00e8ches.<\/p>\n<p>Suite \u00e0 la volont\u00e9 d\u2019int\u00e9grer plus largement en milieu ordinaire les enfants en situation d\u2019handicap, il est mis en place \u00e0 cette rentr\u00e9e l\u2019int\u00e9gration d\u2019une classe de l\u2019IME Pierre Garnier de Ch\u00e2tellerault sur le mod\u00e8le de l\u2019exp\u00e9rience r\u00e9ussie au coll\u00e8ge France Bloch S\u00e9razin.<\/p>\n<p>Les travaux d\u2019adaptation de la salle de classe et l\u2019am\u00e9nagement d\u2019un sanitaire sp\u00e9cifique (toilette + douche) ont \u00e9t\u00e9 r\u00e9alis\u00e9s pour partie en interne par le coll\u00e8ge et pour les autres sur les cr\u00e9dits GREE de la direction de l\u2019\u00e9ducation et des b\u00e2timents.<\/p>\n<p>Des travaux accessibilit\u00e9s sont programm\u00e9s \u00e0 hauteur de 200\u00a0000\u20ac dans le cadre des travaux pr\u00e9vus au plan coll\u00e8ges 2015\/2025 de 110M\u20ac du D\u00e9partement.<\/p>\n<p>L\u2019\u00e9tablissement est dot\u00e9 de 60 ordinateurs et de 15 tablettes suite \u00e0 l\u2019Appel \u00e0 Projets 2017 du minist\u00e8re de l\u2019Education Nationale pour la Plan Num\u00e9rique Educatif.<\/p>\n<p>&nbsp;<\/p>\n<p>&nbsp;<\/p>\n<p>&nbsp;<\/p>\n<p>&nbsp;<\/p>\n","protected":false},"excerpt":{"rendered":"<p>Le Pr\u00e9sident Bruno BELIN, accompagn\u00e9 d\u2019Henri COLIN, d\u2019Alain PICHON, de Jean-Pierre ABELIN, d\u2019Anne-Florence BOURAT  ont visit\u00e9 le coll\u00e8ge Maurice Bedel de St-Gervais-les-3-Clochers &#8230;<\/p>\n","protected":false},"author":1,"featured_media":2947,"comment_status":"closed","ping_status":"open","sticky":false,"template":"","format":"standard","meta":[],"categories":[86,59],"tags":[14,15,19,26,30],"_links":{"self":[{"href":"https:\/\/unionpourlavienne.fr\/Union_Vienne_2016\/wordpress\/wp-json\/wp\/v2\/posts\/2946"}],"collection":[{"href":"https:\/\/unionpourlavienne.fr\/Union_Vienne_2016\/wordpress\/wp-json\/wp\/v2\/posts"}],"about":[{"href":"https:\/\/unionpourlavienne.fr\/Union_Vienne_2016\/wordpress\/wp-json\/wp\/v2\/types\/post"}],"author":[{"embeddable":true,"href":"https:\/\/unionpourlavienne.fr\/Union_Vienne_2016\/wordpress\/wp-json\/wp\/v2\/users\/1"}],"replies":[{"embeddable":true,"href":"https:\/\/unionpourlavienne.fr\/Union_Vienne_2016\/wordpress\/wp-json\/wp\/v2\/comments?post=2946"}],"version-history":[{"count":1,"href":"https:\/\/unionpourlavienne.fr\/Union_Vienne_2016\/wordpress\/wp-json\/wp\/v2\/posts\/2946\/revisions"}],"predecessor-version":[{"id":2948,"href":"https:\/\/unionpourlavienne.fr\/Union_Vienne_2016\/wordpress\/wp-json\/wp\/v2\/posts\/2946\/revisions\/2948"}],"wp:featuredmedia":[{"embeddable":true,"href":"https:\/\/unionpourlavienne.fr\/Union_Vienne_2016\/wordpress\/wp-json\/wp\/v2\/media\/2947"}],"wp:attachment":[{"href":"https:\/\/unionpourlavienne.fr\/Union_Vienne_2016\/wordpress\/wp-json\/wp\/v2\/media?parent=2946"}],"wp:term":[{"taxonomy":"category","embeddable":true,"href":"https:\/\/unionpourlavienne.fr\/Union_Vienne_2016\/wordpress\/wp-json\/wp\/v2\/categories?post=2946"},{"taxonomy":"post_tag","embeddable":true,"href":"https:\/\/unionpourlavienne.fr\/Union_Vienne_2016\/wordpress\/wp-json\/wp\/v2\/tags?post=2946"}],"curies":[{"name":"wp","href":"https:\/\/api.w.org\/{rel}","templated":true}]}}