{"id":2996,"date":"2018-09-11T13:11:30","date_gmt":"2018-09-11T12:11:30","guid":{"rendered":"http:\/\/unionpourlavienne.fr\/Union_Vienne_2016\/wordpress\/?p=2996"},"modified":"2018-09-12T13:16:13","modified_gmt":"2018-09-12T12:16:13","slug":"presentation-du-27e-festival-de-theatre-amateur-festi86-humour-et-rire","status":"publish","type":"post","link":"https:\/\/unionpourlavienne.fr\/Union_Vienne_2016\/wordpress\/presentation-du-27e-festival-de-theatre-amateur-festi86-humour-et-rire\/","title":{"rendered":"Pr\u00e9sentation du 27<sup>e<\/sup> festival de th\u00e9\u00e2tre amateur Festi86 Humour et rire"},"content":{"rendered":"<p><em>Beno\u00eet COQUELET, Vice-pr\u00e9sident du D\u00e9partement, Conseiller d\u00e9partemental du canton de Vouneuil-sous-Biard, Christian ROBERT, Vice-pr\u00e9sident de l&rsquo;association \u00ab\u00a0FESTI 86\u00a0\u00bb, Dominique GRAMMATICO, Directeur artistique, et Antoine GRAMMATICO, Tr\u00e9sorier, ont pr\u00e9sent\u00e9 la 27<sup>e<\/sup> \u00e9dition du festival de th\u00e9\u00e2tre amateur Humour et Rire qui se d\u00e9roulera dans les communes du canton du 28 septembre au 7 octobre prochains. Nathalie GUILLET, Maire de Chir\u00e9-en-Montreuil et Olivier KIRCH, Maire de B\u00e9ruges, ont r\u00e9pondu pr\u00e9sent \u00e0 cette pr\u00e9sentation.<\/em><\/p>\n<p><iframe loading=\"lazy\" style=\"width: 700px; height: 470px; max-width: 100%; overflow: hidden; border: none; padding: 0; margin: 0 auto; display: block;\" src=\"http:\/\/unionpourlavienne.fr\/2018-09-11\/index.html\" width=\"300\" height=\"150\" marginwidth=\"0\" marginheight=\"0\"><\/iframe><\/p>\n<p>Le traditionnel festival de th\u00e9\u00e2tre amateur de l&rsquo;ancien canton de Vouill\u00e9 se d\u00e9roulera cette ann\u00e9e du 28 septembre au 7 octobre prochains dans les communes de B\u00e9ruges, Chir\u00e9-en-Montreuil, Latill\u00e9, Vouill\u00e9 et Vouneuil-sous-Biard.<\/p>\n<p>Malgr\u00e9 les diminutions du montant des subventions attribu\u00e9es aux associations culturelles, cons\u00e9quentes aux baises de dotations de l\u2019Etat, le festival a su faire preuve de p\u00e9rennit\u00e9 gr\u00e2ce \u00e0 la passion de ses organisateurs et au d\u00e9vouement des nombreux b\u00e9n\u00e9voles qui ont \u00e9t\u00e9 vivement remerci\u00e9s. Les r\u00e9seaux sociaux ont \u00e9t\u00e9 largement utilis\u00e9s \u00e0 l\u2019occasion de cette nouvelle \u00e9dition afin d\u2019attirer davantage de jeunes aux diverses repr\u00e9sentations.<\/p>\n<p>Dominique GRAMMATICO a ensuite d\u00e9clin\u00e9 le programme tr\u00e8s dense du festival (cf. la vid\u00e9o ci-dessous).<\/p>\n<p><iframe loading=\"lazy\" frameborder=\"0\" width=\"800\" height=\"449\" src=\"https:\/\/www.dailymotion.com\/embed\/video\/x6ti3iy\" allowfullscreen allow=\"autoplay\"><\/iframe><\/p>\n<p>Beno\u00eet COQUELET a f\u00e9licit\u00e9 l&rsquo;ensemble des intervenants de Festi 86 pour la perp\u00e9tuation de son activit\u00e9 culturelle tr\u00e8s appr\u00e9ci\u00e9e ainsi que le tr\u00e8s haut niveau des troupes s\u00e9lectionn\u00e9es par ce th\u00e9\u00e2tre amateur qui font le bonheur des spectateurs en leur apportant humour et rire \u00e0 profusion.<\/p>\n<p><a href=\"https:\/\/unionpourlavienne.fr\/Union_Vienne_2016\/wordpress\/wp-content\/uploads\/2018\/09\/SKMBT_C36018091213580.jpg\" target=\"_blank\" rel=\"noopener noreferrer\"><img loading=\"lazy\" class=\"aligncenter wp-image-2997\" src=\"https:\/\/unionpourlavienne.fr\/Union_Vienne_2016\/wordpress\/wp-content\/uploads\/2018\/09\/SKMBT_C36018091213580.jpg\" alt=\"\" width=\"700\" height=\"990\" srcset=\"https:\/\/unionpourlavienne.fr\/Union_Vienne_2016\/wordpress\/wp-content\/uploads\/2018\/09\/SKMBT_C36018091213580.jpg 2480w, https:\/\/unionpourlavienne.fr\/Union_Vienne_2016\/wordpress\/wp-content\/uploads\/2018\/09\/SKMBT_C36018091213580-212x300.jpg 212w, https:\/\/unionpourlavienne.fr\/Union_Vienne_2016\/wordpress\/wp-content\/uploads\/2018\/09\/SKMBT_C36018091213580-768x1086.jpg 768w, https:\/\/unionpourlavienne.fr\/Union_Vienne_2016\/wordpress\/wp-content\/uploads\/2018\/09\/SKMBT_C36018091213580-724x1024.jpg 724w\" sizes=\"(max-width: 700px) 100vw, 700px\" \/><\/a><\/p>\n","protected":false},"excerpt":{"rendered":"<p>Beno\u00eet COQUELET, Christian ROBERT, Dominique GRAMMATICO et Antoine GRAMMATICO ont pr\u00e9sent\u00e9 la 27<sup>e<\/sup> \u00e9dition du festival de th\u00e9\u00e2tre amateur Humour et Rire qui se d\u00e9roulera dans les communes du canton du 28 septembre au 7 octobre prochains&#8230;<\/p>\n","protected":false},"author":1,"featured_media":2998,"comment_status":"closed","ping_status":"open","sticky":false,"template":"","format":"standard","meta":[],"categories":[66,83],"tags":[16],"_links":{"self":[{"href":"https:\/\/unionpourlavienne.fr\/Union_Vienne_2016\/wordpress\/wp-json\/wp\/v2\/posts\/2996"}],"collection":[{"href":"https:\/\/unionpourlavienne.fr\/Union_Vienne_2016\/wordpress\/wp-json\/wp\/v2\/posts"}],"about":[{"href":"https:\/\/unionpourlavienne.fr\/Union_Vienne_2016\/wordpress\/wp-json\/wp\/v2\/types\/post"}],"author":[{"embeddable":true,"href":"https:\/\/unionpourlavienne.fr\/Union_Vienne_2016\/wordpress\/wp-json\/wp\/v2\/users\/1"}],"replies":[{"embeddable":true,"href":"https:\/\/unionpourlavienne.fr\/Union_Vienne_2016\/wordpress\/wp-json\/wp\/v2\/comments?post=2996"}],"version-history":[{"count":1,"href":"https:\/\/unionpourlavienne.fr\/Union_Vienne_2016\/wordpress\/wp-json\/wp\/v2\/posts\/2996\/revisions"}],"predecessor-version":[{"id":2999,"href":"https:\/\/unionpourlavienne.fr\/Union_Vienne_2016\/wordpress\/wp-json\/wp\/v2\/posts\/2996\/revisions\/2999"}],"wp:featuredmedia":[{"embeddable":true,"href":"https:\/\/unionpourlavienne.fr\/Union_Vienne_2016\/wordpress\/wp-json\/wp\/v2\/media\/2998"}],"wp:attachment":[{"href":"https:\/\/unionpourlavienne.fr\/Union_Vienne_2016\/wordpress\/wp-json\/wp\/v2\/media?parent=2996"}],"wp:term":[{"taxonomy":"category","embeddable":true,"href":"https:\/\/unionpourlavienne.fr\/Union_Vienne_2016\/wordpress\/wp-json\/wp\/v2\/categories?post=2996"},{"taxonomy":"post_tag","embeddable":true,"href":"https:\/\/unionpourlavienne.fr\/Union_Vienne_2016\/wordpress\/wp-json\/wp\/v2\/tags?post=2996"}],"curies":[{"name":"wp","href":"https:\/\/api.w.org\/{rel}","templated":true}]}}