{"id":3020,"date":"2018-09-19T10:54:31","date_gmt":"2018-09-19T09:54:31","guid":{"rendered":"http:\/\/unionpourlavienne.fr\/Union_Vienne_2016\/wordpress\/?p=3020"},"modified":"2018-09-20T10:57:32","modified_gmt":"2018-09-20T09:57:32","slug":"inauguration-du-pole-de-sante-de-lisle-jourdain-adriers","status":"publish","type":"post","link":"https:\/\/unionpourlavienne.fr\/Union_Vienne_2016\/wordpress\/inauguration-du-pole-de-sante-de-lisle-jourdain-adriers\/","title":{"rendered":"Inauguration du P\u00f4le de Sant\u00e9 de L&rsquo;Isle Jourdain-Adriers"},"content":{"rendered":"<p>Bruno BELIN, Pr\u00e9sident du D\u00e9partement, Anne-Florence BOURAT, Conseill\u00e8re d\u00e9partementale d\u00e9l\u00e9gu\u00e9e aupr\u00e8s du Pr\u00e9sident, charg\u00e9e des Politiques de Sant\u00e9, Fran\u00e7ois BOCK, Conseiller d\u00e9partemental du canton de Lussac-les-Ch\u00e2teaux, Annie LAGRANGE, Pr\u00e9sidente de la Communaut\u00e9 de Communes de Vienne et Gartempe, Michel JARASSIER, Vice-pr\u00e9sident en charge de la sant\u00e9, Jean-Pierre MELON, Maire de l\u2019Isle Jourdain, et Philippe ROSE, Maire d\u2019Adriers, ont inaugur\u00e9 la Maison de Sant\u00e9 Multi-Sites de l\u2019Isle-Jourdain et Adriers.<\/p>\n<p><iframe loading=\"lazy\" style=\"width: 700px; height: 470px; max-width: 100%; overflow: hidden; border: none; padding: 0; margin: 0 auto; display: block;\" src=\"http:\/\/unionpourlavienne.fr\/2018-09-19\/index.html\" width=\"300\" height=\"150\" marginwidth=\"0\" marginheight=\"0\"><\/iframe><\/p>\n<p>La Maison de Sant\u00e9 a ouvert ses portes en mars 2018, apr\u00e8s cinq ans d\u2019investissements des \u00e9lus, des professionnels de sant\u00e9 et de la communaut\u00e9 de communes Vienne et Gartempe (CCVG). Elle constitue une des r\u00e9ponses \u00e0 la demande des m\u00e9decins en regroupant plusieurs sp\u00e9cialit\u00e9s (m\u00e9dicales et param\u00e9dicales) en un m\u00eame lieu.<\/p>\n<p>Le projet a d\u00e9but\u00e9 en 2013, suite au d\u00e9part \u00e0 la retraite de quatre m\u00e9decins g\u00e9n\u00e9ralistes\u00a0: un sur la commune de Rouill\u00e9 en 2013, et trois sur la commune de l\u2019Isle-Jourdain entre d\u00e9cembre 2016 et juillet 2017. Face \u00e0 l\u2019alerte donn\u00e9e par les professionnels de sant\u00e9 se retrouvant dans des conditions mat\u00e9rielles difficiles pour exercer, et avec des patients qui ne trouvent pas m\u00e9decins pour se soigner, la CCVG a d\u00e9cid\u00e9 d\u2019accompagner la construction d\u2019une maison de sant\u00e9 multi-sites et de proc\u00e9der \u00e0 une recherche de nouveaux m\u00e9decins.<\/p>\n<p>Apr\u00e8s une premi\u00e8re rencontre \u00e0 l\u2019Isle-Jourdain en novembre 2013 en pr\u00e9sence de l\u2019Agence R\u00e9gionale de Sant\u00e9 et 15 soir\u00e9es de r\u00e9union de travail pour l\u2019\u00e9criture du projet, le programme architectural a \u00e9t\u00e9 d\u00e9termin\u00e9 avec les professionnels de sant\u00e9 en 2016-2017.<\/p>\n<p>Aujourd\u2019hui, huit professionnels sont pr\u00e9sents sur les deux sites. Deux m\u00e9decins g\u00e9n\u00e9ralistes, un infirmier, un kin\u00e9sith\u00e9rapeute, un chirurgien-dentiste sont install\u00e9s \u00e0 la Maison de Sant\u00e9 de l\u2019Isle-Jourdain. Deux m\u00e9decins g\u00e9n\u00e9ralistes, dont un qui arrivera en octobre 2018, et une infirmi\u00e8re officient \u00e0 celle d\u2019Adriers.<\/p>\n<p>Le montant total de l\u2019op\u00e9ration est de 535\u00a0300 \u20ac HT, dont 100\u00a0000 \u20ac financ\u00e9s par le Conseil d\u00e9partemental, 50\u00a0000 \u20ac par la commune d\u2019Adriers sur fond de concours, et 152\u00a0945 \u20ac par la CCVG.<\/p>\n<p>Neuf entreprises locales ont particip\u00e9 \u00e0 la r\u00e9alisation du projet qui a \u00e9galement impliqu\u00e9 d\u2019autres professionnels \u00ab\u00a0hors les murs\u00a0\u00bb tels le cabinet d\u2019infirmiers, le p\u00e9dicure-podologue et le psychologue de l\u2019Isle-Jourdain, ainsi que les deux pharmacies de l\u2019Isle-Jourdain et Adriers.<\/p>\n<p>L\u2019attractivit\u00e9 du p\u00f4le de sant\u00e9 est d\u2019ores et d\u00e9j\u00e0 confort\u00e9e par l\u2019arriv\u00e9e de nouveaux professionnels, et d\u00e9j\u00e0 la demande de nouvelles installations.<\/p>\n<p>\u00ab\u00a0<em>Le D\u00e9partement soutient la r\u00e9alisation des Maisons de Sant\u00e9 dans le cadre d&rsquo;ACTIV\u2019 (volet 2, projets de territoire) et r\u00e9pond \u00e0 un des cinq axes du Livre Blanc des Etats G\u00e9n\u00e9raux de la Ruralit\u00e9 : maintenir des bourgs vivants (acc\u00e8s aux services, \u00e0 la sant\u00e9, l&rsquo;\u00e9ducation, et la culture)<\/em>\u00a0\u00bb a conclu Bruno BELIN \u00e9tant pr\u00e9cis\u00e9 que la Vienne compte 17 Maisons de Sant\u00e9 Pluridisciplinaires en fonctionnement auxquelles s&rsquo;ajoutent 3 Maisons de Sant\u00e9 labellis\u00e9es PER (P\u00f4le d&rsquo;Excellence Rural).<\/p>\n<p>&nbsp;<\/p>\n","protected":false},"excerpt":{"rendered":"<p>Bruno BELIN, Anne-Florence BOURAT, Fran\u00e7ois BOCK ont inaugur\u00e9 la Maison de Sant\u00e9 Multi-Sites de l\u2019Isle-Jourdain et Adriers&#8230;<\/p>\n","protected":false},"author":1,"featured_media":3021,"comment_status":"closed","ping_status":"open","sticky":false,"template":"","format":"standard","meta":[],"categories":[77,58],"tags":[15,19,23],"_links":{"self":[{"href":"https:\/\/unionpourlavienne.fr\/Union_Vienne_2016\/wordpress\/wp-json\/wp\/v2\/posts\/3020"}],"collection":[{"href":"https:\/\/unionpourlavienne.fr\/Union_Vienne_2016\/wordpress\/wp-json\/wp\/v2\/posts"}],"about":[{"href":"https:\/\/unionpourlavienne.fr\/Union_Vienne_2016\/wordpress\/wp-json\/wp\/v2\/types\/post"}],"author":[{"embeddable":true,"href":"https:\/\/unionpourlavienne.fr\/Union_Vienne_2016\/wordpress\/wp-json\/wp\/v2\/users\/1"}],"replies":[{"embeddable":true,"href":"https:\/\/unionpourlavienne.fr\/Union_Vienne_2016\/wordpress\/wp-json\/wp\/v2\/comments?post=3020"}],"version-history":[{"count":1,"href":"https:\/\/unionpourlavienne.fr\/Union_Vienne_2016\/wordpress\/wp-json\/wp\/v2\/posts\/3020\/revisions"}],"predecessor-version":[{"id":3022,"href":"https:\/\/unionpourlavienne.fr\/Union_Vienne_2016\/wordpress\/wp-json\/wp\/v2\/posts\/3020\/revisions\/3022"}],"wp:featuredmedia":[{"embeddable":true,"href":"https:\/\/unionpourlavienne.fr\/Union_Vienne_2016\/wordpress\/wp-json\/wp\/v2\/media\/3021"}],"wp:attachment":[{"href":"https:\/\/unionpourlavienne.fr\/Union_Vienne_2016\/wordpress\/wp-json\/wp\/v2\/media?parent=3020"}],"wp:term":[{"taxonomy":"category","embeddable":true,"href":"https:\/\/unionpourlavienne.fr\/Union_Vienne_2016\/wordpress\/wp-json\/wp\/v2\/categories?post=3020"},{"taxonomy":"post_tag","embeddable":true,"href":"https:\/\/unionpourlavienne.fr\/Union_Vienne_2016\/wordpress\/wp-json\/wp\/v2\/tags?post=3020"}],"curies":[{"name":"wp","href":"https:\/\/api.w.org\/{rel}","templated":true}]}}