{"id":3063,"date":"2018-10-04T15:02:39","date_gmt":"2018-10-04T14:02:39","guid":{"rendered":"http:\/\/unionpourlavienne.fr\/Union_Vienne_2016\/wordpress\/?p=3063"},"modified":"2018-10-04T15:02:39","modified_gmt":"2018-10-04T14:02:39","slug":"les-subventions-pour-le-canton-de-migne-auxances-29","status":"publish","type":"post","link":"https:\/\/unionpourlavienne.fr\/Union_Vienne_2016\/wordpress\/les-subventions-pour-le-canton-de-migne-auxances-29\/","title":{"rendered":"Les subventions pour le canton de Mign\u00e9-Auxances"},"content":{"rendered":"<p>S\u00e9verine SAINT-P\u00c9, Maire et Vice-pr\u00e9sidente du Conseil D\u00e9partemental, et Benoit PRIN\u00c7AY, Maire et Conseiller D\u00e9partemental, informent les habitants que les subventions accord\u00e9es par le Conseil D\u00e9partemental, au b\u00e9n\u00e9fice des communes, des associations et des particuliers du canton de Mign\u00e9-Auxances lors de la Commission Permanente, se d\u00e9composent de la mani\u00e8re suivante\u00a0:<\/p>\n<ul>\n<li>442 \u20ac pour la diffusion culturelle du spectacle \u00ab\u00a0Blue Soul Family\u00a0\u00bb pr\u00e9sent\u00e9 par Blue soul Family le 23 juin 2018 \u00e0 VARENNES ;<\/li>\n<li>600 \u20ac au CENTRE SOCIO CULTUREL DE LA COMBERIE DE MIGNE AUXANCES pour les actions Ateliers parents\/enfants Papot&rsquo;\u00e2ge, Groupe de parole, et Pr\u00e9vention et formation, dans le cadre des R\u00e9seaux d&rsquo;Ecoute, d&rsquo;Appui et d&rsquo;Accompagnement des Parents (R.E.A.A.P) ;<\/li>\n<li>700 \u20ac \u00e0 l\u2019ASSOCIATION LE CHOEUR DE L&rsquo;AUXANCE pour la formation au Gospel du Choeur de l&rsquo;Auxance et de l&rsquo;orchestre de l&rsquo;\u00e9cole de musique de MIGNE AUXANCES, suivie d&rsquo;un concert final ;<\/li>\n<li>3 561,30 \u20ac \u00e0 la SARL CARDINAL de CUHON pour l&rsquo;acquisition de mat\u00e9riel de conditionnement de melons dans le cadre de la Transformation et la Commercialisation \u00e0 la ferme\u00a0;<\/li>\n<li>6 000 \u20ac \u00e0 deux habitants du canton (MASSOGNES et THURAGEAU) pour la cr\u00e9ation d&rsquo;un dispositif de traitement d&rsquo;assainissement non collectif ;<\/li>\n<li>5 190 \u20ac pour la cr\u00e9ation d&rsquo;un columbarium au cimeti\u00e8re de CHAMPIGNY EN ROCHEREAU ;<\/li>\n<li>6 139 \u20ac pour les travaux de la salle des f\u00eates de MIREBEAU ;<\/li>\n<li>25 561 \u20ac pour le remplacement de la chaudi\u00e8re \u00e0 l&rsquo;\u00e9cole maternelle de MIREBEAU ;<\/li>\n<li>26 166 \u20ac pour des travaux de voirie \u00e0 CHAMPIGNY EN ROCHEREAU.<\/li>\n<\/ul>\n<p>&nbsp;<\/p>\n<p>La Commission Permanente du Conseil D\u00e9partemental a \u00e9galement attribu\u00e9 :<\/p>\n<ul>\n<li>555 049 \u20ac au titre de la r\u00e9partition de la Dotation d\u2019Alimentation du Fonds D\u00e9partemental de P\u00e9r\u00e9quation de la Taxe Professionnelle (FDTP) \u00e0 la Communaut\u00e9 de Communes du Haut Poitou\u00a0;<\/li>\n<li>356 516 \u20ac au titre de la r\u00e9partition de la Dotation d\u2019Alimentation du Fonds D\u00e9partemental de P\u00e9r\u00e9quation de la Taxe Professionnelle (FDPTP) aux communes d\u00e9favoris\u00e9es du canton.<\/li>\n<\/ul>\n<p>&nbsp;<\/p>\n<p>&nbsp;<\/p>\n","protected":false},"excerpt":{"rendered":"<p>S\u00e9verine SAINT-P\u00c9, Maire et Vice-pr\u00e9sidente du Conseil D\u00e9partemental, et Benoit PRIN\u00c7AY, Maire et Conseiller D\u00e9partemental, informent les habitants que les<\/p>\n","protected":false},"author":1,"featured_media":3053,"comment_status":"closed","ping_status":"open","sticky":false,"template":"","format":"standard","meta":[],"categories":[78,92],"tags":[17,38],"_links":{"self":[{"href":"https:\/\/unionpourlavienne.fr\/Union_Vienne_2016\/wordpress\/wp-json\/wp\/v2\/posts\/3063"}],"collection":[{"href":"https:\/\/unionpourlavienne.fr\/Union_Vienne_2016\/wordpress\/wp-json\/wp\/v2\/posts"}],"about":[{"href":"https:\/\/unionpourlavienne.fr\/Union_Vienne_2016\/wordpress\/wp-json\/wp\/v2\/types\/post"}],"author":[{"embeddable":true,"href":"https:\/\/unionpourlavienne.fr\/Union_Vienne_2016\/wordpress\/wp-json\/wp\/v2\/users\/1"}],"replies":[{"embeddable":true,"href":"https:\/\/unionpourlavienne.fr\/Union_Vienne_2016\/wordpress\/wp-json\/wp\/v2\/comments?post=3063"}],"version-history":[{"count":1,"href":"https:\/\/unionpourlavienne.fr\/Union_Vienne_2016\/wordpress\/wp-json\/wp\/v2\/posts\/3063\/revisions"}],"predecessor-version":[{"id":3064,"href":"https:\/\/unionpourlavienne.fr\/Union_Vienne_2016\/wordpress\/wp-json\/wp\/v2\/posts\/3063\/revisions\/3064"}],"wp:featuredmedia":[{"embeddable":true,"href":"https:\/\/unionpourlavienne.fr\/Union_Vienne_2016\/wordpress\/wp-json\/wp\/v2\/media\/3053"}],"wp:attachment":[{"href":"https:\/\/unionpourlavienne.fr\/Union_Vienne_2016\/wordpress\/wp-json\/wp\/v2\/media?parent=3063"}],"wp:term":[{"taxonomy":"category","embeddable":true,"href":"https:\/\/unionpourlavienne.fr\/Union_Vienne_2016\/wordpress\/wp-json\/wp\/v2\/categories?post=3063"},{"taxonomy":"post_tag","embeddable":true,"href":"https:\/\/unionpourlavienne.fr\/Union_Vienne_2016\/wordpress\/wp-json\/wp\/v2\/tags?post=3063"}],"curies":[{"name":"wp","href":"https:\/\/api.w.org\/{rel}","templated":true}]}}