{"id":3065,"date":"2018-10-04T15:03:33","date_gmt":"2018-10-04T14:03:33","guid":{"rendered":"http:\/\/unionpourlavienne.fr\/Union_Vienne_2016\/wordpress\/?p=3065"},"modified":"2018-10-04T15:03:33","modified_gmt":"2018-10-04T14:03:33","slug":"les-subventions-pour-le-canton-de-montmorillon-32","status":"publish","type":"post","link":"https:\/\/unionpourlavienne.fr\/Union_Vienne_2016\/wordpress\/les-subventions-pour-le-canton-de-montmorillon-32\/","title":{"rendered":"Les subventions pour le canton de Montmorillon"},"content":{"rendered":"<p>Brigitte ABAUX, Conseill\u00e8re D\u00e9partementale, et Guillaume de RUSS\u00c9, Maire-Honoraire et Pr\u00e9sident D\u00e9l\u00e9gu\u00e9 du Conseil D\u00e9partemental, informent les habitants que les subventions accord\u00e9es par le Conseil D\u00e9partemental, au b\u00e9n\u00e9fice des communes, des associations et des particuliers du canton de Montmorillon lors de la Commission Permanente, se d\u00e9composent de la mani\u00e8re suivante\u00a0:<\/p>\n<ul>\n<li>150 \u20ac \u00e0 la COMMUNAUTE DE COMMUNES VIENNE ET GARTEMPE pour la diffusion culturelle du spectacle \u00ab\u00a0Magie plaisir Magie sourire\u00a0\u00bb pr\u00e9sent\u00e9 par Br\u00e9mart le 27 juillet 2018 \u00e0 Valdivienne ;<\/li>\n<li>490 \u20ac au COMITE DES FETES DE NALLIERS pour la diffusion culturelle du spectacle \u00ab\u00a0Ballon Bidon\u00a0\u00bb pr\u00e9sent\u00e9 par Rebondire le 17 novembre 2018 ;<\/li>\n<li>1 000 \u20ac \u00e0 l\u2019ASSOCIATION MUSIQUE PATRIMOINE EN VIENNE ET GARTEMPE pour la diffusion culturelle du spectacle Debussy, inspirations et influences pr\u00e9sent\u00e9 par Philippe Cassard le 26 ao\u00fbt 2018 \u00e0 SAINT SAVIN ;<\/li>\n<li>1 498 \u20ac \u00e0 l\u2019ASSOCIATION MJC LA VIGNE AUX MOINES de SAINT SAVIN pour la diffusion culturelle du spectacle \u00ab\u00a0La petite minute du papillon\u00a0\u00bb pr\u00e9sent\u00e9 par Comme dans les&#8230; le 10 d\u00e9cembre 2018 \u00e0 Saint-Germain (588 \u20ac) et pour la diffusion culturelle du spectacle \u00ab\u00a0Histoires d&rsquo;avoir peur\u00a0\u00bb pr\u00e9sent\u00e9 par l&rsquo;Arbre Potager le 11 d\u00e9cembre 2018 \u00e0 Saint-Germain (910 \u20ac) ;<\/li>\n<li>2 000 \u20ac \u00e0 FIGARO SI FIGARO LA de MONTMORILLON pour l&rsquo;op\u00e9ration Choeurs d&rsquo;enfants du Sud Vienne ;<\/li>\n<li>2 362 \u20ac \u00e0 un habitant de LATHUS SAINT REMY pour la cr\u00e9ation d&rsquo;un dispositif de traitement d&rsquo;assainissement non collectif ;<\/li>\n<li>3 500 \u20ac au COMITE DES FETES D&rsquo;ANGLES SUR L&rsquo;ANGLIN pour la 27\u00e8me \u00e9dition du festival \u00ab\u00a0Des Livres et Vous\u00a0\u00bb du 12 au 15 ao\u00fbt 2018 ;<\/li>\n<li>5 168 \u20ac pour l&rsquo;agrandissement du cimeti\u00e8re communal de SAINT GERMAIN ;<\/li>\n<li>6 250 \u20ac \u00e0 la MAISON DES JEUNES ET DE LA CULTURE CLAUDE NOUGARO pour les actions Spectacle en famille, la famille en spectacle, Parlons en, ensemble, et Bien-\u00eatre en famille, dans le cadre des R\u00e9seaux d&rsquo;Ecoute, d&rsquo;Appui et d&rsquo;Accompagnement des Parents (R.E.A.A.P., 750 \u20ac), pour le fonctionnement et la programmation en milieu rural 2018 (3\u00a0500 \u20ac) et pour l&rsquo;\u00e9quipement dans le cadre de l&rsquo;aide \u00e0 la mobilit\u00e9 pour l&rsquo;insertion professionnelle (2\u00a0000 \u20ac) ;<\/li>\n<li>20 670 \u20ac \u00e0 EAUX DE VIENNE SIVEER pour l&rsquo;\u00e9tude de diagnostic du syst\u00e8me d&rsquo;assainissement collectif du bourg de la commune de Bourg-Archambault (Comit\u00e9 local de Brigueil-le-Chantre, 2350 \u20ac), pour l&rsquo;\u00e9tude de diagnostic des syst\u00e8mes d&rsquo;assainissement collectif du bourg et des villages de Biais et de la Sicardi\u00e8re sur la commune de Moulismes (Comit\u00e9 local de Lathus, 4\u00a0200 \u20ac) et pour la construction de la nouvelle station de traitement des eaux us\u00e9es du bourg,commune d&rsquo;Antigny (14\u00a0120 \u20ac)\u00a0;<\/li>\n<li>66 623 \u20ac pour la sonorisation de l&rsquo;espace Gartempe \u00e0 MONTMORILLON.<\/li>\n<\/ul>\n<p>&nbsp;<\/p>\n<p>La Commission Permanente du Conseil D\u00e9partemental a \u00e9galement attribu\u00e9 :<\/p>\n<ul>\n<li>367 851 \u20ac au titre de la r\u00e9partition de la Dotation d\u2019Alimentation du Fonds D\u00e9partemental de P\u00e9r\u00e9quation de la Taxe Professionnelle (FDTP) \u00e0 la Communaut\u00e9 de Communes de Vienne et Gartempe\u00a0;<\/li>\n<li>493\u00a0933 \u20ac au titre de la r\u00e9partition de la Dotation d\u2019Alimentation du Fonds D\u00e9partemental de P\u00e9r\u00e9quation de la Taxe Professionnelle (FDPTP) aux communes d\u00e9favoris\u00e9es du canton.<\/li>\n<\/ul>\n<p>&nbsp;<\/p>\n<p>&nbsp;<\/p>\n","protected":false},"excerpt":{"rendered":"<p>Brigitte ABAUX, Conseill\u00e8re D\u00e9partementale, et Guillaume de RUSS\u00c9, Maire-Honoraire et Pr\u00e9sident D\u00e9l\u00e9gu\u00e9 du Conseil D\u00e9partemental, informent les habitants que les<\/p>\n","protected":false},"author":1,"featured_media":3053,"comment_status":"closed","ping_status":"open","sticky":false,"template":"","format":"standard","meta":[],"categories":[79,92],"tags":[18,25],"_links":{"self":[{"href":"https:\/\/unionpourlavienne.fr\/Union_Vienne_2016\/wordpress\/wp-json\/wp\/v2\/posts\/3065"}],"collection":[{"href":"https:\/\/unionpourlavienne.fr\/Union_Vienne_2016\/wordpress\/wp-json\/wp\/v2\/posts"}],"about":[{"href":"https:\/\/unionpourlavienne.fr\/Union_Vienne_2016\/wordpress\/wp-json\/wp\/v2\/types\/post"}],"author":[{"embeddable":true,"href":"https:\/\/unionpourlavienne.fr\/Union_Vienne_2016\/wordpress\/wp-json\/wp\/v2\/users\/1"}],"replies":[{"embeddable":true,"href":"https:\/\/unionpourlavienne.fr\/Union_Vienne_2016\/wordpress\/wp-json\/wp\/v2\/comments?post=3065"}],"version-history":[{"count":1,"href":"https:\/\/unionpourlavienne.fr\/Union_Vienne_2016\/wordpress\/wp-json\/wp\/v2\/posts\/3065\/revisions"}],"predecessor-version":[{"id":3066,"href":"https:\/\/unionpourlavienne.fr\/Union_Vienne_2016\/wordpress\/wp-json\/wp\/v2\/posts\/3065\/revisions\/3066"}],"wp:featuredmedia":[{"embeddable":true,"href":"https:\/\/unionpourlavienne.fr\/Union_Vienne_2016\/wordpress\/wp-json\/wp\/v2\/media\/3053"}],"wp:attachment":[{"href":"https:\/\/unionpourlavienne.fr\/Union_Vienne_2016\/wordpress\/wp-json\/wp\/v2\/media?parent=3065"}],"wp:term":[{"taxonomy":"category","embeddable":true,"href":"https:\/\/unionpourlavienne.fr\/Union_Vienne_2016\/wordpress\/wp-json\/wp\/v2\/categories?post=3065"},{"taxonomy":"post_tag","embeddable":true,"href":"https:\/\/unionpourlavienne.fr\/Union_Vienne_2016\/wordpress\/wp-json\/wp\/v2\/tags?post=3065"}],"curies":[{"name":"wp","href":"https:\/\/api.w.org\/{rel}","templated":true}]}}