{"id":3067,"date":"2018-10-04T15:04:20","date_gmt":"2018-10-04T14:04:20","guid":{"rendered":"http:\/\/unionpourlavienne.fr\/Union_Vienne_2016\/wordpress\/?p=3067"},"modified":"2018-10-04T15:04:20","modified_gmt":"2018-10-04T14:04:20","slug":"les-subventions-pour-le-canton-de-poitiers-5-27","status":"publish","type":"post","link":"https:\/\/unionpourlavienne.fr\/Union_Vienne_2016\/wordpress\/les-subventions-pour-le-canton-de-poitiers-5-27\/","title":{"rendered":"Les subventions pour le canton de Poitiers-5"},"content":{"rendered":"<p>Jo\u00eblle PELTIER, Maire et Conseill\u00e8re D\u00e9partementale, et Dominique CL\u00c9MENT, Maire et Vice-pr\u00e9sident du Conseil D\u00e9partemental, informent les habitants que les subventions accord\u00e9es par le Conseil D\u00e9partemental, au b\u00e9n\u00e9fice des communes, des associations et des particuliers du canton de Poitiers-5 lors de la Commission Permanente, se d\u00e9composent de la mani\u00e8re suivante\u00a0:<\/p>\n<ul>\n<li>700 \u20ac \u00e0 l\u2019ASSOCIATON ECOUTE ET SOUTIEN DU LIEN FAMILIAL SOELIFA pour l&rsquo;action Soutien \u00e0 la fonction parentale et \u00e9coute des adolescents, dans le cadre des R\u00e9seaux d&rsquo;Ecoute, d&rsquo;Appui et d&rsquo;Accompagnement des Parents (R.E.A.A.P.)\u00a0;<\/li>\n<li>1 280 \u20ac \u00e0 l\u2019ASSOCIATION D&rsquo;ACTIVITES ET DE LOISIRS EDUCATIFS POUR PERSONNES AVEC AUTISME de SAINT BENOIT pour les actions Atelier de renforcement musculaire-yoga, Atelier alimentation, et Atelier des petites mains, dans le cadre des R\u00e9seaux d&rsquo;Ecoute, d&rsquo;Appui et d&rsquo;Accompagnement des Parents (R.E.A.A.P., 500 \u20ac)et pour la diffusion culturelle du spectacle \u00ab\u00a0Histoires d&rsquo;avoir peur\u00a0\u00bb pr\u00e9sent\u00e9 par L&rsquo;Arbre Potager le 3 octobre 2018 (780 \u20ac) ;<\/li>\n<li>7 000 \u20ac \u00e0 ASSOCIATION DES CENTRES SOCIO CULTURELS DES 3 CITES \u00e0 POITIERS pour les actions culturelles 2018 : Festival Ecoutez Voir, programmation et ateliers de pratiques artistiques (2\u00a0000 \u20ac) et pour le fonctionnement 2018 (5\u00a0000 \u20ac) ;<\/li>\n<li>40 000 \u20ac \u00e0 LIGUE FOL DE LA VIENNE pour l&rsquo;organisation de Culture en Herbe 2018, saison de diffusion culturelle Jeune Public (5\u00a0000 \u20ac) et pour le fonctionnement 2018 (35\u00a0000 \u20ac).<\/li>\n<\/ul>\n<p>&nbsp;<\/p>\n","protected":false},"excerpt":{"rendered":"<p>Jo\u00eblle PELTIER, Maire et Conseill\u00e8re D\u00e9partementale, et Dominique CL\u00c9MENT, Maire et Vice-pr\u00e9sident du Conseil D\u00e9partemental, informent les habitants que les<\/p>\n","protected":false},"author":1,"featured_media":3053,"comment_status":"closed","ping_status":"open","sticky":false,"template":"","format":"standard","meta":[],"categories":[81,92],"tags":[22,31],"_links":{"self":[{"href":"https:\/\/unionpourlavienne.fr\/Union_Vienne_2016\/wordpress\/wp-json\/wp\/v2\/posts\/3067"}],"collection":[{"href":"https:\/\/unionpourlavienne.fr\/Union_Vienne_2016\/wordpress\/wp-json\/wp\/v2\/posts"}],"about":[{"href":"https:\/\/unionpourlavienne.fr\/Union_Vienne_2016\/wordpress\/wp-json\/wp\/v2\/types\/post"}],"author":[{"embeddable":true,"href":"https:\/\/unionpourlavienne.fr\/Union_Vienne_2016\/wordpress\/wp-json\/wp\/v2\/users\/1"}],"replies":[{"embeddable":true,"href":"https:\/\/unionpourlavienne.fr\/Union_Vienne_2016\/wordpress\/wp-json\/wp\/v2\/comments?post=3067"}],"version-history":[{"count":1,"href":"https:\/\/unionpourlavienne.fr\/Union_Vienne_2016\/wordpress\/wp-json\/wp\/v2\/posts\/3067\/revisions"}],"predecessor-version":[{"id":3068,"href":"https:\/\/unionpourlavienne.fr\/Union_Vienne_2016\/wordpress\/wp-json\/wp\/v2\/posts\/3067\/revisions\/3068"}],"wp:featuredmedia":[{"embeddable":true,"href":"https:\/\/unionpourlavienne.fr\/Union_Vienne_2016\/wordpress\/wp-json\/wp\/v2\/media\/3053"}],"wp:attachment":[{"href":"https:\/\/unionpourlavienne.fr\/Union_Vienne_2016\/wordpress\/wp-json\/wp\/v2\/media?parent=3067"}],"wp:term":[{"taxonomy":"category","embeddable":true,"href":"https:\/\/unionpourlavienne.fr\/Union_Vienne_2016\/wordpress\/wp-json\/wp\/v2\/categories?post=3067"},{"taxonomy":"post_tag","embeddable":true,"href":"https:\/\/unionpourlavienne.fr\/Union_Vienne_2016\/wordpress\/wp-json\/wp\/v2\/tags?post=3067"}],"curies":[{"name":"wp","href":"https:\/\/api.w.org\/{rel}","templated":true}]}}