{"id":3069,"date":"2018-10-04T15:06:37","date_gmt":"2018-10-04T14:06:37","guid":{"rendered":"http:\/\/unionpourlavienne.fr\/Union_Vienne_2016\/wordpress\/?p=3069"},"modified":"2018-10-04T15:06:37","modified_gmt":"2018-10-04T14:06:37","slug":"les-subventions-pour-le-canton-de-vivonne-30","status":"publish","type":"post","link":"https:\/\/unionpourlavienne.fr\/Union_Vienne_2016\/wordpress\/les-subventions-pour-le-canton-de-vivonne-30\/","title":{"rendered":"Les subventions pour le canton de Vivonne"},"content":{"rendered":"<p>Rose-Marie BERTAUD, Vice-pr\u00e9sidente du Conseil D\u00e9partemental, et Gilbert BEAUJANEAU, Maire et Vice-pr\u00e9sident du Conseil D\u00e9partemental, informent les habitants que les subventions accord\u00e9es par le Conseil D\u00e9partemental, au b\u00e9n\u00e9fice des communes, des associations et des particuliers du canton de Vivonne lors de la Commission Permanente, se d\u00e9composent de la mani\u00e8re suivante\u00a0:<\/p>\n<ul>\n<li>4 000 \u20ac \u00e0 L&rsquo;ARANTELLE ASSOCIATION INTERCOMMUNALE D&rsquo;ANIMATION des ROCHES PREMARIE ANDILLE pour l&rsquo;organisation du festival \u00ab\u00a0A l&rsquo;Auberge de la Grand&rsquo;Route\u00a0\u00bb (2\u00a0000 \u20ac)et pour le fonctionnement 2018 (2\u00a0000 \u20ac) ;<\/li>\n<li>7 000 \u20ac \u00e0 l\u2019ECOLE DE MUSIQUE INTERCOMMUNALE DES VALLEES DU CLAIN \u00e0 NOUAILLE MAUPERTUIS ;pour le Poitou Ukul\u00e9l\u00e9 Festival du 19 au 21 octobre 2018, (2\u00a0200 \u20ac), pour le spectacle jeune public cin\u00e9-concert En plein dans l&rsquo;oeil par la compagnie Jean-Fran\u00e7ois ALCOLEA (2\u00a0200 \u20ac), pour la diffusion du spectacle Eurythmique de la Cie Toumback le 26 janvier 2019 (1\u00a0100 \u20ac) et pour l&rsquo;organisation du concert d&rsquo;Automne \u00e0 l&rsquo;Abbaye de Nouaill\u00e9-Maupertuis le samedi 6 octobre 2018 (1\u00a0500\u20ac) ;<\/li>\n<li>199 050 \u20ac \u00e0 EAUX DE VIENNE SIVEER pour l&rsquo;\u00e9tude de diagnostic des syst\u00e8mes d&rsquo;assainissement collectif du bourg, du village de Guill\u00e9 et de la ZAC Anthyllis et du zonage pluvial sur la commune de Fleur\u00e9 (Comit\u00e9 local du SIVA SUD, 7\u00a0050 \u20ac) et pour les travaux d&rsquo;eau potable li\u00e9s \u00e0 la construction d&rsquo;une usine de traitement \u00e0 Preuilly sur la commune de Smarves (phase 3), (Comit\u00e9 local de SIVA SUD, 192\u00a0000 \u20ac).<\/li>\n<\/ul>\n<p>&nbsp;<\/p>\n<p>La Commission Permanente du Conseil D\u00e9partemental a \u00e9galement attribu\u00e9 :<\/p>\n<ul>\n<li>375\u00a0056 \u20ac au titre de la r\u00e9partition de la Dotation d\u2019Alimentation du Fonds D\u00e9partemental de P\u00e9r\u00e9quation de la Taxe Professionnelle (FDTP) \u00e0 la Communaut\u00e9 de Communes des Vall\u00e9es du Clain\u00a0;<\/li>\n<li>400 006 \u20ac au titre de la r\u00e9partition de la Dotation d\u2019Alimentation du Fonds D\u00e9partemental de P\u00e9r\u00e9quation de la Taxe Professionnelle (FDPTP) aux communes d\u00e9favoris\u00e9es du canton.<\/li>\n<\/ul>\n<p>&nbsp;<\/p>\n","protected":false},"excerpt":{"rendered":"<p>Rose-Marie BERTAUD, Vice-pr\u00e9sidente du Conseil D\u00e9partemental, et Gilbert BEAUJANEAU, Maire et Vice-pr\u00e9sident du Conseil D\u00e9partemental, informent les habitants que les<\/p>\n","protected":false},"author":1,"featured_media":3053,"comment_status":"closed","ping_status":"open","sticky":false,"template":"","format":"standard","meta":[],"categories":[92,82],"tags":[24,37],"_links":{"self":[{"href":"https:\/\/unionpourlavienne.fr\/Union_Vienne_2016\/wordpress\/wp-json\/wp\/v2\/posts\/3069"}],"collection":[{"href":"https:\/\/unionpourlavienne.fr\/Union_Vienne_2016\/wordpress\/wp-json\/wp\/v2\/posts"}],"about":[{"href":"https:\/\/unionpourlavienne.fr\/Union_Vienne_2016\/wordpress\/wp-json\/wp\/v2\/types\/post"}],"author":[{"embeddable":true,"href":"https:\/\/unionpourlavienne.fr\/Union_Vienne_2016\/wordpress\/wp-json\/wp\/v2\/users\/1"}],"replies":[{"embeddable":true,"href":"https:\/\/unionpourlavienne.fr\/Union_Vienne_2016\/wordpress\/wp-json\/wp\/v2\/comments?post=3069"}],"version-history":[{"count":1,"href":"https:\/\/unionpourlavienne.fr\/Union_Vienne_2016\/wordpress\/wp-json\/wp\/v2\/posts\/3069\/revisions"}],"predecessor-version":[{"id":3070,"href":"https:\/\/unionpourlavienne.fr\/Union_Vienne_2016\/wordpress\/wp-json\/wp\/v2\/posts\/3069\/revisions\/3070"}],"wp:featuredmedia":[{"embeddable":true,"href":"https:\/\/unionpourlavienne.fr\/Union_Vienne_2016\/wordpress\/wp-json\/wp\/v2\/media\/3053"}],"wp:attachment":[{"href":"https:\/\/unionpourlavienne.fr\/Union_Vienne_2016\/wordpress\/wp-json\/wp\/v2\/media?parent=3069"}],"wp:term":[{"taxonomy":"category","embeddable":true,"href":"https:\/\/unionpourlavienne.fr\/Union_Vienne_2016\/wordpress\/wp-json\/wp\/v2\/categories?post=3069"},{"taxonomy":"post_tag","embeddable":true,"href":"https:\/\/unionpourlavienne.fr\/Union_Vienne_2016\/wordpress\/wp-json\/wp\/v2\/tags?post=3069"}],"curies":[{"name":"wp","href":"https:\/\/api.w.org\/{rel}","templated":true}]}}