{"id":3134,"date":"2018-11-16T16:01:14","date_gmt":"2018-11-16T15:01:14","guid":{"rendered":"http:\/\/unionpourlavienne.fr\/Union_Vienne_2016\/wordpress\/?p=3134"},"modified":"2018-11-19T16:02:06","modified_gmt":"2018-11-19T15:02:06","slug":"les-subventions-pour-le-canton-de-vivonne-31","status":"publish","type":"post","link":"https:\/\/unionpourlavienne.fr\/Union_Vienne_2016\/wordpress\/les-subventions-pour-le-canton-de-vivonne-31\/","title":{"rendered":"Les subventions pour le canton de Vivonne"},"content":{"rendered":"<p>Rose-Marie BERTAUD, Vice-pr\u00e9sidente du Conseil D\u00e9partemental, et Gilbert BEAUJANEAU, Maire et Vice-pr\u00e9sident du Conseil D\u00e9partemental, informent les habitants que les subventions accord\u00e9es par le Conseil D\u00e9partemental, au b\u00e9n\u00e9fice des communes, des associations et des particuliers du canton de Vivonne lors de la Commission Permanente, se d\u00e9composent de la mani\u00e8re suivante\u00a0:<\/p>\n<ul>\n<li>190 \u20ac \u00e0 NIEUIL L&rsquo;ESPOIR pour le Concours D\u00e9partemental des Villes et Villages Fleuris 2018 ;<\/li>\n<li>240 \u20ac \u00e0 l\u2019OCCE 86 COOPERATIVE SCOLAIRE ECOLE MATERNELLE DE NOUAILLE MAUPERTUIS pour la diffusion culturelle du spectacle Ici ou L\u00e0 (presque partout) pr\u00e9sent\u00e9 par Le Bruit du Frigo le 11 d\u00e9cembre 2018 \u00e0 Nouaill\u00e9-Maupertuis ;<\/li>\n<li>297 \u20ac pour l\u2019aide aux vacances de six enfants du canton\u00a0;<\/li>\n<li>300 \u20ac \u00e0 FLEURE pour la diffusion culturelle du spectacle Du Swing pour les petits pr\u00e9sent\u00e9 par Bassoukou Swing le 21 d\u00e9cembre 2018 \u00e0 Fleur\u00e9 ;<\/li>\n<li>300 \u20ac \u00e0 CH\u00c2TEAU-LARCHER pour le Concours D\u00e9partemental des Villes et Villages Fleuris 2018 ;<\/li>\n<li>400 \u20ac \u00e0 l\u2019ASSOCIATION LES PETITS MOTEURS pour l&rsquo;organisation de la 5\u00e8me \u00e9dition de courses p\u00e9destres \u00a0\u00bbSur la trace des Cagouilles\u00a0\u00bb le 4 novembre 2018 \u00e0 NOUAILLE MAUPERTUIS ;<\/li>\n<li>420 \u20ac \u00e0 la COMMUNAUTE DE COMMUNES DES VALLEES DU CLAIN pour la diffusion culturelle du spectacle Balbu&rsquo;Signes Balbu&rsquo;Sons pr\u00e9sent\u00e9 par Confitures et Cie le 10 d\u00e9cembre 2018 \u00e0 Nieuil-l&rsquo;Espoir pour le RAM Les Touchatouts ;<\/li>\n<li>430 \u20ac \u00e0 GIZAY pour le Concours D\u00e9partemental des Villes et Villages Fleuris 2018 ;<\/li>\n<li>480 \u20ac au CONSEIL LOCAL DES PARENTS D&rsquo;ELEVES DE LA VILLEDIEU DU CLAIN pour la diffusion culturelle du spectacle La grenouille \u00e0 grande bouche \/ La chasse \u00e0 l&rsquo;ours pr\u00e9sent\u00e9 par Les ailes de Mademoiselle le 20 d\u00e9cembre 2018 \u00e0 La Villedieu-du-Clain ;<\/li>\n<li>500 \u20ac \u00e0 l\u2019ASSOCIATION HAND BALL VIVONNE ITEUIL pour l&rsquo;achat de ballons et petit mat\u00e9riel sp\u00e9cifiques \u00e0 la pratique du hand jeune ;<\/li>\n<li>500 \u20ac \u00e0 l\u2019ENTENTE TENNIS SMAROVIL de SMARVES pour le circuit de Tennis de la Vienne 2018: co-organisation de comp\u00e9titions de tennis \u00e0 destination des jeunes dans l&rsquo;objectif de d\u00e9velopper la pratique du tennis et confronter des joueurs locaux aux meilleurs nationaux ;<\/li>\n<li>500 \u20ac \u00e0 l\u2019USEP ECOLE PRIMAIRE PAUL BAUDRIN d\u2019ASLONNES pour l&rsquo;organisation d&rsquo;un d\u00e9placement \u00e0 Paris avec des \u00e9l\u00e8ves de l&rsquo;\u00e9cole primaire Paul Baudrin d&rsquo;Aslonnes pour assister \u00e0 la C\u00e9r\u00e9monie du 11 novembre 2018 sous l&rsquo;Arc de Triomphe ;<\/li>\n<li>550 \u20ac \u00e0 NOUAILLE MAUPERTUIS pour le Concours D\u00e9partemental des Villes et Villages Fleuris 2018 ;<\/li>\n<li>1 000 \u20ac \u00e0 l\u2019ASSOCIATION VIVONNE LOISIRS pour l&rsquo;organisation de la 14\u00e8me \u00e9dition de la course p\u00e9destre Le Tr\u00e8fle \u00e0 4 feuilles du canton de Vivonne, le 11 mars 2018 ;<\/li>\n<li>1 500 \u20ac \u00e0 l\u2019ASSOCIATION CANT OPERETTE de VIVONNE pour la cr\u00e9ation d&rsquo;une op\u00e9rette La Veuve Joyeuse de Franz L\u00e9har, pr\u00e9sent\u00e9 au public en avril 2019 \u00e0 La Passerelle \u00e0 Nouaill\u00e9 Maupertuis ;<\/li>\n<li>1 617 \u20ac pour l&rsquo;am\u00e9lioration de l&rsquo;habitat de deux propri\u00e9taires occupants retrait\u00e9s d&rsquo;un logement situ\u00e9 \u00e0 ASLONNES, ASLONNES et SMARVES ;<\/li>\n<li>2 600 \u20ac pour l&rsquo;am\u00e9lioration de l&rsquo;habitat de cinq propri\u00e9taires occupants d&rsquo;un logement situ\u00e9 \u00e0 LA VILLEDIEU DU CLAIN, SMARVES, VIVONNE et ASLONNES (2) dans le cadre du Programme Habiter Mieux ;<\/li>\n<li>3 000 \u20ac pour la cr\u00e9ation d&rsquo;un dispositif de traitement d&rsquo;assainissement non collectif \u00e0 CHATEAU LARCHER ;<\/li>\n<li>3 812 \u20ac \u00e0 NOUAILLE MAUPERTUIS pour l&rsquo;acquisition et l&rsquo;installation d&rsquo;un ponton accessible d&rsquo;observation du milieu aquatique et de mobiliers urbains ;<\/li>\n<li>5 400 \u20ac \u00e0 LA VILLEDIEU DU CLAIN pour des travaux de mise en s\u00e9curit\u00e9 de b\u00e2timents communaux ;<\/li>\n<li>10 000 \u20ac \u00e0 deux habitants des ROCHES PREMARIES ANDILLE et NIEUIL L&rsquo;ESPOIR pour l&rsquo;acquisition d&rsquo;une maison dans le cadre du logement public jeune ;<\/li>\n<li>14 773,46 \u20ac au COLLEGE F. ET I. JOLIOT CURIE de VIVONNE pour le fonds commun des services d&rsquo;h\u00e9bergement ;<\/li>\n<li>17 900 \u20ac \u00e0 GIZAY pour la r\u00e9novation d&rsquo;un b\u00e2timent communal pour la cr\u00e9ation de deux bureaux ;<\/li>\n<li>22 300 \u20ac \u00e0 MARNAY pour des travaux de r\u00e9am\u00e9nagement de l&rsquo;ancienne poste en halle ;<\/li>\n<li>30 000 \u20ac \u00e0 LA VILLEDIEU DU CLAIN pour la cr\u00e9ation d&rsquo;une salle associative et ses annexes ;<\/li>\n<li>34\u00a0700 \u20ac aux ROCHES PREMARIE ANDILLE pour le remplacement de baies vitr\u00e9es \u00e0 la salle polyvalente (4\u00a0372 \u20ac), pour l&rsquo;am\u00e9nagement d&rsquo;un skate-park (12\u00a0328 \u20ac) et pour la r\u00e9fection de la toiture du b\u00e2timent du foyer des jeunes et cr\u00e9ation d&rsquo;un appentis (18\u00a0000 \u20ac) ;<\/li>\n<li>51 240 \u20ac \u00e0 la COMMUNAUTE DE COMMUNES DES VALLEES DU CLAIN pour des travaux de voirie sur les communes de Vernon, et Marigny Chemereau ;<\/li>\n<li>51 600 \u20ac \u00e0 NIEUIL L&rsquo;ESPOIR pour des travaux de mise aux normes du terrain de football ;<\/li>\n<li>52 988 \u20ac \u00e0 NOUAILLE MAUPERTUIS pour des travaux de r\u00e9habilitation du patrimoine b\u00e2ti communal (\u00e9coles &#8211; local associatif) ;<\/li>\n<li>200 000 \u20ac \u00e0 HABITAT DE LA VIENNE pour la r\u00e9habilitation du parc ancien &#8211; 73 logements situ\u00e9s \u00e0 ITEUIL &#8211; La Chaumellerie.<\/li>\n<\/ul>\n<p>&nbsp;<\/p>\n<p>La Commission Permanente du Conseil D\u00e9partemental a \u00e9galement attribu\u00e9 :<\/p>\n<ul>\n<li>408\u00a0095,15 \u20ac au titre de la r\u00e9partition du Fonds de P\u00e9r\u00e9quation de la Taxe Additionnelle aux droits d\u2019enregistrement sur les mutations \u00e0 titre on\u00e9reux (DMTO) aux communes de moins de 5 000 habitants du canton.<\/li>\n<\/ul>\n<p>&nbsp;<\/p>\n<p>&nbsp;<\/p>\n","protected":false},"excerpt":{"rendered":"<p>Rose-Marie BERTAUD, Vice-pr\u00e9sidente du Conseil D\u00e9partemental, et Gilbert BEAUJANEAU, Maire et Vice-pr\u00e9sident du Conseil D\u00e9partemental, informent les habitants que les<\/p>\n","protected":false},"author":1,"featured_media":3118,"comment_status":"closed","ping_status":"open","sticky":false,"template":"","format":"standard","meta":[],"categories":[92,82],"tags":[24,37],"_links":{"self":[{"href":"https:\/\/unionpourlavienne.fr\/Union_Vienne_2016\/wordpress\/wp-json\/wp\/v2\/posts\/3134"}],"collection":[{"href":"https:\/\/unionpourlavienne.fr\/Union_Vienne_2016\/wordpress\/wp-json\/wp\/v2\/posts"}],"about":[{"href":"https:\/\/unionpourlavienne.fr\/Union_Vienne_2016\/wordpress\/wp-json\/wp\/v2\/types\/post"}],"author":[{"embeddable":true,"href":"https:\/\/unionpourlavienne.fr\/Union_Vienne_2016\/wordpress\/wp-json\/wp\/v2\/users\/1"}],"replies":[{"embeddable":true,"href":"https:\/\/unionpourlavienne.fr\/Union_Vienne_2016\/wordpress\/wp-json\/wp\/v2\/comments?post=3134"}],"version-history":[{"count":1,"href":"https:\/\/unionpourlavienne.fr\/Union_Vienne_2016\/wordpress\/wp-json\/wp\/v2\/posts\/3134\/revisions"}],"predecessor-version":[{"id":3135,"href":"https:\/\/unionpourlavienne.fr\/Union_Vienne_2016\/wordpress\/wp-json\/wp\/v2\/posts\/3134\/revisions\/3135"}],"wp:featuredmedia":[{"embeddable":true,"href":"https:\/\/unionpourlavienne.fr\/Union_Vienne_2016\/wordpress\/wp-json\/wp\/v2\/media\/3118"}],"wp:attachment":[{"href":"https:\/\/unionpourlavienne.fr\/Union_Vienne_2016\/wordpress\/wp-json\/wp\/v2\/media?parent=3134"}],"wp:term":[{"taxonomy":"category","embeddable":true,"href":"https:\/\/unionpourlavienne.fr\/Union_Vienne_2016\/wordpress\/wp-json\/wp\/v2\/categories?post=3134"},{"taxonomy":"post_tag","embeddable":true,"href":"https:\/\/unionpourlavienne.fr\/Union_Vienne_2016\/wordpress\/wp-json\/wp\/v2\/tags?post=3134"}],"curies":[{"name":"wp","href":"https:\/\/api.w.org\/{rel}","templated":true}]}}