{"id":3217,"date":"2019-01-31T10:00:48","date_gmt":"2019-01-31T09:00:48","guid":{"rendered":"http:\/\/unionpourlavienne.fr\/Union_Vienne_2016\/wordpress\/?p=3217"},"modified":"2019-02-01T11:26:04","modified_gmt":"2019-02-01T10:26:04","slug":"bruno-belin-et-alain-claeys-travailler-ensemble-sur-les-dossiers-majeurs-pour-le-territoire","status":"publish","type":"post","link":"https:\/\/unionpourlavienne.fr\/Union_Vienne_2016\/wordpress\/bruno-belin-et-alain-claeys-travailler-ensemble-sur-les-dossiers-majeurs-pour-le-territoire\/","title":{"rendered":"Bruno BELIN et Alain CLAEYS : Travailler ensemble sur les dossiers majeurs pour le territoire"},"content":{"rendered":"<p>Aujourd\u2019hui, \u00e0 l\u2019occasion d\u2019une rencontre, Bruno BELIN, Pr\u00e9sident du D\u00e9partement de la Vienne et Alain CLAEYS, Maire de Poitiers et Pr\u00e9sident de Grand Poitiers ont fait un tour d\u2019horizon des dossiers majeurs concernant leurs deux collectivit\u00e9s et pour lesquels ils rappellent leur volont\u00e9 de travailler ensemble.<\/p>\n<p>&nbsp;<\/p>\n<p><strong>L\u2019A\u00e9roport de Poitiers-Biard\u00a0:<\/strong><\/p>\n<p>Que ce soit en termes de gouvernance, de financement ou de d\u00e9veloppement, nous envisageons avec la m\u00eame confiance l\u2019avenir de cet outil fondamental pour l\u2019attractivit\u00e9 de notre territoire. Nous y mettrons toute notre \u00e9nergie, notamment d\u00e8s le renouvellement de la DSP pour l\u2019exploitation de l\u2019A\u00e9roport.<\/p>\n<p>&nbsp;<\/p>\n<p><strong>L\u2019Ar\u00e9na Futuroscope\u00a0: <\/strong><\/p>\n<p>Nous travaillons en parfaite collaboration depuis le d\u00e9but. Grand Poitiers participe au Comit\u00e9 de Pilotage et nous validerons ensemble le choix du groupement de conception\/r\u00e9alisation\/exploitation fin juin.<\/p>\n<p>&nbsp;<\/p>\n<p><strong>Le Palais de Justice\u00a0:<\/strong><\/p>\n<p>Pour le projet de r\u00e9habilitation du Palais de Justice, le D\u00e9partement c\u00e9dera \u00e0 Poitiers les 48% du domaine qu\u2019il d\u00e9tient. Nous allons trouver un accord sur le montant de cette cession dans les prochains jours. Le D\u00e9partement participe depuis l\u2019origine au Comit\u00e9 de Pilotage.<\/p>\n<p>&nbsp;<\/p>\n<p><strong>La RN 147\u00a0:<\/strong><\/p>\n<p>Nous avons une volont\u00e9 farouche et d\u00e9termin\u00e9e d\u2019aboutir au plus vite \u00e0 une liaison Poitiers-Limoges rapide et s\u00e9curis\u00e9e. Nous allons demander au Gouvernement d\u2019arr\u00eater en urgence une strat\u00e9gie claire associant la route et le ferroviaire et reposant sur les infrastructures existantes.<\/p>\n<p><strong>\u00a0<\/strong><\/p>\n<p><strong>Protection de l\u2019Enfance\u00a0:<\/strong><\/p>\n<p>Face aux difficult\u00e9s li\u00e9es \u00e0 des enfants mineurs rencontr\u00e9es dans certains quartiers et suite \u00e0 l\u2019augmentation de l\u2019arriv\u00e9e de migrants non reconnus mineurs, nous avons convenu d\u2019une intervention conjointe sur la protection de l\u2019enfance (comp\u00e9tence du D\u00e9partement) lors d\u2019un prochain Conseil Municipal courant juin.<\/p>\n<p>&nbsp;<\/p>\n<p>D\u2019autres sujets concernant les deux collectivit\u00e9s, comme la r\u00e9habilitation du coll\u00e8ge Henri IV, le nouveau coll\u00e8ge Ren\u00e9 Monory \u00e0 Vouneuil-sous-Biard, les nouvelles casernes de pompiers \u00e0 St Eloi et La Blaiserie, pourront \u00eatre abord\u00e9s par Alain CLAEYS et Bruno BELIN lors de prochaines rencontres.<\/p>\n<p>&nbsp;<\/p>\n<p>&nbsp;<\/p>\n","protected":false},"excerpt":{"rendered":"<p>Aujourd\u2019hui, \u00e0 l\u2019occasion d\u2019une rencontre, Bruno BELIN, Pr\u00e9sident du D\u00e9partement de la Vienne et Alain CLAEYS, Maire de Poitiers et<\/p>\n","protected":false},"author":1,"featured_media":3218,"comment_status":"closed","ping_status":"open","sticky":false,"template":"","format":"standard","meta":[],"categories":[1],"tags":[19],"_links":{"self":[{"href":"https:\/\/unionpourlavienne.fr\/Union_Vienne_2016\/wordpress\/wp-json\/wp\/v2\/posts\/3217"}],"collection":[{"href":"https:\/\/unionpourlavienne.fr\/Union_Vienne_2016\/wordpress\/wp-json\/wp\/v2\/posts"}],"about":[{"href":"https:\/\/unionpourlavienne.fr\/Union_Vienne_2016\/wordpress\/wp-json\/wp\/v2\/types\/post"}],"author":[{"embeddable":true,"href":"https:\/\/unionpourlavienne.fr\/Union_Vienne_2016\/wordpress\/wp-json\/wp\/v2\/users\/1"}],"replies":[{"embeddable":true,"href":"https:\/\/unionpourlavienne.fr\/Union_Vienne_2016\/wordpress\/wp-json\/wp\/v2\/comments?post=3217"}],"version-history":[{"count":1,"href":"https:\/\/unionpourlavienne.fr\/Union_Vienne_2016\/wordpress\/wp-json\/wp\/v2\/posts\/3217\/revisions"}],"predecessor-version":[{"id":3219,"href":"https:\/\/unionpourlavienne.fr\/Union_Vienne_2016\/wordpress\/wp-json\/wp\/v2\/posts\/3217\/revisions\/3219"}],"wp:featuredmedia":[{"embeddable":true,"href":"https:\/\/unionpourlavienne.fr\/Union_Vienne_2016\/wordpress\/wp-json\/wp\/v2\/media\/3218"}],"wp:attachment":[{"href":"https:\/\/unionpourlavienne.fr\/Union_Vienne_2016\/wordpress\/wp-json\/wp\/v2\/media?parent=3217"}],"wp:term":[{"taxonomy":"category","embeddable":true,"href":"https:\/\/unionpourlavienne.fr\/Union_Vienne_2016\/wordpress\/wp-json\/wp\/v2\/categories?post=3217"},{"taxonomy":"post_tag","embeddable":true,"href":"https:\/\/unionpourlavienne.fr\/Union_Vienne_2016\/wordpress\/wp-json\/wp\/v2\/tags?post=3217"}],"curies":[{"name":"wp","href":"https:\/\/api.w.org\/{rel}","templated":true}]}}