{"id":3225,"date":"2019-02-04T15:40:51","date_gmt":"2019-02-04T14:40:51","guid":{"rendered":"http:\/\/unionpourlavienne.fr\/Union_Vienne_2016\/wordpress\/?p=3225"},"modified":"2019-02-05T15:44:25","modified_gmt":"2019-02-05T14:44:25","slug":"travaux-de-rehabilitation-du-pont-de-bonneuil-matours","status":"publish","type":"post","link":"https:\/\/unionpourlavienne.fr\/Union_Vienne_2016\/wordpress\/travaux-de-rehabilitation-du-pont-de-bonneuil-matours\/","title":{"rendered":"Travaux de r\u00e9habilitation du pont de Bonneuil-Matours"},"content":{"rendered":"<p><em>Dans le cadre du Sch\u00e9ma Routier 2016\/2021 (122 M\u20ac), Bruno BELIN, Pr\u00e9sident du D\u00e9partement de la Vienne, Gilbert BEAUJANEAU, \u00a0Vice-Pr\u00e9sident en charge des Routes et Isabelle BARREAU, Conseill\u00e8re D\u00e9partementale du canton de Chauvigny, Maire de Bonneuil-Matours, ont pr\u00e9sent\u00e9 le projet de r\u00e9habilitation du pont suspendu de Bonneuil-Matours. Cette op\u00e9ration fait partie\u00a0 de la programmation des \u00ab\u00a0Grands Travaux\u00a0\u00bb du Sch\u00e9ma Routier et repr\u00e9sente un investissement de 6,81 M\u20ac.<\/em><\/p>\n<p>Dernier pont suspendu de la Vienne, cet ouvrage est inscrit \u00e0 l\u2019inventaire des Monuments Historiques depuis 2011. Les travaux s\u2019inscrivent dans le souci de conserver au maximum la perception actuelle de l\u2019ouvrage.<\/p>\n<p>Ces principaux travaux de r\u00e9habilitation sont les suivants\u00a0:<\/p>\n<ul>\n<li>le changement complet de la suspension,<\/li>\n<li>la d\u00e9molition compl\u00e8te, puis la reconstruction de la dalle en b\u00e9ton arm\u00e9 sous chauss\u00e9e,<\/li>\n<li>le renforcement de la structure du tablier par remplacement des poutres lat\u00e9rales de rigidit\u00e9,<\/li>\n<li>l\u2019am\u00e9lioration des cheminements pi\u00e9tonniers sur l\u2019ouvrage, par l\u2019adjonction de deux passerelles lat\u00e9rales au tablier du pont de 1,0 m de largeur utile courante (contre 0,71 m actuellement).<\/li>\n<li>la suppression de la sous-poutre existante,<\/li>\n<li>le renforcement des fondations du pyl\u00f4ne rive droite,<\/li>\n<li>le renforcement par clouage des massifs d\u2019ancrage des c\u00e2bles de suspension,<\/li>\n<li>la remise en peinture des garde-corps sur ouvrage.<\/li>\n<\/ul>\n<p>La chauss\u00e9e, \u00e9largie de 0,30 m, mesurera 5,50 m\u00e8tres.<\/p>\n<p>En rive droite (c\u00f4t\u00e9 RD749) des feux install\u00e9s sur l\u2019axe Archigny \/ Centre bourg Bonneuil limiteront les passages des poids lourds \u00e0 un seul v\u00e9hicule sur l\u2019ouvrage.<\/p>\n<p>&nbsp;<\/p>\n<p><strong>Travaux pr\u00e9paratoires\u00a0:<\/strong><\/p>\n<p>Des travaux li\u00e9s \u00e0 la r\u00e9habilitation ont\u00a0d\u2019ores et d\u00e9j\u00e0 \u00e9t\u00e9 ex\u00e9cut\u00e9s ou vont l\u2019\u00eatre :<\/p>\n<ul>\n<li>l\u2019enl\u00e8vement des r\u00e9seaux existant transitant par l\u2019ouvrage (\u00e9lectrique et refoulement d\u2019eaux us\u00e9es)<\/li>\n<li>\u00e9largissement de la Route D\u00e9partementale 1 servant de voie de d\u00e9viation<\/li>\n<li>s\u00e9curisation du pont de l\u2019Ecoti\u00e8re sur la RD 86 (commune de Bellefonds)<\/li>\n<\/ul>\n<p>&nbsp;<\/p>\n<p><strong>D\u00e9viation\u00a0:<\/strong><\/p>\n<p>L\u2019actuelle d\u00e9viation mise en place pour les poids lourds (RD15 \/ RD1 \/ RD86) sera maintenue pendant les travaux.<\/p>\n<p>Les v\u00e9hicules l\u00e9gers devront emprunter cette d\u00e9viation pendant la coupure compl\u00e8te de la circulation routi\u00e8re sur le pont (<u>dur\u00e9e estim\u00e9e \u00e0 13 mois<\/u>).<\/p>\n<p>La travers\u00e9e des pi\u00e9tons sera maintenue (diff\u00e9rentes solutions sont envisag\u00e9es et laiss\u00e9es \u00e0 l\u2019initiative de l\u2019entreprise qui sera retenue pour les travaux).<\/p>\n<p>Pendant les travaux, les parkings devant l\u2019\u00e9cole et le restaurant seront pr\u00e9serv\u00e9s.<\/p>\n<p>&nbsp;<\/p>\n<p><strong>Budget\u00a0:<\/strong><strong>\u00a0<\/strong><\/p>\n<ul>\n<li>Co\u00fbt estim\u00e9 des travaux\u00a0sur l\u2019ouvrage : <strong>6,81 M\u20ac<\/strong><\/li>\n<li>Participation financi\u00e8re de la DRAC<\/li>\n<\/ul>\n<p><strong>\u00a0<\/strong><\/p>\n<p><strong>\u00a0<\/strong><\/p>\n<p><strong>Calendrier\u00a0: <\/strong><\/p>\n<p><strong>\u00a0<\/strong>D\u00e9but des travaux\u00a0: automne 2019<\/p>\n<ul>\n<li>Dur\u00e9e estim\u00e9e des travaux\u00a0: 25 mois<\/li>\n<li>Fin des travaux\u00a0: novembre 2021<\/li>\n<li>Dur\u00e9e estim\u00e9e de la coupure compl\u00e8te \u00e0 la circulation\u00a0: 13 mois<\/li>\n<\/ul>\n<p>&nbsp;<\/p>\n<p>&nbsp;<\/p>\n<p>&nbsp;<\/p>\n","protected":false},"excerpt":{"rendered":"<p>Communiqu\u00e9 de presse \/ Sch\u00e9ma routier 2016-2021<\/p>\n","protected":false},"author":1,"featured_media":3227,"comment_status":"closed","ping_status":"open","sticky":false,"template":"","format":"standard","meta":[],"categories":[72,63],"tags":[19,24,27],"_links":{"self":[{"href":"https:\/\/unionpourlavienne.fr\/Union_Vienne_2016\/wordpress\/wp-json\/wp\/v2\/posts\/3225"}],"collection":[{"href":"https:\/\/unionpourlavienne.fr\/Union_Vienne_2016\/wordpress\/wp-json\/wp\/v2\/posts"}],"about":[{"href":"https:\/\/unionpourlavienne.fr\/Union_Vienne_2016\/wordpress\/wp-json\/wp\/v2\/types\/post"}],"author":[{"embeddable":true,"href":"https:\/\/unionpourlavienne.fr\/Union_Vienne_2016\/wordpress\/wp-json\/wp\/v2\/users\/1"}],"replies":[{"embeddable":true,"href":"https:\/\/unionpourlavienne.fr\/Union_Vienne_2016\/wordpress\/wp-json\/wp\/v2\/comments?post=3225"}],"version-history":[{"count":1,"href":"https:\/\/unionpourlavienne.fr\/Union_Vienne_2016\/wordpress\/wp-json\/wp\/v2\/posts\/3225\/revisions"}],"predecessor-version":[{"id":3228,"href":"https:\/\/unionpourlavienne.fr\/Union_Vienne_2016\/wordpress\/wp-json\/wp\/v2\/posts\/3225\/revisions\/3228"}],"wp:featuredmedia":[{"embeddable":true,"href":"https:\/\/unionpourlavienne.fr\/Union_Vienne_2016\/wordpress\/wp-json\/wp\/v2\/media\/3227"}],"wp:attachment":[{"href":"https:\/\/unionpourlavienne.fr\/Union_Vienne_2016\/wordpress\/wp-json\/wp\/v2\/media?parent=3225"}],"wp:term":[{"taxonomy":"category","embeddable":true,"href":"https:\/\/unionpourlavienne.fr\/Union_Vienne_2016\/wordpress\/wp-json\/wp\/v2\/categories?post=3225"},{"taxonomy":"post_tag","embeddable":true,"href":"https:\/\/unionpourlavienne.fr\/Union_Vienne_2016\/wordpress\/wp-json\/wp\/v2\/tags?post=3225"}],"curies":[{"name":"wp","href":"https:\/\/api.w.org\/{rel}","templated":true}]}}