{"id":3248,"date":"2019-02-07T14:36:40","date_gmt":"2019-02-07T13:36:40","guid":{"rendered":"http:\/\/unionpourlavienne.fr\/Union_Vienne_2016\/wordpress\/?p=3248"},"modified":"2019-02-07T14:36:40","modified_gmt":"2019-02-07T13:36:40","slug":"les-subventions-pour-le-canton-de-vouneuil-sous-biard-33","status":"publish","type":"post","link":"https:\/\/unionpourlavienne.fr\/Union_Vienne_2016\/wordpress\/les-subventions-pour-le-canton-de-vouneuil-sous-biard-33\/","title":{"rendered":"Les subventions pour le canton de Vouneuil-sous-Biard"},"content":{"rendered":"<p>Claudie FAUCHER, Conseill\u00e8re D\u00e9partementale, et Benoit COQUELET, Vice-pr\u00e9sident du Conseil D\u00e9partemental, informent les habitants que les subventions accord\u00e9es par le Conseil D\u00e9partemental, au b\u00e9n\u00e9fice des communes, des associations et des particuliers du canton de Vouneuil-sous-Biard lors de la Commission Permanente, se d\u00e9composent de la mani\u00e8re suivante\u00a0:<\/p>\n<ul>\n<li>1 594 \u20ac au COLLEGE ARTHUR RIMBAUD de LATILL\u00c9 pour le fonds commun des services d&rsquo;h\u00e9bergement ;<\/li>\n<li>5 000 \u20ac \u00e0 la SCEA DE LA METAIRIE de BOIVRE-LA-VALL\u00c9E pour le Plan de Modernisation des Elevages dans le cadre du Plan de Comp\u00e9titivit\u00e9 et d&rsquo;Adaptation des Exploitations Agricoles (PCAE) ;<\/li>\n<li>72 827,96 \u20ac au COLLEGE NOTRE DAME DE LA CHAUME de VOUILL\u00c9 pour la contribution aux d\u00e9penses de fonctionnement mat\u00e9riel et de r\u00e9mun\u00e9ration des personnels techniciens, ouvriers et de service.<\/li>\n<\/ul>\n<p>&nbsp;<\/p>\n<p>&nbsp;<\/p>\n","protected":false},"excerpt":{"rendered":"<p>Claudie FAUCHER, Conseill\u00e8re D\u00e9partementale, et Benoit COQUELET, Vice-pr\u00e9sident du Conseil D\u00e9partemental, informent les habitants que les subventions accord\u00e9es par le<\/p>\n","protected":false},"author":1,"featured_media":3230,"comment_status":"closed","ping_status":"open","sticky":false,"template":"","format":"standard","meta":[],"categories":[92,83],"tags":[16,21],"_links":{"self":[{"href":"https:\/\/unionpourlavienne.fr\/Union_Vienne_2016\/wordpress\/wp-json\/wp\/v2\/posts\/3248"}],"collection":[{"href":"https:\/\/unionpourlavienne.fr\/Union_Vienne_2016\/wordpress\/wp-json\/wp\/v2\/posts"}],"about":[{"href":"https:\/\/unionpourlavienne.fr\/Union_Vienne_2016\/wordpress\/wp-json\/wp\/v2\/types\/post"}],"author":[{"embeddable":true,"href":"https:\/\/unionpourlavienne.fr\/Union_Vienne_2016\/wordpress\/wp-json\/wp\/v2\/users\/1"}],"replies":[{"embeddable":true,"href":"https:\/\/unionpourlavienne.fr\/Union_Vienne_2016\/wordpress\/wp-json\/wp\/v2\/comments?post=3248"}],"version-history":[{"count":1,"href":"https:\/\/unionpourlavienne.fr\/Union_Vienne_2016\/wordpress\/wp-json\/wp\/v2\/posts\/3248\/revisions"}],"predecessor-version":[{"id":3249,"href":"https:\/\/unionpourlavienne.fr\/Union_Vienne_2016\/wordpress\/wp-json\/wp\/v2\/posts\/3248\/revisions\/3249"}],"wp:featuredmedia":[{"embeddable":true,"href":"https:\/\/unionpourlavienne.fr\/Union_Vienne_2016\/wordpress\/wp-json\/wp\/v2\/media\/3230"}],"wp:attachment":[{"href":"https:\/\/unionpourlavienne.fr\/Union_Vienne_2016\/wordpress\/wp-json\/wp\/v2\/media?parent=3248"}],"wp:term":[{"taxonomy":"category","embeddable":true,"href":"https:\/\/unionpourlavienne.fr\/Union_Vienne_2016\/wordpress\/wp-json\/wp\/v2\/categories?post=3248"},{"taxonomy":"post_tag","embeddable":true,"href":"https:\/\/unionpourlavienne.fr\/Union_Vienne_2016\/wordpress\/wp-json\/wp\/v2\/tags?post=3248"}],"curies":[{"name":"wp","href":"https:\/\/api.w.org\/{rel}","templated":true}]}}