{"id":3250,"date":"2019-02-07T15:20:34","date_gmt":"2019-02-07T14:20:34","guid":{"rendered":"http:\/\/unionpourlavienne.fr\/Union_Vienne_2016\/wordpress\/?p=3250"},"modified":"2019-02-07T15:20:34","modified_gmt":"2019-02-07T14:20:34","slug":"le-deploiement-du-tout-fibre-ftth-dans-la-vienne-a-lhorizon-2025","status":"publish","type":"post","link":"https:\/\/unionpourlavienne.fr\/Union_Vienne_2016\/wordpress\/le-deploiement-du-tout-fibre-ftth-dans-la-vienne-a-lhorizon-2025\/","title":{"rendered":"Le d\u00e9ploiement du \u00ab tout fibre \u00bb (FTTH) dans la Vienne \u00e0 l\u2019horizon 2025"},"content":{"rendered":"<p>Je n\u2019engagerai pas le D\u00e9partement de la Vienne dans un mod\u00e8le \u00e9conomique qui ne tiendrait pas la route.<\/p>\n<p>D\u00e9ployer la fibre optique sous ma\u00eetrise d\u2019ouvrage d\u00e9partementale ou sous ma\u00eetrise d\u2019ouvrage Vienne Num\u00e9rique \u00e9tait et reste une aberration \u00e9conomique\u00a0!<\/p>\n<p>Il ne fallait pas rentrer dans ce mod\u00e8le l\u00e0. Il faut promettre \u00e0 tout le monde le tr\u00e8s haut d\u00e9bit. Pour arriver au tr\u00e8s haut d\u00e9bit, il y a des op\u00e9rations de mont\u00e9e en d\u00e9bit, il y a du d\u00e9ploiement du FTTH (Fiber To The Home), et il y a du d\u00e9ploiement de la 4G.<\/p>\n<p>On a toutes ces technologies \u00e0 notre disposition, \u00e7a c\u2019est le premier point, la premi\u00e8re r\u00e9ponse.<\/p>\n<p>Allez voir sur les zones AMII (Appel \u00e0 Manifestation d\u2019Intention d\u2019Investissement) comment est trait\u00e9 le d\u00e9ploiement qui est en cours. Dites-moi sur les zones AMII, m\u00eame si l\u2019op\u00e9rateur a l\u2019obligation de compl\u00e9tude, si les derniers raccordements les plus co\u00fbteux et les plus \u00e9loign\u00e9s seront bien desservis en FTTH\u00a0? L\u2019op\u00e9rateur ne les d\u00e9ploiera pas\u2026<\/p>\n<p>Ce que nous avons fait nous, c\u2019est qu\u2019on s\u2019est engag\u00e9 dans une d\u00e9marche volontariste avec la signature d\u2019un March\u00e9 Public Global de Performance (MPGP) \u00e0 l\u2019\u00e9t\u00e9 2018.<\/p>\n<p>Qu\u2019est-ce qu\u2019a permis ce march\u00e9\u00a0? Ce march\u00e9 a permis de d\u00e9ployer le FTTH sur les 10 communes que l\u2019on avait retenues dans le cadre du Sch\u00e9ma D\u00e9partemental d\u2019Am\u00e9nagement Num\u00e9rique (SDAN).<\/p>\n<p>Aujourd\u2019hui, on est capable de dire, avec l\u2019accompagnement que l\u2019on a par une Assistance \u00e0 Ma\u00eetrise d\u2019Ouvrage (AMO), et notamment le cabinet qui nous accompagne sur la mod\u00e9lisation financi\u00e8re, que notre choix \u00e9tait le bon, que le mod\u00e8le \u00e9conomique tient la route, que l\u2019on va d\u00e9gager des exc\u00e9dents qui nous permettront de r\u00e9investir. \u00c7a c\u2019est important\u00a0!<\/p>\n<p>Si on n\u2019avait pas sign\u00e9 ce march\u00e9 l\u00e0, on ne pourrait pas aujourd\u2019hui \u00eatre en train de n\u00e9gocier, non pas une proc\u00e9dure AMEL, mais un accord pour d\u00e9ployer le FTTH sur tout le reste du D\u00e9partement hors zone AMII. L\u2019op\u00e9rateur n\u2019aurait pas tout pris. Si on arrive aujourd\u2019hui a proposer la fibre optique partout et pour tous \u00e0 l\u2019horizon 2025, c\u2019est parce que l\u2019on a sign\u00e9 un MPGP.<\/p>\n<p>Engager le Conseil D\u00e9partemental ou Vienne num\u00e9rique \u00e0 r\u00e9aliser seul l\u2019ensemble du FTTH sur tout le D\u00e9partement hors zone AMII \u00e9tait, et je l\u2019ai toujours dit, une A.B.E.R.R.A.T.I.O.N.\u00a0!<\/p>\n<p>&nbsp;<\/p>\n<p>&nbsp;<\/p>\n","protected":false},"excerpt":{"rendered":"<p>(Prise de parole de S\u00e9verine SAINT-P\u00c9 lors de la Commission permanente du 7 f\u00e9vrier)<\/p>\n","protected":false},"author":1,"featured_media":1747,"comment_status":"closed","ping_status":"open","sticky":false,"template":"","format":"standard","meta":[],"categories":[60,68],"tags":[38],"_links":{"self":[{"href":"https:\/\/unionpourlavienne.fr\/Union_Vienne_2016\/wordpress\/wp-json\/wp\/v2\/posts\/3250"}],"collection":[{"href":"https:\/\/unionpourlavienne.fr\/Union_Vienne_2016\/wordpress\/wp-json\/wp\/v2\/posts"}],"about":[{"href":"https:\/\/unionpourlavienne.fr\/Union_Vienne_2016\/wordpress\/wp-json\/wp\/v2\/types\/post"}],"author":[{"embeddable":true,"href":"https:\/\/unionpourlavienne.fr\/Union_Vienne_2016\/wordpress\/wp-json\/wp\/v2\/users\/1"}],"replies":[{"embeddable":true,"href":"https:\/\/unionpourlavienne.fr\/Union_Vienne_2016\/wordpress\/wp-json\/wp\/v2\/comments?post=3250"}],"version-history":[{"count":1,"href":"https:\/\/unionpourlavienne.fr\/Union_Vienne_2016\/wordpress\/wp-json\/wp\/v2\/posts\/3250\/revisions"}],"predecessor-version":[{"id":3251,"href":"https:\/\/unionpourlavienne.fr\/Union_Vienne_2016\/wordpress\/wp-json\/wp\/v2\/posts\/3250\/revisions\/3251"}],"wp:featuredmedia":[{"embeddable":true,"href":"https:\/\/unionpourlavienne.fr\/Union_Vienne_2016\/wordpress\/wp-json\/wp\/v2\/media\/1747"}],"wp:attachment":[{"href":"https:\/\/unionpourlavienne.fr\/Union_Vienne_2016\/wordpress\/wp-json\/wp\/v2\/media?parent=3250"}],"wp:term":[{"taxonomy":"category","embeddable":true,"href":"https:\/\/unionpourlavienne.fr\/Union_Vienne_2016\/wordpress\/wp-json\/wp\/v2\/categories?post=3250"},{"taxonomy":"post_tag","embeddable":true,"href":"https:\/\/unionpourlavienne.fr\/Union_Vienne_2016\/wordpress\/wp-json\/wp\/v2\/tags?post=3250"}],"curies":[{"name":"wp","href":"https:\/\/api.w.org\/{rel}","templated":true}]}}