{"id":3424,"date":"2019-06-06T16:27:56","date_gmt":"2019-06-06T15:27:56","guid":{"rendered":"http:\/\/unionpourlavienne.fr\/Union_Vienne_2016\/wordpress\/?p=3424"},"modified":"2019-06-07T16:28:52","modified_gmt":"2019-06-07T15:28:52","slug":"les-subventions-pour-le-canton-de-lusignan-36","status":"publish","type":"post","link":"https:\/\/unionpourlavienne.fr\/Union_Vienne_2016\/wordpress\/les-subventions-pour-le-canton-de-lusignan-36\/","title":{"rendered":"Les subventions pour le canton de Lusignan"},"content":{"rendered":"<p>Sybil P\u00c9CRIAUX, Conseill\u00e8re D\u00e9partementale, et Jean-Louis LEDEUX, Conseiller D\u00e9partemental, informent les habitants que les subventions accord\u00e9es par le Conseil D\u00e9partemental, au b\u00e9n\u00e9fice des communes, des associations et des particuliers du canton de Lusignan lors de la Commission Permanente, se d\u00e9composent de la mani\u00e8re suivante\u00a0:<\/p>\n<ul>\n<li>300 \u20ac \u00e0 l\u2019ECURIE CHAMBRILLE pour l&rsquo;organisation d&rsquo;un Auto-Cross Sprint Car, les 13 et 14 avril 2019 \u00e0 Rouill\u00e9-Saint Sauvant, circuit Henri Bellin ;<\/li>\n<li>300 \u20ac \u00e0 l\u2019ASSOCIATION CIEL MELUSIN pour l&rsquo;organisation de l&rsquo;\u00e9v\u00e9nementiel Lusignan \u00ab\u00a0destination l&rsquo;espace !\u00a0\u00bb pendant une semaine \u00e0 partir du 1er avril 2019 ;<\/li>\n<li>300 \u20ac \u00e0 l\u2019ASSOCIATION VALLEE DE LA VONNE CANOE KAYAK de LUSIGNAN pour l&rsquo;organisation d&rsquo;une journ\u00e9e de d\u00e9couverte du cano\u00eb kayak et des sports de la pagaie aux \u00e9l\u00e8ves de l&rsquo;\u00e9cole primaire L\u00e9odile Bera de Lusignan, le 18 juin 2019 ;<\/li>\n<li>300 \u20ac au COMITE ORGANISATION FETE DU CHEVAL pour l&rsquo;organisation de la 34\u00e8me journ\u00e9e de l&rsquo;\u00e2ne et du cheval le 3 ao\u00fbt 2019 \u00e0 ROMAGNE ;<\/li>\n<li>300 \u20ac \u00e0 l\u2019ASSOCIATION DU SOUVENIR FRANCAIS COMITE DE COUHE pour l&rsquo;organisation d&rsquo;un voyage p\u00e9dagogique avec des \u00e9l\u00e8ves du Coll\u00e8ge Andr\u00e9 Brouillet de Couh\u00e9-Valence en Poitou, le 9 avril 2019 \u00e0 Maill\u00e9 (37) avec visite d&rsquo;un village Martyr ;<\/li>\n<li>300 \u20ac \u00e0 l\u2019ASSOCIATION SOLIDARITE ENVIRONNEMENT INSERTION pour l&rsquo;organisation de la 15\u00e8me f\u00eate du Poirion, le 20 octobre 2019 \u00e0 ST SAUVANT ;<\/li>\n<li>300 \u20ac pour la saison sportive 2018\/2019 de Maxime PHAM-DANG de CLOUE dans le cadre du Sport de Haut Niveau ;<\/li>\n<li>500 \u20ac au MELUSIN ATHLETIQUE CLUB CANTONAL de LUSIGNAN pour l&rsquo;organisation de courses p\u00e9destres nature du Trail de la F\u00e9e M\u00e9lusine, le 14 avril 2019 ;<\/li>\n<li>595 \u20ac au CONSEIL LOCAL FCPE CURZAY SANXAY pour la diffusion culturelle du spectacle Superlipo&rsquo;F\u00eate pr\u00e9sent\u00e9 par la compagnie du Temps Imaginaire le 13 d\u00e9cembre 2019 ;<\/li>\n<li>600 \u20ac \u00e0 l\u2019ASSOCIATION CARNAVAL RULLICOIS pour l&rsquo;organisation d&rsquo;une cavalcade de chars fleuris, le 21 avril 2019 \u00e0 ROUILLE ;<\/li>\n<li>700 \u20ac au COLLEGE JEAN MONNET de LUSIGNAN pour le programme de grosses r\u00e9parations, d&rsquo;entretien et d&rsquo;\u00e9quipement ;<\/li>\n<li>800 \u20ac au CERCLE MODELISTE RULLICOIS pour l&rsquo;organisation du 14\u00e8me tournoi international d&rsquo;a\u00e9romod\u00e9lisme m\u00e9lusin, manche de la Coupe du monde les 8 et 9 juin 2019 \u00e0 ROUILL\u00c9 ;<\/li>\n<li>800 \u20ac \u00e0 l\u2019ASSOCIATION CINEMA SPECTACLE LUSIGNAN pour l&rsquo;organisation de la f\u00eate m\u00e9di\u00e9vale \u00e0 Lusignan les 20 et 21 juillet 2019 ;<\/li>\n<li>800 \u20ac \u00e0 l\u2019ASSOCIATION LA MAISON POUR TOUS DU PAYS MELUSIN pour la cr\u00e9ation d&rsquo;un centre socioculturel en Pays M\u00e9lusin, pour f\u00e9d\u00e9rer, animer et d\u00e9velopper des projets citoyens, culturels, sociaux et festifs accessibles \u00e0 tous ;<\/li>\n<li>1 000 \u20ac au PAYS MELUSIN BASKET CLUB pour l&rsquo;organisation des journ\u00e9es portes ouvertes du Club Pays M\u00e9lusin Basket Club, les 7 et 14 septembre 2019 \u00e0 LUSIGNAN ;<\/li>\n<li>1\u00a0540 \u20ac \u00e0 ASSOCIATION DE PARENTS D&rsquo;ELEVES DE ROMAGNE pour la diffusion culturelle du spectacle Br\u00e8ves pr\u00e9sent\u00e9 par la compagnie du Gramophone le 20 d\u00e9cembre 2019 (910 \u20ac) et pour la diffusion culturelle du spectacle Confitures de papier pr\u00e9sent\u00e9 par Confitures et Cie le 25 juin 2019 (630 \u20ac) ;<\/li>\n<li>2 200 \u20ac pour l&rsquo;am\u00e9lioration de l&rsquo;habitat de quatre propri\u00e9taires occupants d&rsquo;un logement situ\u00e9 \u00e0 COUHE (2) et CHAUNAY (2) dans le cadre du Programme Habiter Mieux ;<\/li>\n<li>2 500 \u20ac \u00e0 l\u2019AERO CLUB DE COUHE BRUX ET DU CIVRAISIEN pour l&rsquo;organisation du meeting a\u00e9rien annuel le 21 juillet 2019 \u00e0 l&rsquo;A\u00e9rodrome de Couh\u00e9 ;<\/li>\n<li>3 000 \u20ac \u00e0 la COMPAGNIE CHOC TRIO de LUSIGNAN pour la cr\u00e9ation du spectacle Pr\u00e9lude en bleu majeur, m\u00e9diation, diffusion ;<\/li>\n<li>5 000 \u20ac \u00e0 l\u2019ASSOCIATION VOX POPULI pour l&rsquo;organisation du festival de musiques actuelles La Voix du Rock, les 31 mai et 1er juin 2019 \u00e0 l&rsquo;Abbaye de Valence de Couh\u00e9 ;<\/li>\n<li>5 000 \u20ac \u00e0 un \u00e9leveur de SANXAY pour la construction d&rsquo;un hangar \u00e0 fourages dans le cadre du Plan de Modernisation des Elevages ;<\/li>\n<li>6 000 \u20ac au LYCEE TECHNOLOGIQUE RURART AGRICOLE XAVIER BERNARD de ROUILL\u00c9 pour l&rsquo;organisation des expositions 2019 par le Centre d&rsquo;art contemporain RURART ;<\/li>\n<li>7 000 \u20ac \u00e0 l\u2019ASSOCIATION SOIREES LYRIQUES DE SANXAY pour le projet de r\u00e9alisation de l&rsquo;op\u00e9ra pour enfants \u00ab\u00a0Les enfants du levant\u00a0\u00bb ;<\/li>\n<li>8 324 \u20ac \u00e0 LA BOITE A MUSIQUE ATELIERS MUSICAUX de COUHE pour le fonctionnement 2018\/2019 ;<\/li>\n<li>8 343 \u20ac \u00e0 ANCHE pour des travaux de r\u00e9novation et d&rsquo;isolation de la toiture de la mairie ;<\/li>\n<li>10 000 \u20ac \u00e0 LA LYRE MELUSINE de LUSIGNAN pour le fonctionnement 2018\/2019 ;<\/li>\n<li>21\u00a0250 \u20ac \u00e0 CELLE L&rsquo;EVESCAULT pour l&rsquo;am\u00e9nagement de deux columbariums et mise en place de cavurnes dans le cimeti\u00e8re (16\u00a0000 \u20ac), et pour l&rsquo;acquisition de mat\u00e9riels informatiques pour la mairie (5\u00a0250 \u20ac);<\/li>\n<li>25 100 \u20ac \u00e0 JAZENEUIL pour les travaux d&rsquo;am\u00e9nagement des b\u00e2timents communaux (21\u00a0100 \u20ac) et pour la diffusion culturelle du spectacle Au pays d&rsquo;Oz pr\u00e9sent\u00e9 par L&rsquo;Arbre Potager le 24 novembre 2019 (840 \u20ac);<\/li>\n<li>39 500 \u20ac \u00e0 ASSOCIATION SOLIDARITE ENVIRONNEMENT INSERTION de SAINT SAUVANT pour les deux chantiers d&rsquo;insertion Restaurant\/G\u00eete et B\u00e2ti\/Espaces naturels (26\u00a0500 \u20ac), pour l&rsquo;\u00e9quipement en mat\u00e9riel d&rsquo;entretien des Espaces Verts (10\u00a0000 \u20ac), ST SAUVANT, et pour la Mobilit\u00e9 (3\u00a0000 \u20ac);<\/li>\n<li>64\u00a0314,48 \u20ac au COLLEGE SAINT MARTIN pour la contribution aux d\u00e9penses de fonctionnement mat\u00e9riel et de r\u00e9mun\u00e9ration des personnels techniciens, ouvriers et de service (28\u00a0326,35 \u20ac), et pour l&rsquo;aide aux travaux d&rsquo;investissement 2019 (35988,13 \u20ac) ;<\/li>\n<li>77 400 \u20ac \u00e0 VALENCE EN POITOU pour l&rsquo;installation d&rsquo;une passerelle \u00e0 l&rsquo;\u00e9tang communal et la cr\u00e9ation de trois places de stationnement PMR place de la mairie (26\u00a0800), pour des travaux de r\u00e9novation \u00e9nerg\u00e9tique et d&rsquo;isolation de la salle des f\u00eates et de la mairie (Ceaux en Couh\u00e9 19\u00a0200 \u20ac), et pour des travaux de r\u00e9novation d&rsquo;un logement communal (Payr\u00e9 31\u00a0400 \u20ac) ;<\/li>\n<li>574 371 \u20ac \u00e0 GRAND POITIERS COMMUNAUTE URBAINE pour le programme de voirie Grand Poitiers (commune de Coulombiers 36\u00a0546, Saint Sauvant 44\u00a0792, Celle L&rsquo;Evescault 48\u00a0958 \u20ac), Rouill\u00e9 57\u00a0985 \u20ac, Lusignan 222\u00a0223 \u20ac, Sanxay 16\u00a0667 \u20ac), pour la r\u00e9habilitation des vestiaires du gymnase Jean Doucet \u00e0 Lusignan (63\u00a0200 \u20ac), et pour l&rsquo;extension, la modernisation et la mise aux normes de la d\u00e9chetterie de Couh\u00e9 (84\u00a0000 \u20ac).<\/li>\n<\/ul>\n<p>&nbsp;<\/p>\n<p>&nbsp;<\/p>\n<p>&nbsp;<\/p>\n","protected":false},"excerpt":{"rendered":"<p>Sybil P\u00c9CRIAUX, Conseill\u00e8re D\u00e9partementale, et Jean-Louis LEDEUX, Conseiller D\u00e9partemental, informent les habitants que les subventions accord\u00e9es par le Conseil D\u00e9partemental,<\/p>\n","protected":false},"author":1,"featured_media":3418,"comment_status":"closed","ping_status":"open","sticky":false,"template":"","format":"standard","meta":[],"categories":[76,92],"tags":[28,39],"_links":{"self":[{"href":"https:\/\/unionpourlavienne.fr\/Union_Vienne_2016\/wordpress\/wp-json\/wp\/v2\/posts\/3424"}],"collection":[{"href":"https:\/\/unionpourlavienne.fr\/Union_Vienne_2016\/wordpress\/wp-json\/wp\/v2\/posts"}],"about":[{"href":"https:\/\/unionpourlavienne.fr\/Union_Vienne_2016\/wordpress\/wp-json\/wp\/v2\/types\/post"}],"author":[{"embeddable":true,"href":"https:\/\/unionpourlavienne.fr\/Union_Vienne_2016\/wordpress\/wp-json\/wp\/v2\/users\/1"}],"replies":[{"embeddable":true,"href":"https:\/\/unionpourlavienne.fr\/Union_Vienne_2016\/wordpress\/wp-json\/wp\/v2\/comments?post=3424"}],"version-history":[{"count":1,"href":"https:\/\/unionpourlavienne.fr\/Union_Vienne_2016\/wordpress\/wp-json\/wp\/v2\/posts\/3424\/revisions"}],"predecessor-version":[{"id":3425,"href":"https:\/\/unionpourlavienne.fr\/Union_Vienne_2016\/wordpress\/wp-json\/wp\/v2\/posts\/3424\/revisions\/3425"}],"wp:featuredmedia":[{"embeddable":true,"href":"https:\/\/unionpourlavienne.fr\/Union_Vienne_2016\/wordpress\/wp-json\/wp\/v2\/media\/3418"}],"wp:attachment":[{"href":"https:\/\/unionpourlavienne.fr\/Union_Vienne_2016\/wordpress\/wp-json\/wp\/v2\/media?parent=3424"}],"wp:term":[{"taxonomy":"category","embeddable":true,"href":"https:\/\/unionpourlavienne.fr\/Union_Vienne_2016\/wordpress\/wp-json\/wp\/v2\/categories?post=3424"},{"taxonomy":"post_tag","embeddable":true,"href":"https:\/\/unionpourlavienne.fr\/Union_Vienne_2016\/wordpress\/wp-json\/wp\/v2\/tags?post=3424"}],"curies":[{"name":"wp","href":"https:\/\/api.w.org\/{rel}","templated":true}]}}