{"id":3426,"date":"2019-06-06T16:29:01","date_gmt":"2019-06-06T15:29:01","guid":{"rendered":"http:\/\/unionpourlavienne.fr\/Union_Vienne_2016\/wordpress\/?p=3426"},"modified":"2019-06-07T16:30:06","modified_gmt":"2019-06-07T15:30:06","slug":"les-subventions-pour-le-canton-de-lussac-les-chateaux-35","status":"publish","type":"post","link":"https:\/\/unionpourlavienne.fr\/Union_Vienne_2016\/wordpress\/les-subventions-pour-le-canton-de-lussac-les-chateaux-35\/","title":{"rendered":"Les subventions pour le canton de Lussac-les-Ch\u00e2teaux"},"content":{"rendered":"<p>Marie-Ren\u00e9e DESROSES, Vice-pr\u00e9sidente du Conseil D\u00e9partemental, et Fran\u00e7ois BOCK, Maire et Conseiller D\u00e9partemental, informent les habitants que les subventions accord\u00e9es par le Conseil D\u00e9partemental, au b\u00e9n\u00e9fice des communes, des associations et des particuliers du canton de Lussac-les-Ch\u00e2teaux lors de la Commission Permanente, se d\u00e9composent de la mani\u00e8re suivante\u00a0:<\/p>\n<ul>\n<li>200 \u20ac \u00e0 l\u2019ASSOCIATION RACING TEAM PEPER de CIVAUX pour le fonctionnement de l&rsquo;association pour l&rsquo;ann\u00e9e 2019 ;<\/li>\n<li>200 \u20ac \u00e0 l\u2019ASSOCIATION LES AMIS DE GUERTING de BOURESSE pour le d\u00e9placement en Moselle dans le cadre du jumelage \u00e0 partir du 30 mai 2019 pour une dur\u00e9e de 4 jours ;<\/li>\n<li>200 \u20ac \u00e0 l\u2019ASSOCIATION LES COMPAGNONS DE LA CLOUERE de GENCAY pour l&rsquo;organisation de courses cyclistes \u00e0 St Maurice La Clou\u00e8re le 14 avril 2019 et \u00e0 Gen\u00e7ay-Magn\u00e9 le 26 mai 2019 ;<\/li>\n<li>200 \u20ac au COMITE DES FETES DE LHOMMAIZE pour l&rsquo;organisation du Festiva&rsquo;Lhommaiz\u00e9 les 20 et 21 juillet 2019 ;<\/li>\n<li>200 \u20ac \u00e0 l\u2019ASSOCIATION EVEIL DES SENS de PERSAC pour l&rsquo;organisation de la 4\u00e8me \u00e9dition du Festival Eveil des Sens &#8211; Balade des 3 Vall\u00e9es les 15 et 16 juin 2019 \u00e0 Persac et \u00e0 Queaux ;<\/li>\n<li>300 \u20ac au SYNDICAT INTERCOMMUNAL A VOCATIONS MULTIPLES DE GENCAY SAINT MAURICE LA CLOUERE pour la diffusion culturelle du spectacle Les secrets de la tour d&rsquo;\u00e9critures pr\u00e9sent\u00e9 par Phosphonie le 25 mai 2019 ;<\/li>\n<li>300 \u20ac \u00e0 l\u2019ASSOCIATION LES COMPAGNONS DE LA CLOUERE pour le financement pour l&rsquo;achat de vestes aux couleurs du club pour la course L&rsquo;\u00c9chapp\u00e9e Belle organis\u00e9e le dimanche 27 octobre 2019 \u00e0 Saint-Maurice-La-Clou\u00e8re ;<\/li>\n<li>500 \u20ac \u00e0 l\u2019ASSOCIATION VERCIVAL TENNIS CLUB de CIVAUX pour l&rsquo;organisation d&rsquo;une \u00e9cole de tennis hebdomadaire pour les enfants des communes de Verri\u00e8res, Civaux et Valdivienne ;<\/li>\n<li>500 \u20ac pour l&rsquo;am\u00e9lioration de l&rsquo;habitat d&rsquo;un propri\u00e9taire occupant d&rsquo;un logement situ\u00e9 \u00e0 PERSAC dans le cadre du Programme Habiter Mieux ;<\/li>\n<li>675 \u20ac \u00e0 la FEDERATION FRANCAISE DES MOTARDS EN COLERE 86 pour les actions de s\u00e9curit\u00e9 routi\u00e8re organis\u00e9es sur le canton de Lussac-les-Ch\u00e2teaux en 2019 ;<\/li>\n<li>700 \u20ac \u00e0 GOUEX pour la diffusion culturelle du spectacle La grenouille \u00e0 grande bouche\/La chasse \u00e0 l&rsquo;ours pr\u00e9sent\u00e9 par Les Ailes de Mademoiselle le 14 d\u00e9cembre 2019 ;<\/li>\n<li>800 \u20ac \u00e0 PERSAC pour la diffusion culturelle du spectacle V&rsquo;l\u00e0 La Fanfare pr\u00e9sent\u00e9 par La Clique sur Mer le 6 juillet 2019 ;<\/li>\n<li>1 000 \u20ac \u00e0 l\u2019ASSOCIATION LES AMIS DE MAZEROLLES pour l&rsquo;organisation d&rsquo;une manifestation musicale, Mazeroll&rsquo;n Rock, le 29 juin 2019 ;<\/li>\n<li>1 000 \u20ac pour l&rsquo;am\u00e9lioration de l&rsquo;habitat d&rsquo;un propri\u00e9taire occupant retrait\u00e9 d&rsquo;un logement situ\u00e9 \u00e0 MOULISMES dans le cadre du PIG VIENNE ET GARTEMPE ;<\/li>\n<li>1 025 \u20ac \u00e0 l\u2019ASSOCIATION SPORTIVE SCOLAIRE DE CIVAUX pour la diffusion culturelle du spectacle Et apr\u00e8s, c&rsquo;est quoi ? pr\u00e9sent\u00e9 par Pascal Peroteau le 20 d\u00e9cembre 2019 ;<\/li>\n<li>3 000 \u20ac \u00e0 SCI LES VILLARS pour l&rsquo;am\u00e9lioration de l&rsquo;habitat d&rsquo;un Propri\u00e9taire Bailleur situ\u00e9 \u00e0 VERRIERES dans le cadre de l&rsquo;AMI de redynamisation des centres bourgs &#8211; Communaut\u00e9 de Communes Vienne et Gartempe ;<\/li>\n<li>3 000 \u20ac \u00e0 l\u2019ASSOCIATION VAL DE VIENNE MOTO du VIGEANT pour l&rsquo;organisation de 8 journ\u00e9es de roulage et comp\u00e9titions sur le circuit du Val de Vienne ;<\/li>\n<li>4 708 \u20ac \u00e0 la MAISON DES JEUNES ET DE LA CULTURE DE LUSSAC LES CHATEAUX pour le fonctionnement 2018\/2019 de la section musique ;<\/li>\n<li>5 000 \u20ac \u00e0 l\u2019EARL DU FOUR \u00e0 USSON DU POITOU pour la cr\u00e9ation d&rsquo;un atelier de transformation de lait caprin et d&rsquo;un espace commercial ;<\/li>\n<li>6 400 \u20ac \u00e0 CENTRE CULTUREL LA MARCHOISE pour la F\u00eate de La Pendule du 12 au 15 ao\u00fbt 2019 (1\u00a0800 \u20ac), pour l&rsquo;organisation de l&rsquo;\u00e9dition 2019 du festival Art &amp; Imaginaire du 5 au 29 mars 2019 (1\u00a0800), pour le projet Contes sous la Lune du 13 au 16 juin 2019 (800 \u20ac), et pour le soutien activit\u00e9s de transmission des savoirs, de cr\u00e9ation et d&rsquo;expression (2\u00a0000 \u20ac) ;<\/li>\n<li>6 600 \u20ac \u00e0 MAZEROLLES pour les travaux de voirie ;<\/li>\n<li>8 978 \u20ac \u00e0 LUCHAPT pour des travaux de voirie, LUCHAPT ;<\/li>\n<li>9\u00a0422 \u20ac \u00e0 LUCHAPT pour des travaux de r\u00e9novation dans des b\u00e2timents communaux (5\u00a0800 \u20ac)T, et pour l&rsquo;acquisition de mat\u00e9riel communal (3\u00a0622 \u20ac)\u00a0;<\/li>\n<li>10 000 \u20ac \u00e0 MAZEROLLES pour les travaux de r\u00e9novation de la salle des f\u00eates ;<\/li>\n<li>10 733 \u20ac \u00e0 la MAISON DES JEUNES ET DE LA CULTURE CHAMP LIBRE de L\u2019ISLE JOURDAIN pour l&rsquo;organisation de la 13\u00e8me \u00e9dition des Foul\u00e9es du Viaduc le dimanche 29 septembre 2019 au Parc de Loisirs de L&rsquo;Isle Jourdain (300 \u20ac), pour la diffusion culturelle du spectacle Pas si b\u00eate pr\u00e9sent\u00e9 par Cirque en Sc\u00e8ne le 13 juin 2019 (575 \u20ac), pour l&rsquo;atelier d&rsquo;\u00e9ducation \u00e0 l&rsquo;image 2019 (1\u00a0500 \u20ac), pour le fonctionnement 2018\/2019 de la section musique (928 \u20ac), pour la Mobilit\u00e9 (2\u00a0200 \u20ac), pour le soutien \u00e0 la programmation de spectacles tout public en salle 2019 (2\u00a0356 \u20ac), et pour l&rsquo;organisation de l&rsquo;op\u00e9ration L\u00e9zards de la rue 2019 (2\u00a0874 \u20ac)\u00a0;<\/li>\n<li>15 800 \u20ac \u00e0 SILLARS pour la cr\u00e9ation d&rsquo;un lieu d&rsquo;animation communal et extra communal \u00ab\u00a0La Forge d&rsquo;Hadrien\u00a0\u00bb ;<\/li>\n<li>16 700 \u20ac \u00e0 LHOMMAIZE pour l&rsquo;acquisition d&rsquo;un v\u00e9hicule pour le service technique ;<\/li>\n<li>17 100 \u20ac \u00e0 MILLAC pour l&rsquo;am\u00e9nagement de la rue Chez Francillon ;<\/li>\n<li>17 100 \u20ac \u00e0 PERSAC pour la r\u00e9novation et l&rsquo;extension de la salle des f\u00eates intercommunale ;<\/li>\n<li>25 200 \u20ac \u00e0 LUSSAC LES CHATEAUX pour la mise aux normes accessibilit\u00e9 de la salle des f\u00eates ;<\/li>\n<li>34 900 \u20ac \u00e0 SAINT MAURICE LA CLOUERE pour la cr\u00e9ation de deux classes maternelles et la restructuration de l&rsquo;\u00e9cole ;<\/li>\n<li>71 600 \u20ac \u00e0 l\u2019ASSOCIATION DYNAMIQUE D&rsquo;ENTRAIDE DU CANTON DE LUSSAC LES CHATEAUX ADECL pour la Mobilit\u00e9 (8\u00a0600 \u20ac),et pour les 3 chantiers d&rsquo;insertion : Chinetterie, D\u00e9p\u00f4t-vente et Serres\/Jardin, financ\u00e9s dans le cadre du FSE (63\u00a0000 \u20ac)<\/li>\n<li>112 000 \u20ac \u00e0 la COMMUNAUTE DE COMMUNES VIENNE ET GARTEMPE pour la cr\u00e9ation d&rsquo;un lieu d&rsquo;animation communal et extra communal \u00ab\u00a0La Forge d&rsquo;Hadrien\u00a0\u00bb \u00e0 Sillars (50\u00a0000 \u20ac), et pour l&rsquo;extension de l&rsquo;EHPAD de Verri\u00e8res (62\u00a0000 \u20ac).<\/li>\n<\/ul>\n<p>&nbsp;<\/p>\n<p>&nbsp;<\/p>\n<p>&nbsp;<\/p>\n","protected":false},"excerpt":{"rendered":"<p>Marie-Ren\u00e9e DESROSES, Vice-pr\u00e9sidente du Conseil D\u00e9partemental, et Fran\u00e7ois BOCK, Maire et Conseiller D\u00e9partemental, informent les habitants que les subventions accord\u00e9es<\/p>\n","protected":false},"author":1,"featured_media":3418,"comment_status":"closed","ping_status":"open","sticky":false,"template":"","format":"standard","meta":[],"categories":[77,92],"tags":[23,34],"_links":{"self":[{"href":"https:\/\/unionpourlavienne.fr\/Union_Vienne_2016\/wordpress\/wp-json\/wp\/v2\/posts\/3426"}],"collection":[{"href":"https:\/\/unionpourlavienne.fr\/Union_Vienne_2016\/wordpress\/wp-json\/wp\/v2\/posts"}],"about":[{"href":"https:\/\/unionpourlavienne.fr\/Union_Vienne_2016\/wordpress\/wp-json\/wp\/v2\/types\/post"}],"author":[{"embeddable":true,"href":"https:\/\/unionpourlavienne.fr\/Union_Vienne_2016\/wordpress\/wp-json\/wp\/v2\/users\/1"}],"replies":[{"embeddable":true,"href":"https:\/\/unionpourlavienne.fr\/Union_Vienne_2016\/wordpress\/wp-json\/wp\/v2\/comments?post=3426"}],"version-history":[{"count":1,"href":"https:\/\/unionpourlavienne.fr\/Union_Vienne_2016\/wordpress\/wp-json\/wp\/v2\/posts\/3426\/revisions"}],"predecessor-version":[{"id":3427,"href":"https:\/\/unionpourlavienne.fr\/Union_Vienne_2016\/wordpress\/wp-json\/wp\/v2\/posts\/3426\/revisions\/3427"}],"wp:featuredmedia":[{"embeddable":true,"href":"https:\/\/unionpourlavienne.fr\/Union_Vienne_2016\/wordpress\/wp-json\/wp\/v2\/media\/3418"}],"wp:attachment":[{"href":"https:\/\/unionpourlavienne.fr\/Union_Vienne_2016\/wordpress\/wp-json\/wp\/v2\/media?parent=3426"}],"wp:term":[{"taxonomy":"category","embeddable":true,"href":"https:\/\/unionpourlavienne.fr\/Union_Vienne_2016\/wordpress\/wp-json\/wp\/v2\/categories?post=3426"},{"taxonomy":"post_tag","embeddable":true,"href":"https:\/\/unionpourlavienne.fr\/Union_Vienne_2016\/wordpress\/wp-json\/wp\/v2\/tags?post=3426"}],"curies":[{"name":"wp","href":"https:\/\/api.w.org\/{rel}","templated":true}]}}