{"id":3430,"date":"2019-06-06T16:31:12","date_gmt":"2019-06-06T15:31:12","guid":{"rendered":"http:\/\/unionpourlavienne.fr\/Union_Vienne_2016\/wordpress\/?p=3430"},"modified":"2019-06-07T16:32:15","modified_gmt":"2019-06-07T15:32:15","slug":"les-subventions-pour-le-canton-de-montmorillon-37","status":"publish","type":"post","link":"https:\/\/unionpourlavienne.fr\/Union_Vienne_2016\/wordpress\/les-subventions-pour-le-canton-de-montmorillon-37\/","title":{"rendered":"Les subventions pour le canton de Montmorillon"},"content":{"rendered":"<p>Brigitte ABAUX, Conseill\u00e8re D\u00e9partementale, et Guillaume de RUSS\u00c9, Maire-Honoraire et Pr\u00e9sident D\u00e9l\u00e9gu\u00e9 du Conseil D\u00e9partemental, informent les habitants que les subventions accord\u00e9es par le Conseil D\u00e9partemental, au b\u00e9n\u00e9fice des communes, des associations et des particuliers du canton de Montmorillon lors de la Commission Permanente, se d\u00e9composent de la mani\u00e8re suivante\u00a0:<\/p>\n<ul>\n<li>100 \u20ac au CLUB PHOTO GRAND ANGLES d\u2019ANGLES SUR L&rsquo;ANGLIN pour le fonctionnement pour l&rsquo;ann\u00e9e 2019 ;<\/li>\n<li>100 \u20ac au CENTRE CANTONAL CULTUREL DE SAINT SAVIN pour le fonctionnement du Centre Cantonal Culturel de Saint Savin pour l&rsquo;ann\u00e9e 2019 ;<\/li>\n<li>200 \u20ac \u00e0 l\u2019ASSOCIATION MUSICALE LA CLEF DE SOL de LATHUS ST REMY pour l&rsquo;organisation d&rsquo;un d\u00eener spectacle \u00e0 la salle des f\u00eates de Lathus, le 6 avril 2019 ;<\/li>\n<li>200 \u20ac au COMITE DE JUMELAGE DU CANTON DE SAINT SAVIN pour le fonctionnement de l&rsquo;association pour l&rsquo;ann\u00e9e 2019 ;<\/li>\n<li>250 \u20ac \u00e0 la CHORALE LA VIE CHANTE de SAULGE pour le fonctionnement ;<\/li>\n<li>300 \u20ac \u00e0 l\u2019ASSOCIATION MONT RUN de MONTMORILLON pour l&rsquo;organisation d&rsquo;un trail urbain nocturne de la Cit\u00e9 de l&rsquo;Ecrit \u00e0 Montmorillon, le 12 janvier 2019 ;<\/li>\n<li>400 \u20ac au COMITE DES FETES DE THOLLET pour l&rsquo;organisation de la f\u00eate annuelle les 14 et 15 ao\u00fbt 2019 ;<\/li>\n<li>500 \u20ac \u00e0 l\u2019ASSOCIATION MONTMORILLON PETANQUE pour l&rsquo;organisation de concours d\u00e9partementaux de p\u00e9tanque les 6, 7 et 8 septembre 2019 ;<\/li>\n<li>500 \u20ac au CLUB ATHLETIQUE ST SAVIN ST GERMAIN SECTION FOOTBALL pour une rencontre europ\u00e9enne mixte de jeunes footballeurs (11\/14 ans) dans le cadre du 50\u00e8me anniversaire du Comit\u00e9 de jumelage Franco-Allemand \u00e0 St Savin du 20 au 23 juin 2019 ;<\/li>\n<li>500 \u20ac \u00e0 l\u2019ASSOCIATION MJC LA VIGNE AUX MOINES d\u2019ANTIGNY pour le projet Du th\u00e9\u00e2tre pour inventer, transmettre, \u00e9changer, interroger 2019 ;<\/li>\n<li>595 \u20ac \u00e0 COULONGES pour la diffusion culturelle du spectacle J&rsquo;essaye d&rsquo;\u00eatre magicien pr\u00e9sent\u00e9 par David Silaguy le 21 d\u00e9cembre 2019 ;<\/li>\n<li>600 \u20ac \u00e0 l\u2019ASSOCIATION SPORTIVE BOULISTE SAINT SAVINOISE pour l&rsquo;organisation d&rsquo;un grand weekend Bouliste de Pentec\u00f4te \u00e0 Saint Savin, du 7 au 10 juin 2019 ;<\/li>\n<li>1 000 \u20ac pour l&rsquo;am\u00e9lioration de l&rsquo;habitat d&rsquo;un propri\u00e9taire occupant retrait\u00e9 d&rsquo;un logement situ\u00e9 \u00e0 LATHUS SAINT REMY dans le cadre du PIG VIENNE ET GARTEMPE ;<\/li>\n<li>1 500 \u20ac \u00e0 l\u2019ULM CLUB DE BRIGUEIL pour l&rsquo;organisation d&rsquo;une f\u00eate a\u00e9rienne, le 20 ao\u00fbt 2017 ;<\/li>\n<li>2 000 \u20ac \u00e0 l\u2019ASSOCIATION MUSICALE MONTMORILLONNAISE pour le fonctionnement 2018\/2019 ;<\/li>\n<li>2 052 \u20ac \u00e0 SAINT LEOMER pour des travaux de busage rue de la Font Galloux ;<\/li>\n<li>3 000 \u20ac \u00e0 MONTMORILLON pour le soutien aux actions de coop\u00e9ration (r\u00e9alisation de forages) au Burkina Faso entre la Commune de Montmorillon, le Comit\u00e9 de Jumelage Montmorillon-Safan\u00e9, et la commune de Safan\u00e9 ;<\/li>\n<li>5 489 \u20ac \u00e0 SAINT GERMAIN pour la restauration d&rsquo;une chapelle fun\u00e9raire et la cr\u00e9ation d&rsquo;un columbarium ;<\/li>\n<li>6 000 \u20ac \u00e0 la MAISON DES JEUNES ET DE LA CULTURE CLAUDE NOUGARO de MONTMORILLON pour la Mobilit\u00e9 (location de scooters et de v\u00e9los \u00e9lectriques) ;<\/li>\n<li>9\u00a0942 \u20ac pour l&rsquo;am\u00e9lioration de l&rsquo;habitat de sept Propri\u00e9taires Occupant d&rsquo;un logement situ\u00e9 \u00e0 MONTMORILLON (4), LA TRIMOUILLE, HAIMS, et SAULGE dans le cadre de l&rsquo;AMI de redynamisation des centres bourgs &#8211; Communaut\u00e9 de Communes Vienne et Gartempe &#8211; Programme Habiter Mieux\u00a0;<\/li>\n<li>10 000 \u20ac \u00e0 GRAND POITIERS COMMUNAUTE URBAINE pour le programme de voirie Grand Poitiers (commune de La Puye) ;<\/li>\n<li>10 295 \u20ac \u00e0 l\u2019ECOLE DE MUSIQUE INTERCOMMUNALE DU VAL DE GARTEMPE \u00e0 MONTMORILLON pour le fonctionnement 2018\/2019 ;<\/li>\n<li>11 000 \u20ac \u00e0 MONTMORILLON pour le salon du livre, les 15 et 16 juin 2019 ;<\/li>\n<li>12 000 \u20ac \u00e0 l\u2019ASSOCIATION MISE EN RESEAU FESTIVALS SUR GARTEMPE de MONTMORILLON pour la programmation de concerts de musique de chambre et la mise en r\u00e9seau des festivals R\u00e9sonances de Gartempe 2019 ;<\/li>\n<li>12 848 \u20ac \u00e0 SAINT LEOMER pour la r\u00e9habilitation de b\u00e2timents communaux ;<\/li>\n<li>13 500 \u20ac \u00e0 l\u2019ASSOCIATION JOB 86 de MONTMORILLON pour l&rsquo;Association Interm\u00e9diaire ;<\/li>\n<li>20 000 \u20ac \u00e0 FIGARO SI FIGARO LA pour le soutien \u00e0 la programmation culturelle Figaro Si, Figaro La, de juillet \u00e0 d\u00e9cembre 2019 dans la Communaut\u00e9 de Communes Vienne et Gartempe ;<\/li>\n<li>21 900 \u20ac \u00e0 SAINT SAVIN pour la restructuration du groupe scolaire ;<\/li>\n<li>24 000 \u20ac \u00e0 l\u2019ASSOCIATION JOB 86 de MONTMORILLON pour le chantier d&rsquo;insertion JARD&rsquo;Insolite financ\u00e9 dans le cadre du FSE ;<\/li>\n<li>51\u00a0105,71 \u20ac au COLLEGE SAINT MARTIAL pour l&rsquo;aide aux travaux d&rsquo;investissement 2019 (22\u00a0605,40 \u20ac) et pour la contribution aux d\u00e9penses de fonctionnement mat\u00e9riel et de r\u00e9mun\u00e9ration des personnels techniciens, ouvriers et de service (29\u00a0501,30 \u20ac) ;<\/li>\n<li>57 000 \u20ac au CENTRE DE PLEIN AIR DE LATHUS pour le festival les ImprO&rsquo;bables 2019 (1 500 \u20ac) et pour les trois chantiers d&rsquo;insertion dans les domaines Agricole, Services et Animation financ\u00e9s dans le cadre du FSE (55\u00a0500 \u20ac) ;<\/li>\n<li>75 000 \u20ac \u00e0 l\u2019ABBAYE DE SAINT SAVIN ET VALLEE DES FRESQUES pour la participation statutaire 2019 ;<\/li>\n<li>110 000 \u20ac \u00e0 la COMMUNAUTE DE COMMUNES VIENNE ET GARTEMPE pour le chantier d&rsquo;insertion Emplois Verts (35\u00a0000 \u20ac) et pour la r\u00e9habilitation et extension du p\u00f4le technique de la Communaut\u00e9 de communes Vienne et Gartempe situ\u00e9 \u00e0 La Trimouille (75\u00a0000 \u20ac), MONTMORILLON ;<\/li>\n<\/ul>\n<p>&nbsp;<\/p>\n<p>&nbsp;<\/p>\n","protected":false},"excerpt":{"rendered":"<p>Brigitte ABAUX, Conseill\u00e8re D\u00e9partementale, et Guillaume de RUSS\u00c9, Maire-Honoraire et Pr\u00e9sident D\u00e9l\u00e9gu\u00e9 du Conseil D\u00e9partemental, informent les habitants que les<\/p>\n","protected":false},"author":1,"featured_media":3418,"comment_status":"closed","ping_status":"open","sticky":false,"template":"","format":"standard","meta":[],"categories":[78,92],"tags":[18,25],"_links":{"self":[{"href":"https:\/\/unionpourlavienne.fr\/Union_Vienne_2016\/wordpress\/wp-json\/wp\/v2\/posts\/3430"}],"collection":[{"href":"https:\/\/unionpourlavienne.fr\/Union_Vienne_2016\/wordpress\/wp-json\/wp\/v2\/posts"}],"about":[{"href":"https:\/\/unionpourlavienne.fr\/Union_Vienne_2016\/wordpress\/wp-json\/wp\/v2\/types\/post"}],"author":[{"embeddable":true,"href":"https:\/\/unionpourlavienne.fr\/Union_Vienne_2016\/wordpress\/wp-json\/wp\/v2\/users\/1"}],"replies":[{"embeddable":true,"href":"https:\/\/unionpourlavienne.fr\/Union_Vienne_2016\/wordpress\/wp-json\/wp\/v2\/comments?post=3430"}],"version-history":[{"count":1,"href":"https:\/\/unionpourlavienne.fr\/Union_Vienne_2016\/wordpress\/wp-json\/wp\/v2\/posts\/3430\/revisions"}],"predecessor-version":[{"id":3431,"href":"https:\/\/unionpourlavienne.fr\/Union_Vienne_2016\/wordpress\/wp-json\/wp\/v2\/posts\/3430\/revisions\/3431"}],"wp:featuredmedia":[{"embeddable":true,"href":"https:\/\/unionpourlavienne.fr\/Union_Vienne_2016\/wordpress\/wp-json\/wp\/v2\/media\/3418"}],"wp:attachment":[{"href":"https:\/\/unionpourlavienne.fr\/Union_Vienne_2016\/wordpress\/wp-json\/wp\/v2\/media?parent=3430"}],"wp:term":[{"taxonomy":"category","embeddable":true,"href":"https:\/\/unionpourlavienne.fr\/Union_Vienne_2016\/wordpress\/wp-json\/wp\/v2\/categories?post=3430"},{"taxonomy":"post_tag","embeddable":true,"href":"https:\/\/unionpourlavienne.fr\/Union_Vienne_2016\/wordpress\/wp-json\/wp\/v2\/tags?post=3430"}],"curies":[{"name":"wp","href":"https:\/\/api.w.org\/{rel}","templated":true}]}}