{"id":3432,"date":"2019-06-06T16:32:21","date_gmt":"2019-06-06T15:32:21","guid":{"rendered":"http:\/\/unionpourlavienne.fr\/Union_Vienne_2016\/wordpress\/?p=3432"},"modified":"2019-06-07T16:33:30","modified_gmt":"2019-06-07T15:33:30","slug":"les-subventions-pour-le-canton-de-poitiers-5-32","status":"publish","type":"post","link":"https:\/\/unionpourlavienne.fr\/Union_Vienne_2016\/wordpress\/les-subventions-pour-le-canton-de-poitiers-5-32\/","title":{"rendered":"Les subventions pour le canton de Poitiers 5"},"content":{"rendered":"<p>Jo\u00eblle PELTIER, Maire et Conseill\u00e8re D\u00e9partementale, et Dominique CL\u00c9MENT, Maire et Vice-pr\u00e9sident du Conseil D\u00e9partemental, informent les habitants que les subventions accord\u00e9es par le Conseil D\u00e9partemental, au b\u00e9n\u00e9fice des communes, des associations et des particuliers du canton de Poitiers-5 lors de la Commission Permanente, se d\u00e9composent de la mani\u00e8re suivante\u00a0:<\/p>\n<ul>\n<li>150 \u20ac \u00e0 la SOCIETE D&rsquo;ASTRONOMIE POPULAIRE POITEVINE pour le fonctionnement de l&rsquo;association pour 2019 ;<\/li>\n<li>300 \u20ac au CERCLE POITEVIN DES ARTS pour le fonctionnement de l&rsquo;association pour l&rsquo;ann\u00e9e 2019 ;<\/li>\n<li>300 \u20ac pour la saison sportive 2018\/2019 de Charlotte DEFLANDRE BOLEDA de SAINT BENOIT dans le cadre du Sport de Haut Niveau ;<\/li>\n<li>500 \u20ac \u00e0 l\u2019ASSOCIATION DE MANAGEMENT SPORTIF pour l&rsquo;organisation du Tournoi de Foot Amiti\u00e9 entre les peuples ;<\/li>\n<li>500 \u20ac pour la saison sportive 2018\/2019 de Meline MENAUD de SAINT BENOIT dans le cadre du Sport de Haut Niveau ;<\/li>\n<li>500 \u20ac \u00e0 l\u2018ASSOCIATION LA SESSION VERTE pour l&rsquo;organisation de la manifestation La Session Verte les 21 et 22 septembre 2019 \u00e0 la Filature de LIGUG\u00c9 ;<\/li>\n<li>530 \u20ac \u00e0 la MAISON POUR TOUS DE LIGUGE pour l&rsquo;op\u00e9ration Coup d&rsquo;Jeunes &#8211; 50 ans de la Maison pour Tous ;<\/li>\n<li>600 \u20ac \u00e0 l\u2019ASSOCIATION FOLKLORE ART ET TRADITION de SAINT BENOIT pour l&rsquo;organisation d&rsquo;un gala les 5 et 6 juillet 2019 Salle de la Hune ;<\/li>\n<li>800 \u20ac \u00e0 l\u2019ASSOCIATION EMBUSCADE pour l&rsquo;organisation du festival Picta Lusa autour des cultures actuelles lusophones, \u00e0 Poitiers en novembre 2019 ;<\/li>\n<li>1 000 \u20ac \u00e0 SAINT BENOIT pour le march\u00e9 Les Fleurs de Mai 2019 ;<\/li>\n<li>1 000 \u20ac \u00e0 l\u2019ASSOCIATION BEL AIR JAZZ POUR SAINT BENOIT SWING pour l&rsquo;organisation de la 16<sup>e<\/sup> \u00e9dition de Saint-Beno\u00eet Swing du 26 au 28 septembre 2019 \u00e0 SAINT BENOIT ;<\/li>\n<li>1 000 \u20ac \u00e0 l\u2019ASSOCIATION L&rsquo;ECARQUILLEUR D&rsquo;OREILLES de POITIERS pour le soutien aux Pauses Musicales 2019 \u00e0 Adriers et Champagn\u00e9-Saint-Hilaire avec salon de musique \u00e0 Adriers ;<\/li>\n<li>1 000 \u20ac \u00e0 l\u2019ASSOCIATION L&rsquo;ARBRE POTAGER de POITIERS pour le soutien au festival jeune public Toctoktoq en octobre 2019 \u00e0 Vivonne ;<\/li>\n<li>1 000 \u20ac pour la saison sportive 2018\/2019 de Claire BREN de LIGUG\u00c9 dans le cadre du Sport de Haut Niveau ;<\/li>\n<li>1 500 \u20ac pour la saison sportive 2018\/2019 de Charline BERGER-MARTIN de SAINT BENOIT dans le cadre du Sport de Haut Niveau ;<\/li>\n<li>2 000 \u20ac \u00e0 l\u2019ASSOCIATION NEUVIEME ART EN VIENNE de POITIERS pour le projet 2019 Rencontres du 9\u00e8me type (exposition, prix des coll\u00e9giens, rencontres Regards Crois\u00e9s) ;<\/li>\n<li>3 500 \u20ac \u00e0 MUSIQUE DE POITIERS CEP ECOLE ET ORCHESTRE pour le fonctionnement 2018\/2019 ;<\/li>\n<li>5 000 \u20ac \u00e0 l\u2019ASSOCIATION DES PROFESSEURS D&rsquo;EDUCATION MUSICALE DE L&rsquo;EDUCATION NATIONALE pour l&rsquo;organisation du festival d\u00e9partemental des rencontres chorales scolaires Atout-Choeur 2019 ;<\/li>\n<li>6 000 \u20ac \u00e0 ECOLE DE MUSIQUE DE SAINT BENOIT pour le fonctionnement 2018\/2019 ;<\/li>\n<li>14 000 \u20ac \u00e0 INTERVALLES ECOLE DE MUSIQUE ASSOCIATION VONNE ET CLAIN de LIGUG\u00c9 pour le fonctionnement 2018\/2019 ;<\/li>\n<li>15 000 \u20ac \u00e0 l\u2019ASSOCIATION LE TOIT DU MONDE pour le chantier d&rsquo;insertion Restaurant social ;<\/li>\n<li>15 184 \u20ac au COLLEGE PIERRE DE RONSARD pour le fonds commun des services d&rsquo;h\u00e9bergement (4\u00a0884 \u20ac) et pour le programme de grosses r\u00e9parations, d&rsquo;entretien et d&rsquo;\u00e9quipement (10\u00a0300 \u20ac) ;<\/li>\n<li>26 200 \u20ac \u00e0 LIGUGE pour l&rsquo;acquisition du b\u00e2timent de la Poste ;<\/li>\n<li>27 000 \u20ac \u00e0 CAPEE COMITE ALTERNATIF POITEVIN ENTRAIDE ET EMPLOI de POITIERS pour la r\u00e9flexion sur le secteur de l&rsquo;IAE au sein des SIAE du D\u00e9partement (2\u00a0000 \u20ac), pour l&rsquo;animation du r\u00e9seau CAPEE (5\u00a0000, pour l&rsquo;appui aux structures apprenantes sur GP40 dans le cadre des SIAE (10\u00a0000 \u20ac), et pour l&rsquo;\u00e9tude de pr\u00e9figuration de la d\u00e9marche TZCLD (Territoire Z\u00e9ro Ch\u00f4meurs Longue Dur\u00e9e) sur des territoires de Grand Poitiers (10\u00a0000 \u20ac) ;<\/li>\n<li>44 000 \u20ac \u00e0 l\u2019ASSOCIATION DU CENTRE SOCIO CULTUREL DE LA BLAISERIE pour le P\u00f4le Mobilit\u00e9 de Poitiers financ\u00e9 dans le cadre du FSE ;<\/li>\n<li>57 000 \u20ac \u00e0 l\u2019ASSOCIATION POURQUOI PAS LA RUCHE pour l&rsquo;\u00e9quipement en mat\u00e9riel et mobiliser des deux Chantiers d&rsquo;insertion : la boutique Couleur Miel et le restaurant Aux quatr&rsquo;Epices (10\u00a0000 \u20ac)et pour les deux Chantiers d&rsquo;insertion : la boutique Couleur Miel et le restaurant Aux quatr&rsquo;Epices (47\u00a0000 \u20ac) ;<\/li>\n<li>198\u00a0337 \u20ac \u00e0 GRAND POITIERS COMMUNAUTE URBAINE pour le programme de voirie Grand Poitiers (commune de Saint Beno\u00eet 72\u00a0754 \u20ac et Ligug\u00e9 124\u00a0583 \u20ac).<\/li>\n<\/ul>\n<p>&nbsp;<\/p>\n<p>&nbsp;<\/p>\n","protected":false},"excerpt":{"rendered":"<p>Jo\u00eblle PELTIER, Maire et Conseill\u00e8re D\u00e9partementale, et Dominique CL\u00c9MENT, Maire et Vice-pr\u00e9sident du Conseil D\u00e9partemental, informent les habitants que les<\/p>\n","protected":false},"author":1,"featured_media":3418,"comment_status":"closed","ping_status":"open","sticky":false,"template":"","format":"standard","meta":[],"categories":[81,92],"tags":[22,31],"_links":{"self":[{"href":"https:\/\/unionpourlavienne.fr\/Union_Vienne_2016\/wordpress\/wp-json\/wp\/v2\/posts\/3432"}],"collection":[{"href":"https:\/\/unionpourlavienne.fr\/Union_Vienne_2016\/wordpress\/wp-json\/wp\/v2\/posts"}],"about":[{"href":"https:\/\/unionpourlavienne.fr\/Union_Vienne_2016\/wordpress\/wp-json\/wp\/v2\/types\/post"}],"author":[{"embeddable":true,"href":"https:\/\/unionpourlavienne.fr\/Union_Vienne_2016\/wordpress\/wp-json\/wp\/v2\/users\/1"}],"replies":[{"embeddable":true,"href":"https:\/\/unionpourlavienne.fr\/Union_Vienne_2016\/wordpress\/wp-json\/wp\/v2\/comments?post=3432"}],"version-history":[{"count":1,"href":"https:\/\/unionpourlavienne.fr\/Union_Vienne_2016\/wordpress\/wp-json\/wp\/v2\/posts\/3432\/revisions"}],"predecessor-version":[{"id":3433,"href":"https:\/\/unionpourlavienne.fr\/Union_Vienne_2016\/wordpress\/wp-json\/wp\/v2\/posts\/3432\/revisions\/3433"}],"wp:featuredmedia":[{"embeddable":true,"href":"https:\/\/unionpourlavienne.fr\/Union_Vienne_2016\/wordpress\/wp-json\/wp\/v2\/media\/3418"}],"wp:attachment":[{"href":"https:\/\/unionpourlavienne.fr\/Union_Vienne_2016\/wordpress\/wp-json\/wp\/v2\/media?parent=3432"}],"wp:term":[{"taxonomy":"category","embeddable":true,"href":"https:\/\/unionpourlavienne.fr\/Union_Vienne_2016\/wordpress\/wp-json\/wp\/v2\/categories?post=3432"},{"taxonomy":"post_tag","embeddable":true,"href":"https:\/\/unionpourlavienne.fr\/Union_Vienne_2016\/wordpress\/wp-json\/wp\/v2\/tags?post=3432"}],"curies":[{"name":"wp","href":"https:\/\/api.w.org\/{rel}","templated":true}]}}