{"id":3434,"date":"2019-06-06T16:33:38","date_gmt":"2019-06-06T15:33:38","guid":{"rendered":"http:\/\/unionpourlavienne.fr\/Union_Vienne_2016\/wordpress\/?p=3434"},"modified":"2019-06-07T16:35:47","modified_gmt":"2019-06-07T15:35:47","slug":"les-subventions-pour-le-canton-de-vivonne-35","status":"publish","type":"post","link":"https:\/\/unionpourlavienne.fr\/Union_Vienne_2016\/wordpress\/les-subventions-pour-le-canton-de-vivonne-35\/","title":{"rendered":"Les subventions pour le canton de Vivonne"},"content":{"rendered":"<p>Rose-Marie BERTAUD, Vice-pr\u00e9sidente du Conseil D\u00e9partemental, et Gilbert BEAUJANEAU, Maire et Vice-pr\u00e9sident du Conseil D\u00e9partemental, informent les habitants que les subventions accord\u00e9es par le Conseil D\u00e9partemental, au b\u00e9n\u00e9fice des communes, des associations et des particuliers du canton de Vivonne lors de la Commission Permanente, se d\u00e9composent de la mani\u00e8re suivante\u00a0:<\/p>\n<ul>\n<li>150 \u20ac pour l&rsquo;aide \u00e0 l&rsquo;installation d&rsquo;un kit de r\u00e9ception Internet par technologie WiMax \u00e0 CHATEAU LARCHER ;<\/li>\n<li>300 \u20ac \u00e0 une \u00e9tudiante de MARNAY pour le dispositif Campus Mouv&rsquo;86 (Royaume Uni) ;<\/li>\n<li>300 \u20ac pour la saison sportive 2018\/2019 de Camille VIAUD dans le cadre du Sport de Haut Niveau (Motocyclisme);<\/li>\n<li>300 \u20ac pour la saison sportive 2018-2019 de Clara PAGNIER des ROCHES PREMARIE ANDILLE en sport de Haut Niveau tir carabine (Tir);<\/li>\n<li>320 \u20ac \u00e0 l\u2019ASSOCIATION LES ROCHES EN FLECHE pour l&rsquo;achat de mat\u00e9riel de tir adapt\u00e9 aux normes de s\u00e9curit\u00e9 ;<\/li>\n<li>400 \u20ac \u00e0 l\u2019ASSOCIATION ENTENTE CHATEAU LARCHER ANIMATIONS pour l&rsquo;organisation d&rsquo;une manifestation intitul\u00e9e F\u00e9\u00e9rie de No\u00ebl, le 7 d\u00e9cembre 20198 ;<\/li>\n<li>400 \u20ac \u00e0 l\u2019AMICALE RETRO VELO pour l&rsquo;organisation d&rsquo;une randonn\u00e9e de v\u00e9los anciens, le 27 avril 2019 sur les routes de la commune de LA VILLEDIEU DU CLAIN ;<\/li>\n<li>425 \u20ac \u00e0 l\u2019ASSOCIATION DES PARENTS D&rsquo;ELEVES LES MARCASSOUS pour la diffusion culturelle du spectacle Singulier Pluriel pr\u00e9sent\u00e9 par Quiproquos Th\u00e9\u00e2tre le 19 d\u00e9cembre 2019 \u00e0 CHATEAU LARCHER ;<\/li>\n<li>1 000 \u20ac \u00e0 l\u2019ASSOCIATION VILITEUIL TENNIS CLUB pour l&rsquo;organisation de stages et de comp\u00e9titions de tennis pour les 8-18 ans du club, durant la saison 2019 (500 \u20ac) et pour l&rsquo;organisation d&rsquo;un tournoi de tennis double famille, du 8 au 10 juin 2019 \u00e0 Vivonne, Iteuil et Ligug\u00e9 (500 \u20ac) ;<\/li>\n<li>500 \u20ac \u00e0 l\u2019ASSOCIATION BASILIQUE DE MARCAY PATRIMOINE DU LIVRE pour l&rsquo;organisation d&rsquo;une exposition culturelle intitul\u00e9e Histoire de la Presse d&rsquo;Ancien R\u00e9gime, \u00e0 la Basilique de Mar\u00e7ay en septembre 2019 ;<\/li>\n<li>500 \u20ac \u00e0 l\u2019ASSOCIATION LES CHABICHOUS pour l&rsquo;organisation de la 26\u00e8me \u00e9dition des foul\u00e9es de Vernon, le 16 juin 2019 ;<\/li>\n<li>500 \u20ac \u00e0 la FOIRE AUX PRODUITS DU TERROIR pour l&rsquo;organisation de la Foire aux Produits du Terroir, le 13 octobre 2019 \u00e0 MARNAY ;<\/li>\n<li>500 \u20ac pour la saison sportive 2018\/2019 de Stephan MIMAULT de NOUAILLE MAUPERTUIS dans le cadre du Sport de Haut Niveau (Judo);<\/li>\n<li>500 \u20ac pour la saison sportive 2018\/2019 de Teva BALDONI de VIVONNE dans le cadre du Sport de Haut Niveau (Football) ;<\/li>\n<li>600 \u20ac \u00e0 l\u2019ASSOCIATION LA BOULE VIVONNAISE pour l&rsquo;organisation du 2\u00e8me National Triplette mixte et grand prix des 55 ans et plus ;<\/li>\n<li>690 \u20ac au CCAS DE MARCAY pour la diffusion culturelle du spectacle Pas si b\u00eate pr\u00e9sent\u00e9 par Cirque en Sc\u00e8ne le 14 d\u00e9cembre 2019 ;<\/li>\n<li>780 \u20ac \u00e0 l\u2019ASSOCIATION INTERMEDIAIRE L&rsquo;ENVOL pour la diffusion culturelle du spectacle Br\u00e8ves pr\u00e9sent\u00e9 par la compagnie du Gramophone le 14 d\u00e9cembre 2019 \u00e0 SMARVES ;<\/li>\n<li>800 \u20ac au COMITE DE JUMELAGE DE LA REGION DE LA VILLEDIEU DU CLAIN pour l&rsquo;organisationd&rsquo;un camp international de jeunes par le Comit\u00e9 de Jumelage de la R\u00e9gion de LAVILLEDIEU DU CLAIN ;<\/li>\n<li>820 \u20ac pour l&rsquo;am\u00e9lioration de l&rsquo;habitat de deux propri\u00e9taires occupants d&rsquo;un logement situ\u00e9 \u00e0 SMARVES et ITEUIL dans le cadre du Programme Habiter Mieux ;<\/li>\n<li>1 000 \u20ac \u00e0 l\u2019ASSOCIATION ENTENTE CHATEAU LARCHER ANIMATIONS pour l&rsquo;organisation de la 17\u00e8me \u00e9dition de la foire m\u00e9di\u00e9vale de Ch\u00e2teau Larcher, les 14 et 15 septembre 2019 ;<\/li>\n<li>1 000 \u20ac \u00e0 l\u2019ASSOCIATION VIVONNE LOISIRS pour l&rsquo;organisation de courses p\u00e9destres sur le territoire de Vivonne, le 10 mars 2019 avec le Tr\u00e8fle \u00e0 Quatre Feuilles et le 28 septembre 2019 avec les Foul\u00e9es de l&rsquo;Espoir ;<\/li>\n<li>2 000 \u20ac \u00e0 l\u2019ASSOCIATION DREAM KEEPERS LES CHOPEURS DE REVES de CHATEAU LARCHER pour l&rsquo;organisation des rendez-vous des Dreamkeepers 2019 et la Soir\u00e9e de l&rsquo;\u00e9trange ;<\/li>\n<li>2 000 \u20ac \u00e0 ASSOCIATION CANOE KAYAK VIVONNE pour les actions de d\u00e9veloppement de la section sportive cano\u00eb kayak en partenariat avec le coll\u00e8ge de Vivonne ;<\/li>\n<li>2 000 \u20ac \u00e0 L&rsquo;ARANTELLE ASSOCIATION INTERCOMMUNALE D&rsquo;ANIMATION des ROCHES PREMARIE ANDILLE pour la Mobilit\u00e9 ;<\/li>\n<li>4 000 \u20ac \u00e0 l\u2019ASSOCIATION VIENNE EN VOIX de VIVONNE pour l&rsquo;organisation des rendez-vous lyriques 2019 et du projet d&rsquo;\u00e9ducation artistique et culturelle \u00ab\u00a0Du conte \u00e0 l&rsquo;op\u00e9ra par ch\u0153ur\u00a0\u00bb ;<\/li>\n<li>20 000 \u20ac pour quatre accessions \u00e0 la propri\u00e9t\u00e9 du public jeune &#8211; construction d&rsquo;une maison situ\u00e9e aux ROCHES PREMARIES\/ANDILLE, NIEUIL L&rsquo;ESPOIR (2) et LA VILLEDIEU DU CLAIN\u00a0;<\/li>\n<li>21 000 \u20ac \u00e0 l\u2019ASSOCIATION INTERMEDIAIRE L&rsquo;ENVOL de SMARVES pour l&rsquo;Association Interm\u00e9diaire ;<\/li>\n<li>23 000 \u20ac \u00e0 l\u2019ECOLE DE MUSIQUE INTERCOMMUNALE DES VALLEES DU CLAIN \u00e0 NOUAILLE MAUPERTUIS pour le fonctionnement 2018\/2019 ;<\/li>\n<li>24 900 \u20ac \u00e0 MARCAY pour la r\u00e9alisation d&rsquo;un skate park \u00e0 proximit\u00e9 des aires de jeux existantes ;<\/li>\n<li>30 100 \u20ac \u00e0 CHATEAU LARCHER pour la construction des ateliers municipaux ;<\/li>\n<li>254\u00a0913 \u20ac \u00e0 la COMMUNAUTE DE COMMUNES DES VALLEES DU CLAIN pour des travaux de r\u00e9habilitation de l&rsquo;accueil de loisirs sans h\u00e9bergement de Nouaill\u00e9 Maupertuis (70\u00a0000 \u20ac), pour des travaux d&rsquo;am\u00e9nagement de bureaux et d&rsquo;espaces de travail au si\u00e8ge de la Comunaut\u00e9 de Communes (150\u00a0000 \u20ac), pour l&rsquo;acquisition d&rsquo;ordinateurs afin de renouveler le parc informatique des biblioth\u00e8ques du r\u00e9seau intercommunal (1\u00a0813 \u20ac), et pour la saison culturelle 2018\/2019 de la Passerelle, salle intercommunale des Vall\u00e9es du Clain (3\u00a0000 \u20ac).<\/li>\n<\/ul>\n<p>&nbsp;<\/p>\n<p>&nbsp;<\/p>\n<p>&nbsp;<\/p>\n","protected":false},"excerpt":{"rendered":"<p>Rose-Marie BERTAUD, Vice-pr\u00e9sidente du Conseil D\u00e9partemental, et Gilbert BEAUJANEAU, Maire et Vice-pr\u00e9sident du Conseil D\u00e9partemental, informent les habitants que les<\/p>\n","protected":false},"author":1,"featured_media":3418,"comment_status":"closed","ping_status":"open","sticky":false,"template":"","format":"standard","meta":[],"categories":[92,82],"tags":[24,37],"_links":{"self":[{"href":"https:\/\/unionpourlavienne.fr\/Union_Vienne_2016\/wordpress\/wp-json\/wp\/v2\/posts\/3434"}],"collection":[{"href":"https:\/\/unionpourlavienne.fr\/Union_Vienne_2016\/wordpress\/wp-json\/wp\/v2\/posts"}],"about":[{"href":"https:\/\/unionpourlavienne.fr\/Union_Vienne_2016\/wordpress\/wp-json\/wp\/v2\/types\/post"}],"author":[{"embeddable":true,"href":"https:\/\/unionpourlavienne.fr\/Union_Vienne_2016\/wordpress\/wp-json\/wp\/v2\/users\/1"}],"replies":[{"embeddable":true,"href":"https:\/\/unionpourlavienne.fr\/Union_Vienne_2016\/wordpress\/wp-json\/wp\/v2\/comments?post=3434"}],"version-history":[{"count":1,"href":"https:\/\/unionpourlavienne.fr\/Union_Vienne_2016\/wordpress\/wp-json\/wp\/v2\/posts\/3434\/revisions"}],"predecessor-version":[{"id":3435,"href":"https:\/\/unionpourlavienne.fr\/Union_Vienne_2016\/wordpress\/wp-json\/wp\/v2\/posts\/3434\/revisions\/3435"}],"wp:featuredmedia":[{"embeddable":true,"href":"https:\/\/unionpourlavienne.fr\/Union_Vienne_2016\/wordpress\/wp-json\/wp\/v2\/media\/3418"}],"wp:attachment":[{"href":"https:\/\/unionpourlavienne.fr\/Union_Vienne_2016\/wordpress\/wp-json\/wp\/v2\/media?parent=3434"}],"wp:term":[{"taxonomy":"category","embeddable":true,"href":"https:\/\/unionpourlavienne.fr\/Union_Vienne_2016\/wordpress\/wp-json\/wp\/v2\/categories?post=3434"},{"taxonomy":"post_tag","embeddable":true,"href":"https:\/\/unionpourlavienne.fr\/Union_Vienne_2016\/wordpress\/wp-json\/wp\/v2\/tags?post=3434"}],"curies":[{"name":"wp","href":"https:\/\/api.w.org\/{rel}","templated":true}]}}