{"id":3436,"date":"2019-06-06T16:35:53","date_gmt":"2019-06-06T15:35:53","guid":{"rendered":"http:\/\/unionpourlavienne.fr\/Union_Vienne_2016\/wordpress\/?p=3436"},"modified":"2019-06-07T16:36:46","modified_gmt":"2019-06-07T15:36:46","slug":"les-subventions-pour-le-canton-de-vouneuil-sous-biard-36","status":"publish","type":"post","link":"https:\/\/unionpourlavienne.fr\/Union_Vienne_2016\/wordpress\/les-subventions-pour-le-canton-de-vouneuil-sous-biard-36\/","title":{"rendered":"Les subventions pour le canton de Vouneuil-sous-Biard"},"content":{"rendered":"<p>Claudie FAUCHER, Conseill\u00e8re D\u00e9partementale, et Benoit COQUELET, Vice-pr\u00e9sident du Conseil D\u00e9partemental, informent les habitants que les subventions accord\u00e9es par le Conseil D\u00e9partemental, au b\u00e9n\u00e9fice des communes, des associations et des particuliers du canton de Vouneuil-sous-Biard lors de la Commission Permanente, se d\u00e9composent de la mani\u00e8re suivante\u00a0:<\/p>\n<ul>\n<li>100 \u20ac \u00e0 l\u2019ASSOCIATION BERUGES SPORT NATURE pour l&rsquo;organisation du trail de l&rsquo;oppidum \u00e0 B\u00e9ruges le dimanche 21 avril 2019 ;<\/li>\n<li>120 \u20ac pour l&rsquo;aide \u00e0 l&rsquo;installation d&rsquo;un kit de r\u00e9ception Internet par technologie Wimax \u00e0 VOUILLE ;<\/li>\n<li>150 \u20ac \u00e0 l\u2019ASSOCIATION POUR LES LOISIRS DE LA MAISON D&rsquo;ACCUEIL SPECIALISEE de VOUILLE pour le fonctionnement de l&rsquo;association pour l&rsquo;ann\u00e9e 2019 ;<\/li>\n<li>150 \u20ac \u00e0 l\u2019ASSOCIATION VOUILLE BADMINTON pour le fonctionnement de l&rsquo;association pour l&rsquo;ann\u00e9e 2019 ;<\/li>\n<li>150 \u20ac \u00e0 l\u2019ASSOCIATION DIAMOND GIRL de VOUILLE pour l&rsquo;organisation d&rsquo;un spectacle de fin d&rsquo;ann\u00e9e \u00e0 Vouneuil-sous-Biard le 12 juin 2019 ;<\/li>\n<li>200 \u20ac \u00e0 l\u2019UNION VELOCIPEDIQUE POITEVINE pour l&rsquo;organisation de la 9\u00e8me \u00e9dition du cyclo-cross de Vouneuil-sous-Biard le samedi 26 octobre 2019 ;<\/li>\n<li>500 \u20ac \u00e0 l\u2019ASSOCIATION VOUILLE VOLLEY BALL pour le d\u00e9placement \u00e0 Nantes pour assister \u00e0 un match de volley-ball dans le cadre des phases finales de l&rsquo;Euro 2019 ;<\/li>\n<li>500 \u20ac au COMITE DE JUMELAGE DE VOUILLE pour l&rsquo;organisation d&rsquo;un d\u00e9placement \u00e0 Braunsback en Allemagne en juin 2019 ;<\/li>\n<li>500 \u20ac pour la saison sportive 2018\/2019 de Marielle JOUSSEAUME de QUINCAY dans le cadre du Sport de Haut Niveau ;<\/li>\n<li>500 \u20ac pour la saison sportive 2018\/2019 de Khelian BAUBANT de VOUNEUIL SOUS BIARD dans le cadre du Sport de Haut Niveau ;<\/li>\n<li>500 \u20ac pour la saison sportive 2018\/2019 de Paco MATHIS MARINHO de VOUNEUIL SOUS BIARD dans le cadre du Sport de Haut Niveau ;<\/li>\n<li>700 \u20ac \u00e0 l\u2019OCCE 86 COOPERATIVE SCOLAIRE ECOLE D&rsquo;AYRON pour le 16<sup>e<\/sup> salon du livre jeunesse les 2 et 3 mai 2019 ;<\/li>\n<li>900 \u20ac au COLLEGE PRIVE NOTRE DAME DE LA CHAUME AEP LA CHAUME pour la diffusion culturelle du spectacle Cornette pr\u00e9sent\u00e9 par Cornette le 3 juin 2019 \u00e0 VOUILLE ;<\/li>\n<li>1 000 \u20ac \u00e0 l\u2019ASSOCIATION CITE DES TANNEURS de BOIVRE LA VALLEE pour les rencontres des histoires du cuir d&rsquo;avril \u00e0 octobre 2019 ;<\/li>\n<li>1 000 \u20ac \u00e0 l\u2019ASSOCIATION QUINTUS VOX de QUINCAY pour l&rsquo;organisation de Balade en Voix 2019 ;<\/li>\n<li>1 100 \u20ac au COMITE BERUGES EN FETES pour la diffusion culturelle du spectacle Jour de f\u00eate pr\u00e9sent\u00e9 par Diall\u00e8le le 12 octobre 2019 ;<\/li>\n<li>1 500 \u20ac \u00e0 CHIRE EN MONTREUIL pour la saison culturelle 2018-2019 au Pressoir et au Ch\u00e2teau ;<\/li>\n<li>1 771 \u20ac \u00e0 l\u2019ASSOCIATION QUINCAY LOISIRS pour le fonctionnement 2018\/2019 de la section musique ;<\/li>\n<li>1 800 \u20ac pour l&rsquo;am\u00e9lioration de l&rsquo;habitat de trois propri\u00e9taires occupants d&rsquo;un logement situ\u00e9 \u00e0 CHALANDRAY et LAVAUSSEAU (2) dans le cadre du Programme Habiter Mieux ;<\/li>\n<li>2 000 \u20ac \u00e0 VOUNEUIL SOUS BIARD pour la saison culturelle 2019 (salle R2B et Th\u00e9\u00e2tre de verdure) ;<\/li>\n<li>2 142 \u20ac au CENTRE SOCIO CULTUREL DU PAYS VOUGLAISIEN LA CASE pour le fonctionnement 2018\/2019 de la section musique ;<\/li>\n<li>2 500 \u20ac \u00e0 l\u2019ASSOCIATION CONCERTS EN NOS VILLAGES de QUINCAY pour l&rsquo;organisation d&rsquo;une saison de concerts et de deux festivals de musique de chambre dans le Haut-Poitou, de juin \u00e0 septembre 2019 ;<\/li>\n<li>4 900 \u20ac \u00e0 l\u2019ECOLE DE MUSIQUE L&rsquo;ESPERANCE DE LATILLE pour le fonctionnement 2018\/2019 ;<\/li>\n<li>5 000 \u20ac \u00e0 l\u2019ASSOCIATION FESTI 86 de VOUILLE pour l&rsquo;organisation du 28<sup>e<\/sup> festival de th\u00e9\u00e2tre amateur du 27 au 29 septembre et du 4 au 6 octobre 2019 ;<\/li>\n<li>5 000 \u20ac pour l&rsquo;accession \u00e0 la propri\u00e9t\u00e9 du public jeune &#8211; acquisition d&rsquo;une maison situ\u00e9e \u00e0 CHALANDRAY ;<\/li>\n<li>15 454 \u20ac \u00e0 la SYMPHONIE ECOLE DE MUSIQUE de VOUNEUIL SOUS BIARD pour le fonctionnement 2018\/2019 ;<\/li>\n<li>72 827,96 \u20ac au COLLEGE NOTRE DAME DE LA CHAUME de VOUILLE pour la contribution aux d\u00e9penses de fonctionnement mat\u00e9riel et de r\u00e9mun\u00e9ration des personnels techniciens, ouvriers et de service ;<\/li>\n<li>104 437 \u20ac \u00e0 GRAND POITIERS COMMUNAUTE URBAINE pour le programme de voirie Grand Poitiers (commune de Beruges 24\u00a0792 \u20ac et de Vouneuil sous Biard 79645 \u20ac).<\/li>\n<\/ul>\n<p>&nbsp;<\/p>\n","protected":false},"excerpt":{"rendered":"<p>Claudie FAUCHER, Conseill\u00e8re D\u00e9partementale, et Benoit COQUELET, Vice-pr\u00e9sident du Conseil D\u00e9partemental, informent les habitants que les subventions accord\u00e9es par le<\/p>\n","protected":false},"author":1,"featured_media":3418,"comment_status":"closed","ping_status":"open","sticky":false,"template":"","format":"standard","meta":[],"categories":[92,83],"tags":[16,21],"_links":{"self":[{"href":"https:\/\/unionpourlavienne.fr\/Union_Vienne_2016\/wordpress\/wp-json\/wp\/v2\/posts\/3436"}],"collection":[{"href":"https:\/\/unionpourlavienne.fr\/Union_Vienne_2016\/wordpress\/wp-json\/wp\/v2\/posts"}],"about":[{"href":"https:\/\/unionpourlavienne.fr\/Union_Vienne_2016\/wordpress\/wp-json\/wp\/v2\/types\/post"}],"author":[{"embeddable":true,"href":"https:\/\/unionpourlavienne.fr\/Union_Vienne_2016\/wordpress\/wp-json\/wp\/v2\/users\/1"}],"replies":[{"embeddable":true,"href":"https:\/\/unionpourlavienne.fr\/Union_Vienne_2016\/wordpress\/wp-json\/wp\/v2\/comments?post=3436"}],"version-history":[{"count":1,"href":"https:\/\/unionpourlavienne.fr\/Union_Vienne_2016\/wordpress\/wp-json\/wp\/v2\/posts\/3436\/revisions"}],"predecessor-version":[{"id":3437,"href":"https:\/\/unionpourlavienne.fr\/Union_Vienne_2016\/wordpress\/wp-json\/wp\/v2\/posts\/3436\/revisions\/3437"}],"wp:featuredmedia":[{"embeddable":true,"href":"https:\/\/unionpourlavienne.fr\/Union_Vienne_2016\/wordpress\/wp-json\/wp\/v2\/media\/3418"}],"wp:attachment":[{"href":"https:\/\/unionpourlavienne.fr\/Union_Vienne_2016\/wordpress\/wp-json\/wp\/v2\/media?parent=3436"}],"wp:term":[{"taxonomy":"category","embeddable":true,"href":"https:\/\/unionpourlavienne.fr\/Union_Vienne_2016\/wordpress\/wp-json\/wp\/v2\/categories?post=3436"},{"taxonomy":"post_tag","embeddable":true,"href":"https:\/\/unionpourlavienne.fr\/Union_Vienne_2016\/wordpress\/wp-json\/wp\/v2\/tags?post=3436"}],"curies":[{"name":"wp","href":"https:\/\/api.w.org\/{rel}","templated":true}]}}