{"id":3460,"date":"2019-06-28T13:29:19","date_gmt":"2019-06-28T12:29:19","guid":{"rendered":"http:\/\/unionpourlavienne.fr\/Union_Vienne_2016\/wordpress\/?p=3460"},"modified":"2019-06-28T13:29:19","modified_gmt":"2019-06-28T12:29:19","slug":"vote-de-la-decision-modificative-n-1-5","status":"publish","type":"post","link":"https:\/\/unionpourlavienne.fr\/Union_Vienne_2016\/wordpress\/vote-de-la-decision-modificative-n-1-5\/","title":{"rendered":"Vote de la D\u00e9cision Modificative N\u00b0 1"},"content":{"rendered":"<p><em>Le vote de la D\u00e9cision Modificative N\u00b0 1 (DM1) du Conseil D\u00e9partemental s&rsquo;est d\u00e9roul\u00e9 ce vendredi 28 juin sous la Pr\u00e9sidence de Bruno BELIN et a port\u00e9 sur un ensemble de dossiers, pr\u00e9sent\u00e9s par les Vice-pr\u00e9sidents, dont la plupart sont ici r\u00e9sum\u00e9s.<\/em><\/p>\n<p>&nbsp;<\/p>\n<p><strong><span style=\"color: #ff6600;\">&gt;&gt;&gt;<\/span>\u00a0\u00a0\u00a0\u00a0Henri COLIN,<\/strong> Vice-pr\u00e9sident de la <strong>Commission de l&rsquo;Education, des Coll\u00e8ges, des Transports et des B\u00e2timents <\/strong>a propos\u00e9 d\u2019apporter aux autorisations de programme relatives au Plan B\u00e2timent 2016-2025 les modifications suivantes\u00a0:<\/p>\n<ul>\n<li>augmentation de 55\u00a0000 \u20ac de l\u2019autorisation de programme relative \u00e0 la restauration des salons d\u2019honneur de l\u2019H\u00f4tel du D\u00e9partement portant celle-ci \u00e0 505\u00a0000 \u20ac\u00a0;<\/li>\n<li>r\u00e9duction de 55\u00a0000 \u20ac de l\u2019autorisation de programme relative aux op\u00e9rations de construction des b\u00e2timents des Solidarit\u00e9s d\u00e9partementales portant celle-ci \u00e0 7\u00a0228\u00a0000 \u20ac\u00a0;<\/li>\n<li>d\u00e9finition de nouveaux \u00e9ch\u00e9anciers de cr\u00e9dit de paiement.<\/li>\n<\/ul>\n<p>&nbsp;<\/p>\n<p>&nbsp;<\/p>\n<p><strong><span style=\"color: #ff6600;\">&gt;&gt;&gt;<\/span>\u00a0\u00a0\u00a0\u00a0Benoit COQUELET,<\/strong> Vice-pr\u00e9sident de la <strong>Commission de l&rsquo;Emploi, de l&rsquo;Insertion et des P\u00f4les Economiques<\/strong>, a propos\u00e9 :<\/p>\n<ul>\n<li>d\u2019approuver les termes de la convention d\u2019appui \u00e0 la lutte contre la pr\u00e9carit\u00e9 et d\u2019acc\u00e8s \u00e0 l\u2019emploi \u00e0 conclure avec l\u2019\u00c9tat fixant les engagements r\u00e9ciproques des parties ainsi que le montant pr\u00e9visionnel de la dotation de l\u2019\u00c9tat, et d\u2019inscrire 420\u00a0837 \u20ac en recettes et 420\u00a0837 \u20ac en d\u00e9penses\u00a0;<\/li>\n<li>de l\u2019autoriser \u00e0 signer un avenant N\u00b04 \u00e0 la Convention d\u2019Appui aux Politiques d\u2019Insertion et d\u2019inscrire 327\u00a0000 \u20ac en recettes et 327\u00a0000 \u20ac en d\u00e9penses.<\/li>\n<\/ul>\n<p>&nbsp;<\/p>\n<p>&nbsp;<\/p>\n<p><strong><span style=\"color: #ff6600;\">&gt;&gt;&gt;<\/span>\u00a0\u00a0\u00a0\u00a0Alain FOUCH\u00c9,<\/strong> Conseiller d\u00e9partemental d\u00e9l\u00e9gu\u00e9 aupr\u00e8s du Pr\u00e9sident, charg\u00e9 de <strong>la Culture et de l&rsquo;Ev\u00e8nementiel<\/strong>, a propos\u00e9 d\u2019inscrire en d\u00e9penses et en recettes un montant de 29\u00a0000 \u20ac provenant de la Direction r\u00e9gionale des affaires culturelles Nouvelle- Aquitaine au titre de la num\u00e9risation du fonds Vali\u00e8re (4\u00a0000 \u20ac) et du projets de site Internet commun avec les Archives d\u00e9partementales des Deux-S\u00e8vres (25\u00a0000 \u20ac).<\/p>\n<p>&nbsp;<\/p>\n<p>&nbsp;<\/p>\n<p><strong><span style=\"color: #ff6600;\">&gt;&gt;&gt;<\/span>\u00a0\u00a0\u00a0\u00a0Val\u00e9rie DAUGE,<\/strong> Premi\u00e8re Vice-pr\u00e9sidente charg\u00e9e<strong> des Personnes Ag\u00e9es et des Personnes Handicap\u00e9es<\/strong>, a propos\u00e9 dans le cadre de la Conf\u00e9rence des Financeurs de la Pr\u00e9vention de la Perte d\u2019Autonomie :<\/p>\n<ul>\n<li>d\u2019inscrire en recette une somme de 40 000 \u20ac et en d\u00e9pense une somme de 80 000 \u20ac pour le forfait autonomie\u00a0;<\/li>\n<li>d\u2019inscrire en recettes et en d\u00e9penses une somme de 279\u00a0700 \u20ac pour les aides techniques individuelles et actions collectives de pr\u00e9vention\u00a0;<\/li>\n<li>d\u2019autoriser l\u2019individualisation des cr\u00e9dits sur simple d\u00e9cision de la Conf\u00e9rence des Financeurs dans la limite de 1\u00a0006\u00a0687 \u20ac correspondant au solde disponible du fonds relatif \u00e0 l\u2019acc\u00e8s aux \u00e9quipements et aides techniques individuelles (axe 1) et aux autres actions de pr\u00e9vention (axe 6) notifi\u00e9e par la Caisse Nationale de Solidarit\u00e9 pour l\u2019Autonomie (CNSA) au titre de l\u2019ann\u00e9e 2019 ;<\/li>\n<li>de l\u2019autoriser \u00e0 signer la convention type relative \u00e0 l\u2019octroi d\u2019une subvention pour la mise en place d\u2019actions collectives de pr\u00e9vention de la perte d\u2019autonomie des personnes \u00e2g\u00e9es \u00e0 domicile et\/ou en Etablissement d\u2019H\u00e9bergement pour Personnes Ag\u00e9es D\u00e9pendantes (EHPAD)avec les associations qui seront retenus par la conf\u00e9rence des financeurs de la pr\u00e9vention de la perte d\u2019autonomie (CFPPA) des personnes \u00e2g\u00e9es le 7 octobre 2019 suite \u00e0 la publication de la seconde fen\u00eatre de l\u2019appel \u00e0 candidatures \u00ab\u00a0actions collectives de pr\u00e9vention\u00a0\u00bb dans la limite du fonds relatif \u00e0 l\u2019acc\u00e8s aux \u00e9quipements et aides techniques individuelles et aux autres actions de pr\u00e9vention vers\u00e9 par la CNSA au titre de 2019\u00a0;<\/li>\n<li>de prendre acte que les montants attribu\u00e9s et la liste des op\u00e9rateurs s\u00e9lectionn\u00e9s par la Conf\u00e9rence des Financeurs seront pr\u00e9sent\u00e9s lors d\u2019une prochaine Commission Permanente.<\/li>\n<li>d\u2019approuver le projet de convention D\u00e9partement \u2013 CNSA \u2013 MDPH<\/li>\n<li>d\u2019autoriser la prise en du Conseil D\u00e9partemental \u00e0 signer cette convention\u00a0;<\/li>\n<li>d\u2019inscrire un cr\u00e9dit de 30\u00a0000 \u20ac en recettes et en d\u00e9penses qui seront revers\u00e9es \u00e0 la MDPH\u00a0;<\/li>\n<li>d\u2019inscrire un cr\u00e9dit de 54\u00a0000 \u20ac en recettes et en d\u00e9penses.<\/li>\n<\/ul>\n<p>&nbsp;<\/p>\n<p><strong><span style=\"color: #ff6600;\">&gt;&gt;&gt;<\/span>\u00a0\u00a0\u00a0\u00a0Anne-Florence BOURAT,<\/strong> Conseill\u00e8re d\u00e9partementale d\u00e9l\u00e9gu\u00e9e aupr\u00e8s du Pr\u00e9sident charg\u00e9e des <strong>Politiques de Sant\u00e9<\/strong>, a propos\u00e9\u00a0:<\/p>\n<ul>\n<li>de r\u00e9pondre \u00e0 la probl\u00e9matique de l\u2019installation des professionnels de sant\u00e9 sur le territoire par la cr\u00e9ation d\u2019un dispositif appel\u00e9 \u00ab\u00a0Aides \u00e0 l\u2019installation\u00a0\u00bb, dispositif mixte fusionnant le dispositif d\u2019aide au d\u00e9marrage (aide forfaitaire) et d\u2019aide \u00e0 l\u2019investissement, au choix du b\u00e9n\u00e9ficiaire\u00a0;<\/li>\n<li>de cr\u00e9er, dans les zones d\u00e9finies par la Mission sant\u00e9 apr\u00e8s consultation des \u00e9lus locaux concern\u00e9s et des autorit\u00e9s sanitaires, une aide au d\u00e9marrage d\u2019activit\u00e9 de soins d\u2019un montant forfaitaire de 8000 \u20ac\u00a0;<\/li>\n<li>d\u2019inscrire un cr\u00e9dit de 40\u00a0000 \u20ac afin d\u2019aider cinq personnes sur l\u2019ann\u00e9e 2019.<\/li>\n<\/ul>\n<p>&nbsp;<\/p>\n<p>&nbsp;<\/p>\n<p><strong><span style=\"color: #ff6600;\">&gt;&gt;&gt;<\/span>\u00a0\u00a0\u00a0\u00a0Jean-Olivier GEOFROY,<\/strong> Vice-pr\u00e9sident de la <strong>Commission de l&rsquo;Agriculture et de la Ruralit\u00e9<\/strong>, a propos\u00e9, dans le cadre de la politique agricole et d\u2019am\u00e9nagement foncier, de cr\u00e9er une nouvelle autorisation de programme 2019\/1 relative aux op\u00e9rations d\u2019am\u00e9nagement foncier d\u00e9partementales d\u2019un montant de 700\u00a0000 \u20ac et d\u2019en approuver l\u2019\u00e9ch\u00e9ancier de paiement.<\/p>\n<p>&nbsp;<\/p>\n<p>&nbsp;<\/p>\n<p><strong><span style=\"color: #ff6600;\">&gt;&gt;&gt;<\/span>\u00a0\u00a0\u00a0\u00a0S\u00e9verine SAINT-P\u00c9,<\/strong> Vice-pr\u00e9sidente charg\u00e9e de l\u2019<strong>Am\u00e9nagement Num\u00e9rique, <\/strong>a propos\u00e9\u00a0:<\/p>\n<ul>\n<li>de retenir la proposition d\u2019Orange d\u2019un d\u00e9ploiement sur fonds propres d\u2019un r\u00e9seau fibre permettant d\u2019aboutir \u00e0 une couverture tr\u00e8s haut d\u00e9bit compl\u00e8te du d\u00e9partement\u00a0;<\/li>\n<li>de poursuivre l\u2019accompagnement des particuliers aux offres alternatives et aux r\u00e9seaux filaires du march\u00e9, c\u2019est-\u00e0-dire toute offre permettant un acc\u00e8s Internet Haut d\u00e9bit par une technologie d\u00e9di\u00e9e (satellite, Wimax, quatre j\u2019ai fixe,\u2026) n\u00e9cessitant un investissement mat\u00e9riel et\/ou une pause complexe (les abonnements de t\u00e9l\u00e9phonie mobile \u00e9tant pas inclus)\u00a0;<\/li>\n<li>de ramener, en tenant compte de la mise en \u0153uvre du dispositif de coh\u00e9sion num\u00e9rique par l\u2019\u00c9tat, le montant de la subvention du d\u00e9partement \u00e0 150 \u20ac maximum sur justificatifs de la d\u00e9pense\u00a0;<\/li>\n<li>de mettre en \u0153uvre ce nouveau processus \u00e0 la Commission Permanente du 5 septembre 2019, le temps de pr\u00e9venir les op\u00e9rateurs du march\u00e9 et les tiers impliqu\u00e9s des modifications op\u00e9r\u00e9es.<\/li>\n<\/ul>\n<p>&nbsp;<\/p>\n<p>&nbsp;<\/p>\n<p><strong><span style=\"color: #ff6600;\">&gt;&gt;&gt;<\/span>\u00a0\u00a0\u00a0\u00a0Gilbert BEAUJANEAU, <\/strong>Vice-pr\u00e9sident charg\u00e9 <strong>des Routes<\/strong>, a propos\u00e9\u00a0:<\/p>\n<ul>\n<li>d\u2019inscrire une dotation de 2,5 millions d\u2019euros au budget dans la section \u00ab\u00a0investissement\u00a0\u00bb, au titre de l\u2019action \u00ab\u00a0entretien pr\u00e9ventif et grosses r\u00e9parations\u00a0\u00bb, pour financer les op\u00e9rations d\u2019un programme suppl\u00e9mentaire\u00a0;<\/li>\n<li>en ce qui concerne la section de Fonctionnement, de proc\u00e9der \u00e0 des virements de cr\u00e9dits, \u00e0 un ajustement d\u2019\u00e9ch\u00e9ancier d\u2019autorisation de programme.<\/li>\n<\/ul>\n<p>&nbsp;<\/p>\n<p>&nbsp;<\/p>\n<p><strong><span style=\"color: #ff6600;\">&gt;&gt;&gt;<\/span>\u00a0\u00a0\u00a0\u00a0Pascale GUITTET,<\/strong> Vice-pr\u00e9sidente charg\u00e9e<strong> de la Jeunesse et des Sports<\/strong>, a propos\u00e9 de l\u2019autoriser \u00e0 pr\u00e9senter un dossier de candidature de camp de base Equipe\/D\u00e9l\u00e9gation au Groupement d\u2019Int\u00e9r\u00eat Public France 2023 avant le 1<sup>er<\/sup> juillet 2019 pour la Coupe du Monde de Rugby 2023 en France.<\/p>\n<p>&nbsp;<\/p>\n<p>&nbsp;<\/p>\n<p><strong><span style=\"color: #ff6600;\">&gt;&gt;&gt;<\/span>\u00a0\u00a0\u00a0\u00a0Guillaume de RUSS\u00c9, <\/strong>Pr\u00e9sident-d\u00e9l\u00e9gu\u00e9 charg\u00e9<strong> des Relations Ext\u00e9rieures, des Grands Projets et des Fonds Europ\u00e9ens<\/strong>, a propos\u00e9\u00a0;<\/p>\n<ul>\n<li>de l\u2019autoriser \u00e0 inscrire la somme de 18\u00a0000 \u20ac correspondant l\u2019accueil de maires burkinab\u00e9 pour leur participation aux Assises Sah\u00e9liennes de la Coop\u00e9ration D\u00e9centralis\u00e9e les 10 et 11 octobre 2019, dans le d\u00e9partement de la Vienne.<\/li>\n<li>d\u2019inscrire en d\u00e9penses et en recettes, la somme de 48\u00a0110 \u20ac correspondant au montant de chacun de ces trois projets : traitement des d\u00e9chets en Ha\u00efti, Congr\u00e8s Mondial Acadien, et \u00e9change de jeunes avec le Togo.<\/li>\n<\/ul>\n<p>&nbsp;<\/p>\n<p>&nbsp;<\/p>\n<p><strong><span style=\"color: #ff6600;\">&gt;&gt;&gt;<\/span>\u00a0\u00a0\u00a0\u00a0Alain PICHON, <\/strong>Vice-pr\u00e9sident de la <strong>Commission du Logement et de l&rsquo;Environnement<\/strong>, a propos\u00e9 :<\/p>\n<ul>\n<li>d\u2019inscrire 50\u00a0000 \u20ac de cr\u00e9dits suppl\u00e9mentaires pour l\u2019\u00e9laboration du Bilan Carbone du patrimoine et des services du D\u00e9partement de la Vienne\u00a0;<\/li>\n<li>d\u2019approuver l\u2019\u00e9laboration du plan SEVE \u2013 Strat\u00e9gie et Engagement de la Vienne en Environnement.<\/li>\n<\/ul>\n<p>&nbsp;<\/p>\n<p>&nbsp;<\/p>\n<p><strong><span style=\"color: #ff6600;\">&gt;&gt;&gt;<\/span>\u00a0\u00a0\u00a0\u00a0Claude EIDELSTEIN, <\/strong>Rapporteur G\u00e9n\u00e9ral du Budget, Pr\u00e9sident de la <strong>Commission des Finances et de l&rsquo;Optimisation de la D\u00e9pense Publique<\/strong>, a propos\u00e9\u00a0:<\/p>\n<ul>\n<li>de prendre acte du rapport financier et du rapport d\u2019activit\u00e9s des services pour l\u2019ann\u00e9e 2018, en application de l\u2019article L 3121-21 du Code G\u00e9n\u00e9ral des Collectivit\u00e9s Territoriales\u00a0;<\/li>\n<li>d\u2019approuver la modification du tableau d\u2019amortissement de l\u2019avance de 7,5 millions d\u2019euros, remboursable sur 12 ans, au taux fixe de 4,5 %, destin\u00e9e au financement de la r\u00e9habilitation de l\u2019h\u00f4tel du Futuroscope en proc\u00e9dant \u00e0 un remboursement de capital de 1,5 millions d\u2019euros en 2019 et de 750\u00a0000 \u20ac en 2020, \u00e9tant pr\u00e9cis\u00e9 que cette op\u00e9ration permettrait de rembourser au budget principal c\u2019est emprunt d\u00e9finitivement en 2020\u00a0;<\/li>\n<li>de donner acte au Payeur d\u00e9partemental de la Vienne du compte de gestion 2018\u00a0;<\/li>\n<li>d\u2019adopter le compte administratif 2018\u00a0;<\/li>\n<li>de proc\u00e9der \u00e0 l\u2019affectation du r\u00e9sultat de fonctionnement 2018 au compte 1068 &#8211; exc\u00e9dent de fonctionnement capitalis\u00e9 afin de financer les d\u00e9penses de la section d\u2019investissement pour les montants suivants\u00a0: 2\u00a0500\u00a0000 \u20ac pour le Budget principal, et 115\u00a0000 \u20ac pour le Budget annexe Futuroscope Palais des Congr\u00e8s \u2013 Ar\u00e9na.<\/li>\n<li>de cl\u00f4turer diverses autorisations de programme et les autorisations d\u2019engagement.<\/li>\n<\/ul>\n<p>&nbsp;<\/p>\n<p>Le projet de D\u00e9cision Modificative N\u00b0 1 (DM1) pour l&rsquo;ann\u00e9e 2019, outre les reports de cr\u00e9dits en d\u00e9penses et en recettes engag\u00e9s, int\u00e8gre la reprise des r\u00e9sultats de l&rsquo;exercice 2018. Il comporte par ailleurs plusieurs propositions nouvelles et des virements de cr\u00e9dits comme susmentionn\u00e9.<\/p>\n<p>&nbsp;<\/p>\n<p>Cette D\u00e9cision Modificative fait l\u2019objet d\u2019inscription de d\u00e9penses compens\u00e9es par des recettes \u00e9quivalentes et de quelques d\u00e9penses nouvelles\u00a0:<\/p>\n<ul>\n<li><u>En fonctionnement :<\/u><\/li>\n<\/ul>\n<h3><u><\/u>D\u00e9penses compens\u00e9es par des recettes :<\/h3>\n<p style=\"padding-left: 30px;\">420\u00a0837 \u20ac pour le plan pauvret\u00e9 financ\u00e9s par une subvention de l\u2019\u00c9tat,<\/p>\n<p style=\"padding-left: 30px;\">327\u00a0000 \u20ac pour l\u2019insertion financ\u00e9s par le Fonds d\u2019appui aux politiques d\u2019insertion (FAPI) ;<\/p>\n<p style=\"padding-left: 30px;\">279\u00a0700 \u20ac pour le financement des actions pr\u00e9vues par la loi relative \u00e0 l\u2019adaptation de la soci\u00e9t\u00e9 au vieillissement (ASV) financ\u00e9s par une dotation suppl\u00e9mentaire de la Caisse Nationale de Solidarit\u00e9 pour l\u2019Autonomie (CNSA),<\/p>\n<p style=\"padding-left: 30px;\">84\u00a0000 \u20ac pour la MDPH dont 30\u00a0000 \u20ac pour son syst\u00e8me d\u2019Information financ\u00e9s par la CNSA,<\/p>\n<p style=\"padding-left: 30px;\">80\u00a0000 \u20ac pour le forfait autonomie financ\u00e9 par l\u2019\u00c9tat \u00e0 hauteur de 40\u00a0000 \u20ac au titre de reliquats 2018,<\/p>\n<p style=\"padding-left: 30px;\">48\u00a0110 \u20ac pour diverses aux op\u00e9rations de coop\u00e9ration d\u00e9centralis\u00e9e financ\u00e9es par le minist\u00e8re des Affaires Etrang\u00e8res dans le cadre d\u2019un appel \u00e0 projets,<\/p>\n<p style=\"padding-left: 30px;\">19\u00a0000 \u20ac pour la num\u00e9risation d\u2019un fonds des archives et 10\u00a0000 \u20ac pour l\u2019acquisition de logiciels pour le site des archives communs aux Deux-S\u00e8vres et \u00e0 la Vienne financ\u00e9e par une subvention de la Direction R\u00e9gionale des Affaires Culturelles,<\/p>\n<p style=\"padding-left: 30px;\">33\u00a0000 \u20ac pour l\u2019annulation d\u2019un titre de recettes \u00e9mis en 2018 suite \u00e0 une erreur de tiers, compens\u00e9s par l\u2019\u00e9mission de nouveaux titres.<\/p>\n<p>&nbsp;<\/p>\n<h3>D\u00e9penses nouvelles\u00a0:<\/h3>\n<p style=\"padding-left: 30px;\">40\u00a0000 \u20ac pour abonder le plan sant\u00e9,<\/p>\n<p style=\"padding-left: 30px;\">180\u00a0000 \u20ac pour des subventions de fonctionnement au titre de l\u2019action sociale, de l\u2019action culturelle, de l\u2019Agriculture, de la jeunesse et des sports, de l\u2019environnement et du Logement,<\/p>\n<p style=\"padding-left: 30px;\">50\u00a0000 \u20ac pour financer l\u2019exposition pr\u00e9vue dans le cadre de l\u2019\u00e9v\u00e9nement \u00ab\u00a0Travers\u00e9es\u00a0\u00bb (Palais de Justice),<\/p>\n<p style=\"padding-left: 30px;\">50\u00a0000 \u20ac pour financer une \u00e9tude carbone dans le cadre du plan SEVE,<\/p>\n<p style=\"padding-left: 30px;\">43\u00a0000 \u20ac pour financer les Assises du Sahel dont 25\u00a0000 \u20ac de reliquats de cr\u00e9dits 2018.<\/p>\n<p>&nbsp;<\/p>\n<ul>\n<li><u>En investissement<\/u><\/li>\n<\/ul>\n<p style=\"padding-left: 30px;\">2\u00a0500\u00a0000 \u20ac pour le programme exceptionnel de voirie financ\u00e9s par une affectation du r\u00e9sultat de fonctionnement 2018,<\/p>\n<p style=\"padding-left: 30px;\">224\u00a0800 \u20ac de travaux de voirie financ\u00e9s par divers partenaires.<\/p>\n<p>&nbsp;<\/p>\n<p>Apr\u00e8s le vote de la DM1, S\u00e9verine SAINT-P\u00c9 a pr\u00e9sent\u00e9<a href=\"https:\/\/unionpourlavienne.fr\/Union_Vienne_2016\/wordpress\/wp-content\/uploads\/2019\/06\/motiondm1-2019.jpg\" target=\"_blank\" rel=\"noopener noreferrer\"> une motion relative au projet de fermeture des services des finances publiques<\/a> dans la Vienne, qui a \u00e9t\u00e9 adopt\u00e9e \u00e0 l\u2019unanimit\u00e9.<\/p>\n<p>&nbsp;<\/p>\n<p>&nbsp;<\/p>\n","protected":false},"excerpt":{"rendered":"<p>Le vote de la DM1 du Conseil D\u00e9partemental s&rsquo;est d\u00e9roul\u00e9 ce vendredi 28 juin sous la Pr\u00e9sidence de Bruno BELIN et a port\u00e9 sur un ensemble de dossiers, pr\u00e9sent\u00e9s par les Vice-pr\u00e9sidents, dont la plupart sont ici r\u00e9sum\u00e9s&#8230;<\/p>\n","protected":false},"author":1,"featured_media":3461,"comment_status":"closed","ping_status":"open","sticky":false,"template":"","format":"standard","meta":[],"categories":[1],"tags":[19],"_links":{"self":[{"href":"https:\/\/unionpourlavienne.fr\/Union_Vienne_2016\/wordpress\/wp-json\/wp\/v2\/posts\/3460"}],"collection":[{"href":"https:\/\/unionpourlavienne.fr\/Union_Vienne_2016\/wordpress\/wp-json\/wp\/v2\/posts"}],"about":[{"href":"https:\/\/unionpourlavienne.fr\/Union_Vienne_2016\/wordpress\/wp-json\/wp\/v2\/types\/post"}],"author":[{"embeddable":true,"href":"https:\/\/unionpourlavienne.fr\/Union_Vienne_2016\/wordpress\/wp-json\/wp\/v2\/users\/1"}],"replies":[{"embeddable":true,"href":"https:\/\/unionpourlavienne.fr\/Union_Vienne_2016\/wordpress\/wp-json\/wp\/v2\/comments?post=3460"}],"version-history":[{"count":1,"href":"https:\/\/unionpourlavienne.fr\/Union_Vienne_2016\/wordpress\/wp-json\/wp\/v2\/posts\/3460\/revisions"}],"predecessor-version":[{"id":3463,"href":"https:\/\/unionpourlavienne.fr\/Union_Vienne_2016\/wordpress\/wp-json\/wp\/v2\/posts\/3460\/revisions\/3463"}],"wp:featuredmedia":[{"embeddable":true,"href":"https:\/\/unionpourlavienne.fr\/Union_Vienne_2016\/wordpress\/wp-json\/wp\/v2\/media\/3461"}],"wp:attachment":[{"href":"https:\/\/unionpourlavienne.fr\/Union_Vienne_2016\/wordpress\/wp-json\/wp\/v2\/media?parent=3460"}],"wp:term":[{"taxonomy":"category","embeddable":true,"href":"https:\/\/unionpourlavienne.fr\/Union_Vienne_2016\/wordpress\/wp-json\/wp\/v2\/categories?post=3460"},{"taxonomy":"post_tag","embeddable":true,"href":"https:\/\/unionpourlavienne.fr\/Union_Vienne_2016\/wordpress\/wp-json\/wp\/v2\/tags?post=3460"}],"curies":[{"name":"wp","href":"https:\/\/api.w.org\/{rel}","templated":true}]}}