{"id":3482,"date":"2019-07-04T09:16:09","date_gmt":"2019-07-04T08:16:09","guid":{"rendered":"http:\/\/unionpourlavienne.fr\/Union_Vienne_2016\/wordpress\/?p=3482"},"modified":"2019-07-05T09:17:09","modified_gmt":"2019-07-05T08:17:09","slug":"les-subventions-pour-le-canton-de-civray-39","status":"publish","type":"post","link":"https:\/\/unionpourlavienne.fr\/Union_Vienne_2016\/wordpress\/les-subventions-pour-le-canton-de-civray-39\/","title":{"rendered":"Les subventions pour le canton de Civray"},"content":{"rendered":"<p>Lydie NOIRAULT, Maire et Conseill\u00e8re D\u00e9partementale, et Jean-Olivier GEOFFROY, Maire et Vice- pr\u00e9sident du Conseil D\u00e9partemental, informent les habitants que les subventions accord\u00e9es par le Conseil D\u00e9partemental, au b\u00e9n\u00e9fice des communes, des associations et des particuliers du canton de Civray lors de la Commission Permanente, se d\u00e9composent de la mani\u00e8re suivante\u00a0:<\/p>\n<ul>\n<li>300 \u20ac \u00e0 l\u2019ASSOCIATION SAVIGNE VTT pour l&rsquo;organisation d&rsquo;une randonn\u00e9e VTT le 29\/09\/2019 ;<\/li>\n<li>300 \u20ac \u00e0 l\u2019ASSOCIATION SUD VIENNE AEROMODELISME de SURIN pour l&rsquo;organisation du meeting annuel du 25\/08\/19 ;<\/li>\n<li>300 \u20ac \u00e0 l\u2019AMICALE DES ANCIENS COMBATTANTS DE MAGNE pour l&rsquo;acquisition d&rsquo;un drapeau regroupant les combattants de la commune ;<\/li>\n<li>321 \u20ac au SERVICE DEPARTEMENTAL D&rsquo;INCENDIE ET DE SECOURS pour le financement du transport des cadets de la s\u00e9curit\u00e9 civile du coll\u00e8ge C. Claudel de Civray vers le SDIS \u00e0 Chasseneuil du Poitou ;<\/li>\n<li>400 \u20ac \u00e0 l\u2019ASSOCIATION CICERONE de CIVRAY pour l&rsquo;action Ateliers parents \/ enfants, dans le cadre des R\u00e9seaux d&rsquo;Ecoute, d&rsquo;Appui et d&rsquo;Accompagnement des Parents (R.E.A.A.P.) ;<\/li>\n<li>1\u00a0057 \u20ac pour l&rsquo;acquisition de parcelles bois\u00e9es \u00e0 huits habitants de Chauray, Champniers (5) et La Ferri\u00e8re Ayroux (2)\u00a0;<\/li>\n<li>1 900 \u20ac \u00e0 MAGNE pour le remplacement des huisseries ext\u00e9rieures de l&rsquo;\u00e9cole maternelle ;<\/li>\n<li>5 000 \u20ac \u00e0 deux habitants de PAYROUX et BLANZAY pour l&rsquo;accession \u00e0 la propri\u00e9t\u00e9 du public jeune &#8211; acquisition de deux maisons situ\u00e9es \u00e0 CHARROUX et BLANZAY ;<\/li>\n<li>5 000 \u20ac au COMICE AGRICOLE DE CIVRAY pour le 39\u00e8me Comice Agricole de Civray ;<\/li>\n<li>5 800 \u20ac \u00e0 PRESSAC pour la r\u00e9habilitation et la remise aux normes PMR aux sanitaires du Champ de Foire ;<\/li>\n<li>8 338 \u20ac au CCAS DE CHARROUX pour des travaux d&rsquo;am\u00e9nagements et de s\u00e9curit\u00e9 \u00e0 la r\u00e9sidence autonomie de la Tour ;<\/li>\n<li>17 600 \u20ac \u00e0 SAINT MARTIN L&rsquo;ARS pour l&rsquo;acquisition de mat\u00e9riel technique (6 113 \u20ac), pour l&rsquo;am\u00e9nagement des b\u00e2timents communaux (2\u00a0336 \u20ac) et pour le programme de d\u00e9fense incendie (9\u00a0151 \u20ac) ;<\/li>\n<li>14 600 \u20ac \u00e0 SURIN pour des travaux de r\u00e9novation d&rsquo;\u00e9quipements communaux\u00a0;<\/li>\n<li>18 800 \u20ac \u00e0 LA FERRIERE AIROUX pour la cr\u00e9ation d&rsquo;un espace cin\u00e9raire (columbarium, jardin du souvenir, cheminement), et pour l&rsquo;am\u00e9nagement d&rsquo;une aire de jeux et de fitness (6\u00a0000 \u20ac) ;<\/li>\n<li>20 762 \u20ac \u00e0 CHARROUX pour des travaux de r\u00e9novation de l&rsquo;\u00e9glise St Sulpice ;<\/li>\n<li>28 100 \u20ac \u00e0 SAVIGNE pour la r\u00e9fection des fa\u00e7ades du presbyt\u00e8re (14\u00a0050 \u20ac) et pour l&rsquo;acquisition de mat\u00e9riel de voirie (14\u00a0050 \u20ac) ;<\/li>\n<li>35 651,47 \u20ac au COLLEGE JEANNE D&rsquo;ARC pour la contribution aux d\u00e9penses de fonctionnement mat\u00e9riel et de r\u00e9mun\u00e9ration des personnels techniciens, ouvriers et de service.<\/li>\n<\/ul>\n<p>&nbsp;<\/p>\n<p>&nbsp;<\/p>\n<p>&nbsp;<\/p>\n","protected":false},"excerpt":{"rendered":"<p>Lydie NOIRAULT, Maire et Conseill\u00e8re D\u00e9partementale, et Jean-Olivier GEOFFROY, Maire et Vice- pr\u00e9sident du Conseil D\u00e9partemental, informent les habitants que<\/p>\n","protected":false},"author":1,"featured_media":3480,"comment_status":"closed","ping_status":"open","sticky":false,"template":"","format":"standard","meta":[],"categories":[73,92],"tags":[29,32],"_links":{"self":[{"href":"https:\/\/unionpourlavienne.fr\/Union_Vienne_2016\/wordpress\/wp-json\/wp\/v2\/posts\/3482"}],"collection":[{"href":"https:\/\/unionpourlavienne.fr\/Union_Vienne_2016\/wordpress\/wp-json\/wp\/v2\/posts"}],"about":[{"href":"https:\/\/unionpourlavienne.fr\/Union_Vienne_2016\/wordpress\/wp-json\/wp\/v2\/types\/post"}],"author":[{"embeddable":true,"href":"https:\/\/unionpourlavienne.fr\/Union_Vienne_2016\/wordpress\/wp-json\/wp\/v2\/users\/1"}],"replies":[{"embeddable":true,"href":"https:\/\/unionpourlavienne.fr\/Union_Vienne_2016\/wordpress\/wp-json\/wp\/v2\/comments?post=3482"}],"version-history":[{"count":1,"href":"https:\/\/unionpourlavienne.fr\/Union_Vienne_2016\/wordpress\/wp-json\/wp\/v2\/posts\/3482\/revisions"}],"predecessor-version":[{"id":3483,"href":"https:\/\/unionpourlavienne.fr\/Union_Vienne_2016\/wordpress\/wp-json\/wp\/v2\/posts\/3482\/revisions\/3483"}],"wp:featuredmedia":[{"embeddable":true,"href":"https:\/\/unionpourlavienne.fr\/Union_Vienne_2016\/wordpress\/wp-json\/wp\/v2\/media\/3480"}],"wp:attachment":[{"href":"https:\/\/unionpourlavienne.fr\/Union_Vienne_2016\/wordpress\/wp-json\/wp\/v2\/media?parent=3482"}],"wp:term":[{"taxonomy":"category","embeddable":true,"href":"https:\/\/unionpourlavienne.fr\/Union_Vienne_2016\/wordpress\/wp-json\/wp\/v2\/categories?post=3482"},{"taxonomy":"post_tag","embeddable":true,"href":"https:\/\/unionpourlavienne.fr\/Union_Vienne_2016\/wordpress\/wp-json\/wp\/v2\/tags?post=3482"}],"curies":[{"name":"wp","href":"https:\/\/api.w.org\/{rel}","templated":true}]}}