{"id":3484,"date":"2019-07-04T09:17:18","date_gmt":"2019-07-04T08:17:18","guid":{"rendered":"http:\/\/unionpourlavienne.fr\/Union_Vienne_2016\/wordpress\/?p=3484"},"modified":"2019-07-05T09:18:18","modified_gmt":"2019-07-05T08:18:18","slug":"les-subventions-pour-le-canton-de-loudun-37","status":"publish","type":"post","link":"https:\/\/unionpourlavienne.fr\/Union_Vienne_2016\/wordpress\/les-subventions-pour-le-canton-de-loudun-37\/","title":{"rendered":"Les subventions pour le canton de Loudun"},"content":{"rendered":"<p>Marie-Jeanne BELLAMY, Maire et Conseill\u00e8re D\u00e9partementale, et Bruno BELIN, Pr\u00e9sident du Conseil D\u00e9partemental, informent les habitants que les subventions accord\u00e9es par le Conseil D\u00e9partemental, au b\u00e9n\u00e9fice des communes, des associations et des particuliers du canton de Loudun lors de la Commission Permanente, se d\u00e9composent de la mani\u00e8re suivante\u00a0:<\/p>\n<ul>\n<li>100 \u20ac pour l&rsquo;installation d&rsquo;un kit d&rsquo;acc\u00e8s Internet Haut-D\u00e9bit par technologie Wimax \u00e0 LOUDUN ;<\/li>\n<li>300 \u20ac \u00e0 l\u2019ASSOCIATION A KAT VOIX CHORALE DES TROIS MOUTIERS pour l&rsquo;organisation de Soir\u00e9es Cabaret les 16 et 17 novembre 2019 \u00e0 la salle Cantonale des Trois-Moutiers ;<\/li>\n<li>300 \u20ac \u00e0 l\u2019OFFICE DE TOURISME ET SYNDICAT D&rsquo;INITIATIVE DE LOUDUN pour la diffusion de l&rsquo;art et de la Culture au travers d&rsquo;expositions (Biennale de Peinture et de Sculpture, Loudun), en vue d&rsquo;attirer le plus grand nombre de visiteurs ;<\/li>\n<li>300 \u20ac au CENTRE DE MEMOIRE DU LOUDUNAIS pour l&rsquo;organisation d&rsquo;expositions pour tout public et scolaires ;<\/li>\n<li>500 \u20ac \u00e0 l\u2019ASSOCIATION GABRIEL FAURE de LOUDUN pour l&rsquo;organisation du Festival de Jeunes Talents du 15 au 18 Ao\u00fbt 2019 \u00e0 la Coll\u00e9giale Sainte-Croix ;<\/li>\n<li>500 \u20ac \u00e0 l\u2019ASSOCIATION ALCOOL ASSISTANCE LA CROIX D&rsquo;OR de ST LEGER DE MONTBRILLAIS pour le fonctionnement ;<\/li>\n<li>600 \u20ac \u00e0 l\u2019ASSOCIATION LES LOUSTIKS DU VIVIER de CURCAY SUR DIVE pour les actions d&rsquo;animation sportive et nature en relation avec le cheval \u00e0 destination des familles et des enfants en difficult\u00e9 d&rsquo;int\u00e9gration social ;<\/li>\n<li>821 \u20ac pour l&rsquo;acquisition de huit parcelles bois\u00e9es sur la commune de Mazeuil et Derc\u00e9 ;<\/li>\n<li>1 000 \u20ac \u00e0 LOUDUN pour le festival de th\u00e9\u00e2tre Lug&rsquo;en sc\u00e8ne du 23 au 24 ao\u00fbt 2019 ;<\/li>\n<li>1 100 \u20ac \u00e0 l\u2019ASSOCIATION LES AMIS DE THEOPHRASTE RENAUDOT pour l&rsquo;organisation des manifestations 2019 \u00e0 Loudun : prix Renaudot des lyc\u00e9ens, prix Renaudot des benjamins, salon du livre, expositions ;<\/li>\n<li>3 500 \u20ac aux JOURNEES DE L&rsquo;HISTOIRE de MONTS SUR GUESNES pour l&rsquo;organisation de la 11\u00e8me \u00e9dition des Journ\u00e9es de l&rsquo;histoire du 1er au 3 mars 2019 ;<\/li>\n<li>4 100 \u20ac au COLLEGE JOACHIM DU BELLAY pour le programme de grosses r\u00e9parations, d&rsquo;entretien et d&rsquo;\u00e9quipement ;<\/li>\n<li>5 000 \u20ac pour l&rsquo;accession \u00e0 la propri\u00e9t\u00e9 du public jeune &#8211; acquisition d&rsquo;une maison situ\u00e9e sur la commune des TROIS MOUTIERS ;<\/li>\n<li>5 760 \u20ac \u00e0 GLENOUZE pour l&rsquo;acquisition d&rsquo;un tracteur ;<\/li>\n<li>8\u00a0550 \u20ac \u00e0 BERTHEGON pour la restauration du porche et du parvis de l\u2019\u00e9glise\u00a0;<\/li>\n<li>14 800 \u20ac \u00e0 DERCE pour des travaux de voirie ;<\/li>\n<li>15 100 \u20ac \u00e0 SAIRES pour des travaux de voirie ;<\/li>\n<li>15 200 \u20ac \u00e0 PRINCAY pour l&rsquo;am\u00e9nagement du centre bourg ;<\/li>\n<li>16 100 \u20ac \u00e0 LA CHAUSSEE pour des travaux de voirie ;<\/li>\n<li>19 400 \u20ac \u00e0 CHOUPPES pour des travaux de voirie (8\u00a0400 \u20ac) et pour la cr\u00e9ation d&rsquo;une r\u00e9serve \u00e0 incendie au lieu-dit Virecoup\u00e8re (11\u00a0000 \u20ac) ;<\/li>\n<li>20 800 \u20ac \u00e0 SAMMARCOLLES pour la cr\u00e9ation d&rsquo;un terrain multisports ;<\/li>\n<li>20 900 \u20ac \u00e0 CHALAIS pour la r\u00e9novation d&rsquo;un b\u00e2timent communal ;<\/li>\n<li>44 188,31 \u20ac au COLLEGE CHAVAGNES SAINT JOSEPH pour la contribution aux d\u00e9penses de fonctionnement mat\u00e9riel et de r\u00e9mun\u00e9ration des personnels techniciens, ouvriers et de service.<\/li>\n<\/ul>\n<p>&nbsp;<\/p>\n<p>&nbsp;<\/p>\n","protected":false},"excerpt":{"rendered":"<p>Marie-Jeanne BELLAMY, Maire et Conseill\u00e8re D\u00e9partementale, et Bruno BELIN, Pr\u00e9sident du Conseil D\u00e9partemental, informent les habitants que les subventions accord\u00e9es<\/p>\n","protected":false},"author":1,"featured_media":3480,"comment_status":"closed","ping_status":"open","sticky":false,"template":"","format":"standard","meta":[],"categories":[75,92],"tags":[19,33],"_links":{"self":[{"href":"https:\/\/unionpourlavienne.fr\/Union_Vienne_2016\/wordpress\/wp-json\/wp\/v2\/posts\/3484"}],"collection":[{"href":"https:\/\/unionpourlavienne.fr\/Union_Vienne_2016\/wordpress\/wp-json\/wp\/v2\/posts"}],"about":[{"href":"https:\/\/unionpourlavienne.fr\/Union_Vienne_2016\/wordpress\/wp-json\/wp\/v2\/types\/post"}],"author":[{"embeddable":true,"href":"https:\/\/unionpourlavienne.fr\/Union_Vienne_2016\/wordpress\/wp-json\/wp\/v2\/users\/1"}],"replies":[{"embeddable":true,"href":"https:\/\/unionpourlavienne.fr\/Union_Vienne_2016\/wordpress\/wp-json\/wp\/v2\/comments?post=3484"}],"version-history":[{"count":1,"href":"https:\/\/unionpourlavienne.fr\/Union_Vienne_2016\/wordpress\/wp-json\/wp\/v2\/posts\/3484\/revisions"}],"predecessor-version":[{"id":3485,"href":"https:\/\/unionpourlavienne.fr\/Union_Vienne_2016\/wordpress\/wp-json\/wp\/v2\/posts\/3484\/revisions\/3485"}],"wp:featuredmedia":[{"embeddable":true,"href":"https:\/\/unionpourlavienne.fr\/Union_Vienne_2016\/wordpress\/wp-json\/wp\/v2\/media\/3480"}],"wp:attachment":[{"href":"https:\/\/unionpourlavienne.fr\/Union_Vienne_2016\/wordpress\/wp-json\/wp\/v2\/media?parent=3484"}],"wp:term":[{"taxonomy":"category","embeddable":true,"href":"https:\/\/unionpourlavienne.fr\/Union_Vienne_2016\/wordpress\/wp-json\/wp\/v2\/categories?post=3484"},{"taxonomy":"post_tag","embeddable":true,"href":"https:\/\/unionpourlavienne.fr\/Union_Vienne_2016\/wordpress\/wp-json\/wp\/v2\/tags?post=3484"}],"curies":[{"name":"wp","href":"https:\/\/api.w.org\/{rel}","templated":true}]}}