{"id":3511,"date":"2019-07-24T15:10:33","date_gmt":"2019-07-24T14:10:33","guid":{"rendered":"http:\/\/unionpourlavienne.fr\/Union_Vienne_2016\/wordpress\/?p=3511"},"modified":"2019-07-26T15:12:10","modified_gmt":"2019-07-26T14:12:10","slug":"la-vienne-au-congres-mondial-acadien","status":"publish","type":"post","link":"https:\/\/unionpourlavienne.fr\/Union_Vienne_2016\/wordpress\/la-vienne-au-congres-mondial-acadien\/","title":{"rendered":"La Vienne au Congr\u00e8s Mondial Acadien"},"content":{"rendered":"<p><em>Guillaume de RUSS\u00c9, Pr\u00e9sident d\u00e9l\u00e9gu\u00e9 charg\u00e9 des Relations Ext\u00e9rieures, des Grands Projets et des Fonds Europ\u00e9ens, Ga\u00ebtane MESLEM, Conseill\u00e8re Municipale de Ch\u00e2tellerault membre de la Commission Internationale, Mich\u00e8le DEBAIN, Pr\u00e9sidente de Ch\u00e2tellerault-Qu\u00e9bec-Acadie, Alexandra BAULIN-LUMINEAU, Pr\u00e9sidente de la Maison de l\u2019Acadie, et G\u00e9rard ARDON, Vice-pr\u00e9sident de l\u2019association \u00ab\u00a0Les Cousins Acadiens du Poitou\u00a0\u00bb, ont pr\u00e9sent\u00e9 le programme de l\u2019ensemble de la d\u00e9l\u00e9gation de la Vienne au Congr\u00e8s Mondial Acadien en ao\u00fbt prochain. <\/em><\/p>\n<p>Le Congr\u00e8s Mondial Acadien, grand rendez-vous de la francophonie, se d\u00e9roule sur l&rsquo;\u00eele du Prince Edouard et le Sud-Est du Nouveau Brunswick au Canada du 10 au 24 ao\u00fbt prochains. L&rsquo;\u00e9v\u00e9nement rassemble les amoureux de l&rsquo;Acadie r\u00e9partis dans le monde entier pour des retrouvailles donnant lieu \u00e0 une s\u00e9rie de rassemblements, de conf\u00e9rences et de spectacles. 300 000 \u00a0personnes y sont attendues<\/p>\n<p>Le D\u00e9partement de la Vienne a \u00e9t\u00e9 l&rsquo;un des territoires de d\u00e9part en 1632 (du Loudunais) et de retour en 1774 (dans le Ch\u00e2telleraudais) des Acadiens. Les liens forts entre les deux territoires se sont traduits par une convention sign\u00e9e en 1983 avec le Nouveau Brunswick, la pr\u00e9sence d&rsquo;un patrimoine acadien (La Chauss\u00e9e, Archigny, l&rsquo;abbaye de l&rsquo;Etoile&#8230;) et la pr\u00e9sence d&rsquo;associations qui font vivre cette m\u00e9moire\u00a0: Ch\u00e2tellerault-Qu\u00e9bec-Acadie, La Maison de l\u2019Acadie, le Cercle G\u00e9n\u00e9alogique Poitevin, Les Cousins Acadiens du Poitou\u2026<\/p>\n<p>A ce titre, le D\u00e9partement de la Vienne, la Ville de Ch\u00e2tellerault, l&rsquo;association de la Maison de l&rsquo;Acadie, l&rsquo;association Ch\u00e2tellerault Qu\u00e9bec Acadie et le Cercle G\u00e9n\u00e9alogique Poitevin ont r\u00e9pondu conjointement \u00e0 un appel \u00e0 projets propos\u00e9 par le Minist\u00e8re de l&rsquo;Europe et des Affaires Etrang\u00e8res. Leur candidature a \u00e9t\u00e9 retenue et leur permettra ainsi de b\u00e9n\u00e9ficier d&rsquo;un stand commun au sein du Village \u00ab\u00a0Extr\u00eame Fronti\u00e8re\u00a0\u00bb \u00e0 Moncton lors du Congr\u00e8s Mondial Acadien. L&rsquo;objectif est double : promouvoir l&rsquo;Acadie en Poitou, et r\u00e9ciproquement \u00a0le Poitou aupr\u00e8s des op\u00e9rateurs du tourisme et voyagistes du Nouveau Brunswick.<\/p>\n<p>Le CRITT Sports et Loisirs de Ch\u00e2tellerault sera \u00e9galement pr\u00e9sent sur le stand commun et proposera une animation avec sa mallette p\u00e9dagogique \u00ab\u00a0Sports et Sciences\u00a0\u00bb qui int\u00e9resse fortement le Coll\u00e8ge Communautaire du Nouveau Brunswick, organisme francophone.<\/p>\n<p>Le Congr\u00e8s Mondial Acadien propose \u00e9galement un volet jeunesse pour cette \u00e9dition. Une rencontre rassemblera du 14 au 17 ao\u00fbt 125 jeunes de Louisiane, du Qu\u00e9bec, des Provinces Atlantiques et de la Vienne, seul territoire fran\u00e7ais \u00e0 avoir \u00e9t\u00e9 sollicit\u00e9 pour envoyer 5 jeunes\u00a0; 3 du coll\u00e8ge Isaac de Razilly (St Jean-de-Sauves) qui fut en son temps le premier Gouverneur du Nouveau Brunswick et 2 lyc\u00e9ens de Ch\u00e2tellerault.<\/p>\n<p><strong>\u00a0<\/strong>A l\u2019occasion du d\u00e9placement au Congr\u00e8s Mondial Acadien, le D\u00e9partement de la Vienne et le Nouveau Brunswick renouvelleront leur convention de partenariat le 17 ao\u00fbt pour les 5 prochaines ann\u00e9es. Le partenariat portera sur le d\u00e9veloppement de projets dans les domaines de l\u2019\u00e9ducation, la promotion touristique et patrimoniale (en particulier du \u00ab\u00a0Fait Acadien\u00a0\u00bb en France et au Nouveau Brunswick), et l\u2019exploration des opportunit\u00e9s de coop\u00e9ration tripartite avec un pays francophone en Afrique Sub-saharienne membre de l\u2019Organisation Internationale de la Francophonie.<\/p>\n<p>&nbsp;<\/p>\n<p>&nbsp;<\/p>\n","protected":false},"excerpt":{"rendered":"<p>Guillaume de RUSS\u00c9, Ga\u00ebtane MESLEM, Mich\u00e8le DEBAIN, Alexandra BAULIN-LUMINEAU et G\u00e9rard ARDON ont pr\u00e9sent\u00e9 le programme de l\u2019ensemble de la d\u00e9l\u00e9gation de la Vienne au Congr\u00e8s Mondial Acadien &#8230;<\/p>\n","protected":false},"author":1,"featured_media":3512,"comment_status":"closed","ping_status":"open","sticky":false,"template":"","format":"standard","meta":[],"categories":[1],"tags":[25],"_links":{"self":[{"href":"https:\/\/unionpourlavienne.fr\/Union_Vienne_2016\/wordpress\/wp-json\/wp\/v2\/posts\/3511"}],"collection":[{"href":"https:\/\/unionpourlavienne.fr\/Union_Vienne_2016\/wordpress\/wp-json\/wp\/v2\/posts"}],"about":[{"href":"https:\/\/unionpourlavienne.fr\/Union_Vienne_2016\/wordpress\/wp-json\/wp\/v2\/types\/post"}],"author":[{"embeddable":true,"href":"https:\/\/unionpourlavienne.fr\/Union_Vienne_2016\/wordpress\/wp-json\/wp\/v2\/users\/1"}],"replies":[{"embeddable":true,"href":"https:\/\/unionpourlavienne.fr\/Union_Vienne_2016\/wordpress\/wp-json\/wp\/v2\/comments?post=3511"}],"version-history":[{"count":1,"href":"https:\/\/unionpourlavienne.fr\/Union_Vienne_2016\/wordpress\/wp-json\/wp\/v2\/posts\/3511\/revisions"}],"predecessor-version":[{"id":3513,"href":"https:\/\/unionpourlavienne.fr\/Union_Vienne_2016\/wordpress\/wp-json\/wp\/v2\/posts\/3511\/revisions\/3513"}],"wp:featuredmedia":[{"embeddable":true,"href":"https:\/\/unionpourlavienne.fr\/Union_Vienne_2016\/wordpress\/wp-json\/wp\/v2\/media\/3512"}],"wp:attachment":[{"href":"https:\/\/unionpourlavienne.fr\/Union_Vienne_2016\/wordpress\/wp-json\/wp\/v2\/media?parent=3511"}],"wp:term":[{"taxonomy":"category","embeddable":true,"href":"https:\/\/unionpourlavienne.fr\/Union_Vienne_2016\/wordpress\/wp-json\/wp\/v2\/categories?post=3511"},{"taxonomy":"post_tag","embeddable":true,"href":"https:\/\/unionpourlavienne.fr\/Union_Vienne_2016\/wordpress\/wp-json\/wp\/v2\/tags?post=3511"}],"curies":[{"name":"wp","href":"https:\/\/api.w.org\/{rel}","templated":true}]}}