{"id":3524,"date":"2019-08-28T16:05:35","date_gmt":"2019-08-28T15:05:35","guid":{"rendered":"http:\/\/unionpourlavienne.fr\/Union_Vienne_2016\/wordpress\/?p=3524"},"modified":"2019-08-28T16:07:53","modified_gmt":"2019-08-28T15:07:53","slug":"visite-hors-les-murs-des-usines-nouvelles-a-liguge","status":"publish","type":"post","link":"https:\/\/unionpourlavienne.fr\/Union_Vienne_2016\/wordpress\/visite-hors-les-murs-des-usines-nouvelles-a-liguge\/","title":{"rendered":"Visite hors les murs des Usines Nouvelles \u00e0 Ligug\u00e9"},"content":{"rendered":"<p><em>Dans le cadre des visites hors les murs, Bruno BELIN, Pr\u00e9sident du D\u00e9partement, et Jo\u00eblle PELTIER, Conseill\u00e8re d\u00e9partementale et Maire de Ligug\u00e9, ont visit\u00e9 les Usines Nouvelles \u00e0 Ligug\u00e9 en pr\u00e9sence des Vice-pr\u00e9sidents Marie-Ren\u00e9e DESROSES et Beno\u00eet COQUELET. La friche industrielle de la Filature a \u00e9t\u00e9 revaloris\u00e9e au travers d\u2019un projet \u00e9conomique, social et culturel d\u2019un genre nouveau.<\/em><\/p>\n<p><iframe loading=\"lazy\" style=\"width: 700px; height: 470px; max-width: 100%; overflow: hidden; border: none; padding: 0; margin: 0 auto; display: block;\" src=\"http:\/\/unionpourlavienne.fr\/2019-08-28\/index.html\" width=\"300\" height=\"150\" marginwidth=\"0\" marginheight=\"0\"><\/iframe><\/p>\n<p>Dans un cadre tr\u00e8s bois\u00e9, \u00e0 l\u2019endroit de la Filature, avenue de la Plage \u00e0 Ligug\u00e9, sont install\u00e9es les Usines Nouvelles de Ligug\u00e9.<\/p>\n<p>Les lieux sont charg\u00e9s d\u2019histoire\u00a0: jusque dans les ann\u00e9es 50, une structure industrielle cons\u00e9quente dot\u00e9e de plus de 400 ouvriers produisait de la fibre textile, des v\u00eatements et de la ficelle \u00e0 partir de chanvre. Suite \u00e0 la chute de l\u2019industrie textile du si\u00e8cle dernier, la production s\u2019est ensuite sp\u00e9cialis\u00e9e dans un domaine d\u2019activit\u00e9 diff\u00e9rent qui est celui de la fabrication de pots de yaourts. Une faillite en 1976 a transform\u00e9 le site en une friche industrielle o\u00f9 se sont exprim\u00e9s les passionn\u00e9s de roller et l\u2019art des graffitis.<\/p>\n<p>En 2011, 4 jeunes d\u2019origine professionnelles diff\u00e9rentes se sont associ\u00e9s pour cr\u00e9er une SCI et d\u00e9velopper une id\u00e9e audacieuse \u00e0 l\u2019\u00e9poque autour d\u2019un projet multi-artisanal dans un \u00ab\u00a0\u00e9cosyst\u00e8me accompagnant et multisectoriel\u00a0\u00bb.<\/p>\n<p>C\u2019est ainsi que depuis 2013 se sont install\u00e9s des entreprises du num\u00e9rique, \u0153uvrant dans les domaines du d\u00e9veloppement durable\/Environnement\/Compostage, des artisans d\u2019art, une ludoth\u00e8que, un brasseur de bi\u00e8re et un Consortium Coop\u00e9rative \u00ab\u00a0Plage 76\u00a0\u00bb avec galeries et boutiques en 2015.<\/p>\n<p>L\u2019objectif \u00e9tait de r\u00e9pondre aux besoins d\u2019un territoire. Sur une surface de 2 ha et 10\u00a0000 m\u00b2 d\u2019usine en friche, en 5 ans le tiers de la surface b\u00e2tie a \u00e9t\u00e9 am\u00e9nag\u00e9e, 25 entreprises ont \u00e9t\u00e9 accueillies, repr\u00e9sentant 40 ETP. Des services mutualis\u00e9s pour permettre le d\u00e9veloppement de ces entreprises ont vu le jour et un projet d\u2019am\u00e9nagement du b\u00e2timent principal de l\u2019ancienne Filature est \u00e0 l\u2019\u00e9tude. La remise en valeur du patrimoine industriel est devenue une priorit\u00e9.<\/p>\n<p>\u00ab\u00a0<em>En tout, adh\u00e9rents, le Fablab port\u00e9 par l\u2019association AY128 soutenu par le D\u00e9partement, entreprises et Consortium Coop\u00e9rative inclus, cela repr\u00e9sente plus de 250 personnes travaillant sur ce site priv\u00e9. La qualit\u00e9 de vie au travail dans la compl\u00e9mentarit\u00e9 est devenue une ligne directive. Il n\u2019y a pas d\u2019\u00e9quivalent dans la R\u00e9gion Nouvelle-Aquitaine<\/em>\u00a0\u00bb a pr\u00e9cis\u00e9 Jo\u00eblle PELTIER.<\/p>\n<p>Au questionnement relatif aux perspectives de 2025, a \u00e9t\u00e9 r\u00e9pondu le doublement de la surface b\u00e2tie occup\u00e9e (passant \u00e0 6\u00a0000 m\u00b2), la diversification vers l\u2019axe touristique et culturel avec ouverture au grand public, la mise en valeur de l\u2019histoire du site et le d\u00e9veloppement des \u00e9nergies renouvelables avec l\u2019installation d\u2019une centrale hydro\u00e9lectrique \u00e0 vis sans fin et de panneaux photovolta\u00efques rappelant les ardoises du toit du b\u00e2timent principal. 1 M\u20ac d\u2019investissements seront n\u00e9cessaires \u00e0 leur programmation.<\/p>\n<p>\u00ab\u00a0<em>Les Usines Nouvelles de Ligug\u00e9 sont d\u00e9sormais reconnues au niveau national comme un mod\u00e8le de transversalit\u00e9<\/em>\u00a0\u00bb a conclu Bruno BELIN.<\/p>\n<p>&nbsp;<\/p>\n","protected":false},"excerpt":{"rendered":"<p>Dans le cadre des visites hors les murs, Bruno BELIN et Jo\u00eblle PELTIER ont visit\u00e9 les Usines Nouvelles \u00e0 Ligug\u00e9&#8230;<\/p>\n","protected":false},"author":1,"featured_media":3525,"comment_status":"closed","ping_status":"open","sticky":false,"template":"","format":"standard","meta":[],"categories":[68,81],"tags":[16,19,31,34],"_links":{"self":[{"href":"https:\/\/unionpourlavienne.fr\/Union_Vienne_2016\/wordpress\/wp-json\/wp\/v2\/posts\/3524"}],"collection":[{"href":"https:\/\/unionpourlavienne.fr\/Union_Vienne_2016\/wordpress\/wp-json\/wp\/v2\/posts"}],"about":[{"href":"https:\/\/unionpourlavienne.fr\/Union_Vienne_2016\/wordpress\/wp-json\/wp\/v2\/types\/post"}],"author":[{"embeddable":true,"href":"https:\/\/unionpourlavienne.fr\/Union_Vienne_2016\/wordpress\/wp-json\/wp\/v2\/users\/1"}],"replies":[{"embeddable":true,"href":"https:\/\/unionpourlavienne.fr\/Union_Vienne_2016\/wordpress\/wp-json\/wp\/v2\/comments?post=3524"}],"version-history":[{"count":2,"href":"https:\/\/unionpourlavienne.fr\/Union_Vienne_2016\/wordpress\/wp-json\/wp\/v2\/posts\/3524\/revisions"}],"predecessor-version":[{"id":3527,"href":"https:\/\/unionpourlavienne.fr\/Union_Vienne_2016\/wordpress\/wp-json\/wp\/v2\/posts\/3524\/revisions\/3527"}],"wp:featuredmedia":[{"embeddable":true,"href":"https:\/\/unionpourlavienne.fr\/Union_Vienne_2016\/wordpress\/wp-json\/wp\/v2\/media\/3525"}],"wp:attachment":[{"href":"https:\/\/unionpourlavienne.fr\/Union_Vienne_2016\/wordpress\/wp-json\/wp\/v2\/media?parent=3524"}],"wp:term":[{"taxonomy":"category","embeddable":true,"href":"https:\/\/unionpourlavienne.fr\/Union_Vienne_2016\/wordpress\/wp-json\/wp\/v2\/categories?post=3524"},{"taxonomy":"post_tag","embeddable":true,"href":"https:\/\/unionpourlavienne.fr\/Union_Vienne_2016\/wordpress\/wp-json\/wp\/v2\/tags?post=3524"}],"curies":[{"name":"wp","href":"https:\/\/api.w.org\/{rel}","templated":true}]}}