{"id":3532,"date":"2019-09-05T11:17:45","date_gmt":"2019-09-05T10:17:45","guid":{"rendered":"http:\/\/unionpourlavienne.fr\/Union_Vienne_2016\/wordpress\/?p=3532"},"modified":"2019-09-06T11:19:28","modified_gmt":"2019-09-06T10:19:28","slug":"%e2%91%a2%e2%91%a8%e2%91%a0%e2%91%a8-arretons-les-violences","status":"publish","type":"post","link":"https:\/\/unionpourlavienne.fr\/Union_Vienne_2016\/wordpress\/%e2%91%a2%e2%91%a8%e2%91%a0%e2%91%a8-arretons-les-violences\/","title":{"rendered":"\u2462\u2468\u2460\u2468 Arr\u00eatons les violences"},"content":{"rendered":"<p>En d\u00e9but de Commission Permanente, Bruno BELIN, Pr\u00e9sident du D\u00e9partement, est revenu sur le tragique \u00e9v\u00e9nement survenu r\u00e9cemment \u00e0 la suite de violences conjugales. Il a apport\u00e9 son soutien \u00e0 la famille de la victime et pr\u00e9cis\u00e9 que les services du D\u00e9partement sont sensibilis\u00e9s \u00e0 cette probl\u00e9matique qui sera prise en consid\u00e9ration dans le Sch\u00e9ma des Solidarit\u00e9s.<\/p>\n<p>\u00ab\u00a0<em>Il faut accompagner le plus possible et avec la plus grande d\u00e9termination les victimes. Cela va de l\u2019incitation \u00e0 l\u2019accompagnement physique \u00e0 la demande de plainte. On voit bien que c\u2019est la branche fragile. Les Services du D\u00e9partement ont bien cette consigne pour que cette d\u00e9marche soit enclench\u00e9e. L\u2019utilit\u00e9 des assistantes sociales est ici bien d\u00e9montr\u00e9e. Il faut continuer \u00e0 faire mieux et plus afin que le compteur de ces assassinats baisse. C\u2019est notre volont\u00e9 de prendre cette th\u00e9matique en consid\u00e9ration dans le Sch\u00e9ma des Solidarit\u00e9s que nous adopterons en d\u00e9cembre prochain. Nous devons \u00eatre acteur avec force et il faut qu\u2019il y ait dans ce sch\u00e9ma un axe sur la lutte contre les violences conjugales. Le D\u00e9partement et l\u2019ensemble des travailleurs sociaux seront mobilis\u00e9s. Je vais organiser sans d\u00e9lai avec Madame la Pr\u00e9f\u00e8te un tout de table avec les services de Police et de Gendarmerie, le Procureur de la R\u00e9publique et l\u2019Etat pour qu\u2019il y ait un lieu de partage d\u2019informations afin d\u2019\u00eatre plus efficace. Je demanderai \u00e9galement \u00e0 y associer les bailleurs sociaux car l\u2019urgence du logement est capitale dans ce cas pr\u00e9cis. Je rappelle qu\u2019il y a un num\u00e9ro de t\u00e9l\u00e9phone, le 3919. Nous allons, par nos moyens de communication, continuer \u00e0 diffuser ces informations car ces comportements sont inqualifiables et qu\u2019il en va de notre responsabilit\u00e9 publique<\/em>\u00a0\u00bb a pr\u00e9cis\u00e9 Bruno BELIN en introduction \u00e0 la Commission Permanente.<\/p>\n<p>&nbsp;<\/p>\n<p>&nbsp;<\/p>\n","protected":false},"excerpt":{"rendered":"<p>Bruno BELIN est revenu sur le tragique \u00e9v\u00e9nement survenu r\u00e9cemment \u00e0 la suite de violences conjugales. Il a apport\u00e9 son soutien \u00e0 la famille de la victime et pr\u00e9cis\u00e9 que les services du D\u00e9partement sont sensibilis\u00e9s \u00e0 cette probl\u00e9matique qui sera prise en consid\u00e9ration dans le Sch\u00e9ma des Solidarit\u00e9s&#8230;<\/p>\n","protected":false},"author":1,"featured_media":3533,"comment_status":"closed","ping_status":"open","sticky":false,"template":"","format":"standard","meta":[],"categories":[1],"tags":[19],"_links":{"self":[{"href":"https:\/\/unionpourlavienne.fr\/Union_Vienne_2016\/wordpress\/wp-json\/wp\/v2\/posts\/3532"}],"collection":[{"href":"https:\/\/unionpourlavienne.fr\/Union_Vienne_2016\/wordpress\/wp-json\/wp\/v2\/posts"}],"about":[{"href":"https:\/\/unionpourlavienne.fr\/Union_Vienne_2016\/wordpress\/wp-json\/wp\/v2\/types\/post"}],"author":[{"embeddable":true,"href":"https:\/\/unionpourlavienne.fr\/Union_Vienne_2016\/wordpress\/wp-json\/wp\/v2\/users\/1"}],"replies":[{"embeddable":true,"href":"https:\/\/unionpourlavienne.fr\/Union_Vienne_2016\/wordpress\/wp-json\/wp\/v2\/comments?post=3532"}],"version-history":[{"count":1,"href":"https:\/\/unionpourlavienne.fr\/Union_Vienne_2016\/wordpress\/wp-json\/wp\/v2\/posts\/3532\/revisions"}],"predecessor-version":[{"id":3534,"href":"https:\/\/unionpourlavienne.fr\/Union_Vienne_2016\/wordpress\/wp-json\/wp\/v2\/posts\/3532\/revisions\/3534"}],"wp:featuredmedia":[{"embeddable":true,"href":"https:\/\/unionpourlavienne.fr\/Union_Vienne_2016\/wordpress\/wp-json\/wp\/v2\/media\/3533"}],"wp:attachment":[{"href":"https:\/\/unionpourlavienne.fr\/Union_Vienne_2016\/wordpress\/wp-json\/wp\/v2\/media?parent=3532"}],"wp:term":[{"taxonomy":"category","embeddable":true,"href":"https:\/\/unionpourlavienne.fr\/Union_Vienne_2016\/wordpress\/wp-json\/wp\/v2\/categories?post=3532"},{"taxonomy":"post_tag","embeddable":true,"href":"https:\/\/unionpourlavienne.fr\/Union_Vienne_2016\/wordpress\/wp-json\/wp\/v2\/tags?post=3532"}],"curies":[{"name":"wp","href":"https:\/\/api.w.org\/{rel}","templated":true}]}}